{"id":27261751,"date":"2018-07-04T07:53:17","date_gmt":"2018-07-04T07:53:17","guid":{"rendered":"https:\/\/www.upo.es\/diario\/?p=27261751"},"modified":"2020-10-27T13:00:56","modified_gmt":"2020-10-27T12:00:56","slug":"andalucia-genera-mas-de-10-millones-de-toneladas-de-residuos-cada-ano-y-un-tercio-son-de-gestion-municipal","status":"publish","type":"post","link":"https:\/\/www.upo.es\/diario\/cursos-verano\/2018\/07\/andalucia-genera-mas-de-10-millones-de-toneladas-de-residuos-cada-ano-y-un-tercio-son-de-gestion-municipal\/","title":{"rendered":"Andaluc\u00eda genera m\u00e1s de 10 millones de toneladas de residuos cada a\u00f1o y un tercio son de gesti\u00f3n municipal"},"content":{"rendered":"<figure id=\"attachment_27261752\" aria-describedby=\"caption-attachment-27261752\" style=\"width: 600px\" class=\"wp-caption aligncenter\"><a href=\"https:\/\/www.upo.es\/diario\/wp-content\/uploads\/2018\/07\/Leandro-Sequeiro.-XVI-Cursos-de-Verano-UPO-7427.jpg\"><img loading=\"lazy\" decoding=\"async\" class=\"size-large wp-image-27261752\" alt=\"Leandro Sequeiros durante su ponencia en Carmona\" src=\"https:\/\/www.upo.es\/diario\/wp-content\/uploads\/2018\/07\/Leandro-Sequeiro.-XVI-Cursos-de-Verano-UPO-7427-600x400.jpg\" width=\"600\" height=\"400\" \/><\/a><figcaption id=\"caption-attachment-27261752\" class=\"wp-caption-text\">Leandro Sequeiros durante su ponencia en Carmona<\/figcaption><\/figure>\n<p>Andaluc\u00eda genera cada a\u00f1o m\u00e1s de 10 millones de toneladas de residuos, a las que hay sumar otras cuatro que aparecen durante el propio proceso de la gesti\u00f3n de los residuos. La mayor\u00eda \u2013un 33 por ciento\u2013 corresponden a la competencia municipal, mientras que un 12 por ciento son industriales. Son algunos de los datos aportados esta ma\u00f1ana por <b>Leandro Sequeiros<\/b>, jefe de Servicio de Residuos y Calidad del Suelo de la Consejer\u00eda de Medio Ambiente y Ordenaci\u00f3n del Territorio de la Junta de Andaluc\u00eda, quien ha animado a la ciudadan\u00eda a colaborar para conseguir los objetivos que propugna la bioeconom\u00eda circular.<\/p>\n<p>Sequeiros ha hecho estas declaraciones en el transcurso de la conferencia \u2018Gesti\u00f3n de residuos en la comunidad aut\u00f3noma de Andaluc\u00eda\u2019, que ha pronunciado dentro del curso sobre \u2018<b>Bioeconom\u00eda circular<\/b>\u2019 que se imparte hasta este mi\u00e9rcoles en Carmona dentro de la programaci\u00f3n de la XVI edici\u00f3n de los <b>Cursos de Verano de la Universidad Pablo de Olavide<\/b>.<\/p>\n<p>En cuanto al destino de los residuos generados, \u201cse consigue la revalorizaci\u00f3n del 64 por ciento, mientras que el 36 por ciento restante es eliminado, lo que significa que se revalorizan 1,8 toneladas por cada tonelada eliminada, en el caso de los residuos no peligrosos\u201d, ha matizado. La mayor\u00eda de los residuos que se generan son de competencia municipal, de los cuales el 42 por ciento corresponde a materia org\u00e1nica, el 15 por ciento es papel y cart\u00f3n, el 9 por ciento es pl\u00e1stico y un 8 por ciento, vidrio.<\/p>\n<p>El jefe de Servicio de la Consejer\u00eda ha destacado que uno de los grandes problemas a los que se enfrenta la gesti\u00f3n de residuos lo constituyen los \u201crestos vegetales\u201d procedentes de la actividad agraria debido a las dimensiones que este sector econ\u00f3mico tiene en Andaluc\u00eda, con 4,5 millones de hect\u00e1reas cultivadas. En este sentido, ha puesto de relieve que cada a\u00f1o se genera un mill\u00f3n de toneladas de restos vegetales, con el inconveniente a\u00f1adido de que \u201cno se produce de forma escalonada sino al finalizar las campa\u00f1as agr\u00edcolas\u201d, fundamentalmente entre los meses de mayo y junio -cuando se acumula un 70 por ciento de los restos vegetales- y tambi\u00e9n en el mes de febrero, despu\u00e9s de las campa\u00f1as de invierno.<\/p>\n<p>Los principales problemas de generaci\u00f3n de restos vegetales se concentran en los invernaderos de la provincia de Almer\u00eda y en la zona de Poniente, donde los profesionales tienen que batallar con materiales residuales entre los restos vegetales, \u201ccomo rafia de polipropileno\u201d, con transportes no habilitados \u201co con la falta de espacio disponible y el horario limitado de las instalaciones\u201d, ha enumerado.<\/p>\n<p>Entre los retos a los que se enfrenta la gesti\u00f3n de residuos, Leandro Sequeiros ha se\u00f1alado el \u201cm\u00e1ximo aprovechamiento de los productos\u201d, que se podr\u00eda conseguir facilitando la reparaci\u00f3n de estos con una bajada del IVA de las reparaciones, \u201ccomo ha hecho Suecia, que ha reducido el IVA del 25 al 12 por ciento\u201d, ha puesto como ejemplo. Asimismo, ha destacado otros retos tales como los \u201cintereses econ\u00f3micos de los agentes intervinientes\u201d o la \u201cconcienciaci\u00f3n de todas las partes\u201d, sin obviar la \u201cfiscalidad ecol\u00f3gica\u201d.<\/p>\n<p>Por \u00faltimo, ha presentado un proyecto piloto de econom\u00eda circular que la Consejer\u00eda de Medio Ambiente desarrolla en la Sierra de C\u00e1diz, una comarca que engloba a 120.000 habitantes en 19 municipios. El experto ha asegurado que esta experiencia persigue la \u201cimplantaci\u00f3n de nuevas empresas de gesti\u00f3n de residuos, la creaci\u00f3n de empleo, el aprovechamiento de residuos en la propia zona y el cumplimiento de objetivos ambientales\u201d y que se tratar\u00e1 de exportar para su implantaci\u00f3n en zonas protegidas de la comunidad aut\u00f3noma.<\/p>\n<p>El objetivo de iniciativas como \u00e9sta es transitar desde un modelo econ\u00f3mico lineal hacia una econom\u00eda circular que trata de \u201cdevolver al circuito todo lo que se pueda, reducir el consumo y el desperdicio de materias primas, agua y fuentes de energ\u00eda\u201d. En este sentido, Sequeiros ha asegurado que \u201clos residuos son recursos\u201d, al tiempo que ha puesto de manifiesto que para lograr los objetivos de la econom\u00eda circular es precisa la colaboraci\u00f3n ciudadana, pero tambi\u00e9n \u201cun nuevo dise\u00f1o de productos, nuevos modelos de producci\u00f3n, de consumo y de gesti\u00f3n de recursos\u201d, ha enfatizado.<\/p>\n","protected":false},"excerpt":{"rendered":"<p>Andaluc\u00eda genera cada a\u00f1o m\u00e1s de 10 millones de toneladas de residuos, a las que hay sumar otras cuatro que aparecen durante el propio proceso de la gesti\u00f3n de los residuos. La mayor\u00eda \u2013un 33 por ciento\u2013 corresponden a la competencia municipal, mientras que un 12 por ciento son industriales. Son algunos de los datos aportados esta ma\u00f1ana por Leandro Sequeiros, jefe de Servicio de Residuos y Calidad del Suelo de la Consejer\u00eda de Medio Ambiente y Ordenaci\u00f3n del Territorio de la Junta de Andaluc\u00eda, quien ha animado a la ciudadan\u00eda a colaborar para conseguir los objetivos que propugna la bioeconom\u00eda circular.<\/p>\n","protected":false},"author":14,"featured_media":0,"comment_status":"closed","ping_status":"open","sticky":false,"template":"","format":"standard","meta":{"_monsterinsights_skip_tracking":false,"_monsterinsights_sitenote_active":false,"_monsterinsights_sitenote_note":"","_monsterinsights_sitenote_category":0,"footnotes":""},"categories":[729],"tags":[190,5303,3654,203,5316,3318],"class_list":["post-27261751","post","type-post","status-publish","format-standard","hentry","category-cursos-verano","tag-andalucia","tag-bioeconomia","tag-consejeria-de-medio-ambiente","tag-junta-de-andalucia","tag-leandro-sequeiros","tag-residuos"],"_links":{"self":[{"href":"https:\/\/www.upo.es\/diario\/wp-json\/wp\/v2\/posts\/27261751","targetHints":{"allow":["GET"]}}],"collection":[{"href":"https:\/\/www.upo.es\/diario\/wp-json\/wp\/v2\/posts"}],"about":[{"href":"https:\/\/www.upo.es\/diario\/wp-json\/wp\/v2\/types\/post"}],"author":[{"embeddable":true,"href":"https:\/\/www.upo.es\/diario\/wp-json\/wp\/v2\/users\/14"}],"replies":[{"embeddable":true,"href":"https:\/\/www.upo.es\/diario\/wp-json\/wp\/v2\/comments?post=27261751"}],"version-history":[{"count":1,"href":"https:\/\/www.upo.es\/diario\/wp-json\/wp\/v2\/posts\/27261751\/revisions"}],"predecessor-version":[{"id":30862623,"href":"https:\/\/www.upo.es\/diario\/wp-json\/wp\/v2\/posts\/27261751\/revisions\/30862623"}],"wp:attachment":[{"href":"https:\/\/www.upo.es\/diario\/wp-json\/wp\/v2\/media?parent=27261751"}],"wp:term":[{"taxonomy":"category","embeddable":true,"href":"https:\/\/www.upo.es\/diario\/wp-json\/wp\/v2\/categories?post=27261751"},{"taxonomy":"post_tag","embeddable":true,"href":"https:\/\/www.upo.es\/diario\/wp-json\/wp\/v2\/tags?post=27261751"}],"curies":[{"name":"wp","href":"https:\/\/api.w.org\/{rel}","templated":true}]}}