{"id":27263467,"date":"2018-07-04T00:56:30","date_gmt":"2018-07-03T22:56:30","guid":{"rendered":"https:\/\/www.upo.es\/diario\/?p=27263467"},"modified":"2020-10-27T16:20:42","modified_gmt":"2020-10-27T15:20:42","slug":"concierto-benefico-la-noche-magica-de-la-zarzuela-para-clausurar-los-cursos-de-verano-2018-en-carmona","status":"publish","type":"post","link":"https:\/\/www.upo.es\/diario\/cultura\/2018\/07\/concierto-benefico-la-noche-magica-de-la-zarzuela-para-clausurar-los-cursos-de-verano-2018-en-carmona\/","title":{"rendered":"Concierto ben\u00e9fico \u2018La noche m\u00e1gica de la Zarzuela\u2019 para clausurar los Cursos de Verano 2018 en Carmona"},"content":{"rendered":"<p><a href=\"https:\/\/www.upo.es\/diario\/wp-content\/uploads\/2018\/07\/cartel_Zarzuela.jpg\"><img loading=\"lazy\" decoding=\"async\" class=\"alignright size-medium wp-image-27263471\" alt=\"cartel_Zarzuela\" src=\"https:\/\/www.upo.es\/diario\/wp-content\/uploads\/2018\/07\/cartel_Zarzuela-227x320.jpg\" width=\"227\" height=\"320\" \/><\/a>Los <b>Cursos de Verano de la Universidad Pablo de Olavide<\/b> que se vienen celebrando en la sede universitaria de Carmona desde el pasado 18 de junio culminar\u00e1n su XVI edici\u00f3n, correspondiente a este 2018, con el concierto ben\u00e9fico \u2018<b>La noche m\u00e1gica de la Zarzuela<\/b>\u2019, que tendr\u00e1 lugar el jueves 12 de julio a las 22:00 horas en la Plaza de Abastos de la ciudad.<\/p>\n<p>La <b>Compa\u00f1\u00eda Sevillana de Zarzuela<\/b> pone en escena el espect\u00e1culo \u2018La noche m\u00e1gica de la Zarzuela\u2019 como clausura de los XVI Cursos de Verano de la UPO en Carmona a beneficio del Economato Social El Carmen, Hermandad de la Columna, Hermandad de Nuestra Se\u00f1ora la Sant\u00edsima Virgen de Gracia y la Asociaci\u00f3n Alzheimer Virgen de Gracia.<\/p>\n<p>El concierto ben\u00e9fico est\u00e1 organizado por la Sede Olavide en Carmona Rectora Rosario Valpuesta, la Fundaci\u00f3n Universidad Pablo de Olavide, la Delegaci\u00f3n de Cultura, Patrimonio Hist\u00f3rico y Turismo del Ayuntamiento de Carmona, Expansi\u00f3n Cultural y la Compa\u00f1\u00eda Sevillana de Zarzuela. Asimismo, colaboran las empresas Carmonagr\u00e1fica, Sillas Manolo, Carpas Ram\u00f3n Gavira, Caf\u00e9 Bar Santa Catalina, Divinoteca Al-\u00c1ngelus, Vinoteca El Claustro y Bar Abacer\u00eda La Trastienda.<\/p>\n<p>La entrada al recinto de la Plaza de Abastos se har\u00e1 mediante un donativo de 10 euros. La venta anticipada de entradas se realiza en la Sede Olavide en Carmona \u2013 Rectora Rosario Valpuesta, en la Joyer\u00eda Juan Cintado y en Juan Antonio Jim\u00e9nez (iglesia de Santa Mar\u00eda), aunque tambi\u00e9n se pueden adquirir en taquilla desde dos horas antes del concierto.<\/p>\n<p>\u2018La noche m\u00e1gica de la Zarzuela\u2019 vendr\u00e1 a poner punto final a los Cursos de Verano de la UPO en Carmona, que en su decimosexta edici\u00f3n ha programado un total de 36 seminarios entre el 18 de junio y el 13 de julio. Adem\u00e1s, el lunes 16 de julio comenzar\u00e1 el Curso de Arqueolog\u00eda de campo, que se impartir\u00e1 hasta el 10 de agosto.<\/p>\n","protected":false},"excerpt":{"rendered":"<p>Los Cursos de Verano de la Universidad Pablo de Olavide que se vienen celebrando en la sede universitaria de Carmona desde el pasado 18 de junio culminar\u00e1n su XVI edici\u00f3n, correspondiente a este 2018, con el concierto ben\u00e9fico \u2018La noche m\u00e1gica de la Zarzuela\u2019, que tendr\u00e1 lugar el jueves 12 de julio a las 22:00 horas en la Plaza de Abastos de la ciudad. La Compa\u00f1\u00eda Sevillana de Zarzuela pone en escena el espect\u00e1culo \u2018La noche m\u00e1gica de la Zarzuela\u2019 como clausura de los XVI Cursos de Verano de la UPO en Carmona a beneficio del Economato Social El Carmen, Hermandad de la Columna, Hermandad de Nuestra Se\u00f1ora la Sant\u00edsima Virgen de Gracia y la Asociaci\u00f3n Alzheimer Virgen de Gracia.<\/p>\n","protected":false},"author":14,"featured_media":0,"comment_status":"closed","ping_status":"open","sticky":false,"template":"","format":"standard","meta":{"_monsterinsights_skip_tracking":false,"_monsterinsights_sitenote_active":false,"_monsterinsights_sitenote_note":"","_monsterinsights_sitenote_category":0,"footnotes":""},"categories":[7],"tags":[5325,5324,5322,22,3912,519,5323,3609],"class_list":["post-27263467","post","type-post","status-publish","format-standard","hentry","category-cultura","tag-ayuntamiento-de-carmona","tag-compania-sevillana-de-zarzuela","tag-concierto-benefico","tag-cursos-de-verano","tag-fundacion-upo","tag-olavide-en-carmona","tag-plaza-de-abastos-de-carmona","tag-zarzuela"],"_links":{"self":[{"href":"https:\/\/www.upo.es\/diario\/wp-json\/wp\/v2\/posts\/27263467","targetHints":{"allow":["GET"]}}],"collection":[{"href":"https:\/\/www.upo.es\/diario\/wp-json\/wp\/v2\/posts"}],"about":[{"href":"https:\/\/www.upo.es\/diario\/wp-json\/wp\/v2\/types\/post"}],"author":[{"embeddable":true,"href":"https:\/\/www.upo.es\/diario\/wp-json\/wp\/v2\/users\/14"}],"replies":[{"embeddable":true,"href":"https:\/\/www.upo.es\/diario\/wp-json\/wp\/v2\/comments?post=27263467"}],"version-history":[{"count":1,"href":"https:\/\/www.upo.es\/diario\/wp-json\/wp\/v2\/posts\/27263467\/revisions"}],"predecessor-version":[{"id":27264607,"href":"https:\/\/www.upo.es\/diario\/wp-json\/wp\/v2\/posts\/27263467\/revisions\/27264607"}],"wp:attachment":[{"href":"https:\/\/www.upo.es\/diario\/wp-json\/wp\/v2\/media?parent=27263467"}],"wp:term":[{"taxonomy":"category","embeddable":true,"href":"https:\/\/www.upo.es\/diario\/wp-json\/wp\/v2\/categories?post=27263467"},{"taxonomy":"post_tag","embeddable":true,"href":"https:\/\/www.upo.es\/diario\/wp-json\/wp\/v2\/tags?post=27263467"}],"curies":[{"name":"wp","href":"https:\/\/api.w.org\/{rel}","templated":true}]}}