{"id":27274742,"date":"2018-07-05T07:29:46","date_gmt":"2018-07-05T05:29:46","guid":{"rendered":"https:\/\/www.upo.es\/diario\/?p=27274742"},"modified":"2020-10-27T16:21:16","modified_gmt":"2020-10-27T15:21:16","slug":"pepa-bueno-alerta-de-una-regresion-en-el-ambito-de-la-igualdad-de-las-mujeres-en-los-medios-audiovisuales","status":"publish","type":"post","link":"https:\/\/www.upo.es\/diario\/cursos-verano\/2018\/07\/pepa-bueno-alerta-de-una-regresion-en-el-ambito-de-la-igualdad-de-las-mujeres-en-los-medios-audiovisuales\/","title":{"rendered":"Pepa Bueno alerta de una \u201cregresi\u00f3n\u201d en el \u00e1mbito de la igualdad de las mujeres en los medios audiovisuales"},"content":{"rendered":"<figure id=\"attachment_27274743\" aria-describedby=\"caption-attachment-27274743\" style=\"width: 600px\" class=\"wp-caption aligncenter\"><a href=\"https:\/\/www.upo.es\/diario\/wp-content\/uploads\/2018\/07\/Mesa-redonda.jpg\"><img loading=\"lazy\" decoding=\"async\" class=\"size-large wp-image-27274743\" alt=\"De izquierda a derecha: Laura Freixas, Nuria Capdevila-Arg\u00fcelles, Amparo Rubiales y Pepa Bueno\" src=\"https:\/\/www.upo.es\/diario\/wp-content\/uploads\/2018\/07\/Mesa-redonda-600x400.jpg\" width=\"600\" height=\"400\" \/><\/a><figcaption id=\"caption-attachment-27274743\" class=\"wp-caption-text\">De izquierda a derecha: Laura Freixas, Nuria Capdevila-Arg\u00fcelles, Amparo Rubiales y Pepa Bueno<\/figcaption><\/figure>\n<p>La periodista <b>Pepa Bueno<\/b> advierte de que en la actualidad se est\u00e1 dando una \u201cregresi\u00f3n brutal clar\u00edsima\u201d contra la igualdad de la mujer que se percibe sobre todo en los medios audiovisuales, donde las presentadoras de televisi\u00f3n \u201cson todas j\u00f3venes, delgadas y con melena\u201d y adem\u00e1s \u201ccomo se tienen que hacer perdonar el molde, son list\u00edsimas\u201d, ha criticado. S\u00f3lo se permite en el caso de otro estereotipo, el de la \u201cgraciosilla\u201d. En el caso de las mujeres mayores, \u201cni siquiera existen, porque son el \u00faltimo anatema del patriarcado en todos los \u00e1mbitos\u201d.<\/p>\n<p>La directora de \u2018Hoy por hoy\u2019 de la Cadena SER, programa que ha realizado en directo desde la Casa Palacio de los Briones de Carmona, ha hecho estas declaraciones en el transcurso de su intervenci\u00f3n en la mesa redonda \u2018Poder y legitimaci\u00f3n neoliberal\u2019, en la que ha participado junto a la escritora <b>Laura Freixas<\/b> y la fil\u00f3loga <b>Nuria Capdevila-Arg\u00fcelles<\/b>. La mesa ha sido moderada por <b>Amparo Rubiales<\/b>, presidenta del Consejo Social de la UPO, entidad que patrocina el curso \u2018<b>La mercantilizaci\u00f3n de los cuerpos y las vidas de las mujeres<\/b>\u2019 en Carmona.<\/p>\n<p>Bueno se ha referido tambi\u00e9n al acoso machista sufrido por una periodista que cubre el Mundial de Rusia asegurando no recordar \u201cun acceso al cuerpo de las periodistas de manera tan descarada\u201d, al margen del \u201crevoloteo\u201d que siempre han padecido las \u201cbecarias\u201d en las redacciones y se ha preguntado si no se tratar\u00e1 de la \u201ccontrarrevoluci\u00f3n\u201d del patriarcado como reacci\u00f3n a los avances conseguidos por el movimiento feminista a partir del \u00faltimo 8M.<\/p>\n<p>La periodista ha recordado sus inicios profesionales en los a\u00f1os 80, cuando lleg\u00f3 a \u201credacciones llenas de mujeres y despachos llenos de hombres\u201d y c\u00f3mo a las locutoras se les ped\u00eda una voz \u201cacariciadora, cantarina y suave\u201d para dar paso \u201ca los textos que escrib\u00edan sus compa\u00f1eros\u201d. Seg\u00fan ha explicado, el <i>prime time<\/i> informativo de radio y televisi\u00f3n \u201csiempre hab\u00eda sido ocupado por hombres\u201d, al igual que ocurre con los espacios de opini\u00f3n, de los que ha dicho que a pesar de contar en su programa con algunas de las principales analistas pol\u00edticas del pa\u00eds \u201cno se las cita porque no se las reconoce como fuentes de autoridad en el \u00e1mbito de la opini\u00f3n\u201d.<\/p>\n<p>Pese a haber asegurado que las empresas informativas \u201creproducen los estereotipos\u201d sobre las mujeres, cree que \u201cser\u00e1 muy dif\u00edcil que en las redacciones se d\u00e9 un retroceso\u201d y que las resistencias est\u00e1n m\u00e1s en las \u201cjerarqu\u00edas\u201d y que \u201cquienes despreciaban el potencial del 8M ignoraban que ya hab\u00eda reductos de poder \u2013todav\u00eda precario, fr\u00e1gil y reversible- de la mujer en los medios que han multiplicado el mensaje y la movilizaci\u00f3n del 8M\u201d. Aunque ha advertido que \u201cdespu\u00e9s del pico viene una reacci\u00f3n\u201d que se percibe en el \u201cacoso que sufrimos a trav\u00e9s de las redes sociales, sobre todo las mujeres que estamos m\u00e1s expuestas\u201d, ha matizado.<\/p>\n<p>La escritora, cr\u00edtica literaria y articulista Laura Freixas, por su parte, ha realizado un an\u00e1lisis mediante im\u00e1genes publicitarias y de actualidad para mostrar que las mujeres \u201cse representan estereotipadas y s\u00f3lo existen en la medida en que los hombres las desean; son s\u00f3lo un cuerpo y encarnaci\u00f3n de la fantas\u00eda masculina\u201d, ha afirmado. En este sentido, ha subrayado durante su intervenci\u00f3n en la mesa redonda que en el \u201cimaginario patriarcal\u201d, las mujeres son \u201cobjetos al servicio de los sujetos masculinos\u201d.<\/p>\n<p>Por \u00faltimo, la doctora Nuria Capdevilla-Arg\u00fcelles, catedr\u00e1tica de Estudios Hisp\u00e1nicos y de G\u00e9nero en la Universidad de Exeter (Reino Unido), ha recordado que en 2017 se cumplieron 10 a\u00f1os de la Ley de Igualdad y el t\u00e9rmino \u201cfeminismo\u201d fue el m\u00e1s buscado en Internet, pero ha reconocido sentir \u201cmiedo\u201d porque \u201ccada vez que avanzamos nos dan un bofet\u00f3n y sufrimos un retroceso\u201d, ha lamentado. La fil\u00f3loga, que lleva dos d\u00e9cadas dedicada a \u201cintentar comprender la vida de las mujeres\u201d a lo largo de la historia, ha recordado que la ensayista <b>Mar\u00eda Campo Alange<\/b> (1902-1986), autora de la primera historia del feminismo espa\u00f1ol, ya habl\u00f3 de la \u201cagon\u00eda del patriarcado\u201d, ante lo que ha pedido precauci\u00f3n \u201cporque agonizante no es muerto\u201d, ha advertido.<\/p>\n","protected":false},"excerpt":{"rendered":"<p>La periodista Pepa Bueno advierte de que en la actualidad se est\u00e1 dando una \u201cregresi\u00f3n brutal clar\u00edsima\u201d contra la igualdad de la mujer que se percibe sobre todo en los medios audiovisuales, donde las presentadoras de televisi\u00f3n \u201cson todas j\u00f3venes, delgadas y con melena\u201d y adem\u00e1s \u201ccomo se tienen que hacer perdonar el molde, son list\u00edsimas\u201d, ha criticado. S\u00f3lo se permite en el caso de otro estereotipo, el de la \u201cgraciosilla\u201d. En el caso de las mujeres mayores, \u201cni siquiera existen, porque son el \u00faltimo anatema del patriarcado en todos los \u00e1mbitos\u201d.<\/p>\n","protected":false},"author":14,"featured_media":0,"comment_status":"closed","ping_status":"open","sticky":false,"template":"","format":"standard","meta":{"_monsterinsights_skip_tracking":false,"_monsterinsights_sitenote_active":false,"_monsterinsights_sitenote_note":"","_monsterinsights_sitenote_category":0,"footnotes":""},"categories":[729],"tags":[22,890,984,1053,519,5328,1996],"class_list":["post-27274742","post","type-post","status-publish","format-standard","hentry","category-cursos-verano","tag-cursos-de-verano","tag-feminismo","tag-medios-de-comunicacion","tag-mujeres","tag-olavide-en-carmona","tag-patriarcado","tag-seminarios"],"_links":{"self":[{"href":"https:\/\/www.upo.es\/diario\/wp-json\/wp\/v2\/posts\/27274742","targetHints":{"allow":["GET"]}}],"collection":[{"href":"https:\/\/www.upo.es\/diario\/wp-json\/wp\/v2\/posts"}],"about":[{"href":"https:\/\/www.upo.es\/diario\/wp-json\/wp\/v2\/types\/post"}],"author":[{"embeddable":true,"href":"https:\/\/www.upo.es\/diario\/wp-json\/wp\/v2\/users\/14"}],"replies":[{"embeddable":true,"href":"https:\/\/www.upo.es\/diario\/wp-json\/wp\/v2\/comments?post=27274742"}],"version-history":[{"count":1,"href":"https:\/\/www.upo.es\/diario\/wp-json\/wp\/v2\/posts\/27274742\/revisions"}],"predecessor-version":[{"id":30862818,"href":"https:\/\/www.upo.es\/diario\/wp-json\/wp\/v2\/posts\/27274742\/revisions\/30862818"}],"wp:attachment":[{"href":"https:\/\/www.upo.es\/diario\/wp-json\/wp\/v2\/media?parent=27274742"}],"wp:term":[{"taxonomy":"category","embeddable":true,"href":"https:\/\/www.upo.es\/diario\/wp-json\/wp\/v2\/categories?post=27274742"},{"taxonomy":"post_tag","embeddable":true,"href":"https:\/\/www.upo.es\/diario\/wp-json\/wp\/v2\/tags?post=27274742"}],"curies":[{"name":"wp","href":"https:\/\/api.w.org\/{rel}","templated":true}]}}