{"id":27276988,"date":"2018-07-05T11:35:35","date_gmt":"2018-07-05T09:35:35","guid":{"rendered":"https:\/\/www.upo.es\/diario\/?p=27276988"},"modified":"2020-10-27T16:21:27","modified_gmt":"2020-10-27T15:21:27","slug":"el-objetivo-de-la-politica-de-propaganda-de-putin-es-mantener-en-el-poder-a-las-elites-dominantes-de-rusia","status":"publish","type":"post","link":"https:\/\/www.upo.es\/diario\/cursos-verano\/2018\/07\/el-objetivo-de-la-politica-de-propaganda-de-putin-es-mantener-en-el-poder-a-las-elites-dominantes-de-rusia\/","title":{"rendered":"\u201cEl objetivo de la pol\u00edtica de propaganda de Putin es mantener en el poder a las \u00e9lites dominantes de Rusia\u201d"},"content":{"rendered":"<figure id=\"attachment_27276989\" aria-describedby=\"caption-attachment-27276989\" style=\"width: 600px\" class=\"wp-caption aligncenter\"><a href=\"https:\/\/www.upo.es\/diario\/wp-content\/uploads\/2018\/07\/Miguel-V\u00e1zquez-Li\u00f1\u00e1n.-XVI-Cursos-de-Verano-UPO-7924.jpg\"><img loading=\"lazy\" decoding=\"async\" class=\"size-large wp-image-27276989\" alt=\"Miguel V\u00e1zquez Li\u00f1\u00e1n en Curso de Verano de la UPO\" src=\"https:\/\/www.upo.es\/diario\/wp-content\/uploads\/2018\/07\/Miguel-V\u00e1zquez-Li\u00f1\u00e1n.-XVI-Cursos-de-Verano-UPO-7924-600x400.jpg\" width=\"600\" height=\"400\" \/><\/a><figcaption id=\"caption-attachment-27276989\" class=\"wp-caption-text\">Miguel V\u00e1zquez Li\u00f1\u00e1n en Curso de Verano de la UPO<\/figcaption><\/figure>\n<p><b>Miguel V\u00e1zquez Li\u00f1\u00e1n<\/b>, profesor de Periodismo de la Universidad de Sevilla, ha asegurado que las pol\u00edticas de informaci\u00f3n y propaganda que ha llevado a cabo Putin desde que accedi\u00f3 al gobierno de Rusia hace casi 20 a\u00f1os tiene como principal objetivo \u201cmantener en el poder a la \u00e9lite dominante y sostener el sistema\u201d a trav\u00e9s de una pol\u00edtica \u201cmuy marcada por lo militar\u201d que intenta, por un lado, \u201cmantener a esa gente en el poder\u201d y, por otro, \u201cevitar lo que ellos piensan que es un peligro permanente: la desintegraci\u00f3n del pa\u00eds\u201d.<\/p>\n<p>V\u00e1zquez Li\u00f1\u00e1n ha hecho estas declaraciones antes de su intervenci\u00f3n en el \u2018<b>Curso sobre riesgos y amenazas en el ciberespacio. Desinformaci\u00f3n y operaciones de informaci\u00f3n<\/b>\u2019, cuya tercera edici\u00f3n se ha inaugurado este jueves en Carmona dentro de la programaci\u00f3n de los <b>XVI Cursos de Verano de la Universidad Pablo de Olavide<\/b>. El seminario, que est\u00e1 dirigido por <b>Guillem Colom Piella<\/b>, profesor de la UPO, ha comenzado con la conferencia \u2018El marco de la guerra: pol\u00edticas de informaci\u00f3n y propaganda en la Rusia de Putin\u2019, que ha pronunciado el profesor de Periodismo.<\/p>\n<p>A juicio de V\u00e1zquez, Rusia es un pa\u00eds muy complejo dada la \u201cenorme diversidad \u00e9tnica, cultural y pol\u00edtica donde se aplican unas pol\u00edticas centralizadoras que intentan convertir a Rusia en un pa\u00eds unido en torno a algo, que por desgracia es esta amenaza\u201d, ha subrayado. Para ello, las autoridades rusas \u201cvenden la imagen de un pa\u00eds rodeado de enemigos y, por lo tanto, un pa\u00eds en permanente riesgo de guerra y de desintegraci\u00f3n\u201d con unos enemigos internos y externos contra los que se aplican estas pol\u00edticas, entre los que ha destacado \u201cel terrorismo yihadista y algunos pa\u00edses de la Uni\u00f3n Europea, donde Putin tambi\u00e9n tiene sus aliados\u201d. En este sentido, \u201cla pol\u00edtica es b\u00e9lica desde el momento en que se plantea la situaci\u00f3n en t\u00e9rminos b\u00e9licos, en tiempos supuestamente de paz\u201d.<\/p>\n<p>El profesor ha recordado que Putin, nombrado primer ministro por Yeltsin en 1999, prometi\u00f3 acabar con las oligarqu\u00edas durante la campa\u00f1a del a\u00f1o 2000, las primeras elecciones a las que se present\u00f3 y que, una vez en el poder, adopt\u00f3 una serie de medidas \u201cmuy medi\u00e1ticas\u201d en este sentido, \u201ccon una serie de oligarcas que terminaron en la c\u00e1rcel o huyendo del pa\u00eds, algunos con intereses en medios de comunicaci\u00f3n, lo cual no es casualidad\u201d. Sin embargo, \u201ctambi\u00e9n es verdad que mantuvo a unos oligarcas y reforz\u00f3 a otros, que son quienes siguen manteniendo a Putin en el poder\u201d, ha se\u00f1alado.<\/p>\n<p>No obstante, \u201clos rusos no han inventado gran cosa en t\u00e9rminos propagand\u00edsticos\u201d, ya que las pol\u00edticas de informaci\u00f3n y propaganda \u201cse parecen mucho en otros pa\u00edses, otra cosa es que tengan las manos libres para llevarlas a cabo porque existan menos controles parlamentarios\u201d. As\u00ed, la peculiaridad de Rusia es que \u201chay menos control sobre el poder ejecutivo y \u00e9ste tiene las manos m\u00e1s libres para actuar como quiera\u201d, incluido el ciberespacio como nuevo campo de batalla donde diferentes agentes libran sus guerras de propaganda.<\/p>\n<p>Por \u00faltimo, preguntado por la independencia de los medios de comunicaci\u00f3n p\u00fablicos en Espa\u00f1a, Miguel V\u00e1zquez ha apostado por un modelo en el que \u201clas decisiones partidistas no puedan moldear el sistema\u201d y ha opinado que RTVE tiene que ser un medio \u201cen el que todos nos sintamos reconocidos y en el que todos podamos confiar; en el que tengamos garantizada la profesionalidad\u201d. Para ello, \u201cel centro ha de estar en el inter\u00e9s social y RTVE tiene que estar preocupada en que nos enteremos de lo que nos tenemos que enterar, independientemente de qui\u00e9n est\u00e9 en el poder\u201d, ha concluido.<\/p>\n","protected":false},"excerpt":{"rendered":"<p>Miguel V\u00e1zquez Li\u00f1\u00e1n, profesor de Periodismo de la Universidad de Sevilla, ha asegurado que las pol\u00edticas de informaci\u00f3n y propaganda que ha llevado a cabo Putin desde que accedi\u00f3 al gobierno de Rusia hace casi 20 a\u00f1os tiene como principal objetivo \u201cmantener en el poder a la \u00e9lite dominante y sostener el sistema\u201d a trav\u00e9s de una pol\u00edtica \u201cmuy marcada por lo militar\u201d que intenta, por un lado, \u201cmantener a esa gente en el poder\u201d y, por otro, \u201cevitar lo que ellos piensan que es un peligro permanente: la desintegraci\u00f3n del pa\u00eds\u201d.<\/p>\n","protected":false},"author":14,"featured_media":0,"comment_status":"closed","ping_status":"open","sticky":false,"template":"","format":"standard","meta":{"_monsterinsights_skip_tracking":false,"_monsterinsights_sitenote_active":false,"_monsterinsights_sitenote_note":"","_monsterinsights_sitenote_category":0,"footnotes":""},"categories":[729],"tags":[22,5332,519,687,5333,4592,5334,1996],"class_list":["post-27276988","post","type-post","status-publish","format-standard","hentry","category-cursos-verano","tag-cursos-de-verano","tag-miguel-vazquez-linan","tag-olavide-en-carmona","tag-periodismo","tag-propaganda","tag-rtve","tag-rusia","tag-seminarios"],"_links":{"self":[{"href":"https:\/\/www.upo.es\/diario\/wp-json\/wp\/v2\/posts\/27276988","targetHints":{"allow":["GET"]}}],"collection":[{"href":"https:\/\/www.upo.es\/diario\/wp-json\/wp\/v2\/posts"}],"about":[{"href":"https:\/\/www.upo.es\/diario\/wp-json\/wp\/v2\/types\/post"}],"author":[{"embeddable":true,"href":"https:\/\/www.upo.es\/diario\/wp-json\/wp\/v2\/users\/14"}],"replies":[{"embeddable":true,"href":"https:\/\/www.upo.es\/diario\/wp-json\/wp\/v2\/comments?post=27276988"}],"version-history":[{"count":1,"href":"https:\/\/www.upo.es\/diario\/wp-json\/wp\/v2\/posts\/27276988\/revisions"}],"predecessor-version":[{"id":30862817,"href":"https:\/\/www.upo.es\/diario\/wp-json\/wp\/v2\/posts\/27276988\/revisions\/30862817"}],"wp:attachment":[{"href":"https:\/\/www.upo.es\/diario\/wp-json\/wp\/v2\/media?parent=27276988"}],"wp:term":[{"taxonomy":"category","embeddable":true,"href":"https:\/\/www.upo.es\/diario\/wp-json\/wp\/v2\/categories?post=27276988"},{"taxonomy":"post_tag","embeddable":true,"href":"https:\/\/www.upo.es\/diario\/wp-json\/wp\/v2\/tags?post=27276988"}],"curies":[{"name":"wp","href":"https:\/\/api.w.org\/{rel}","templated":true}]}}