{"id":27288845,"date":"2018-07-06T11:44:17","date_gmt":"2018-07-06T09:44:17","guid":{"rendered":"https:\/\/www.upo.es\/diario\/?p=27288845"},"modified":"2020-10-27T16:21:49","modified_gmt":"2020-10-27T15:21:49","slug":"ceremonia-de-graduacion-de-la-promocion-201418-de-ciencias-ambientales","status":"publish","type":"post","link":"https:\/\/www.upo.es\/diario\/institucional\/2018\/07\/ceremonia-de-graduacion-de-la-promocion-201418-de-ciencias-ambientales\/","title":{"rendered":"Ceremonia de graduaci\u00f3n de la promoci\u00f3n 2014\/18 de Ciencias Ambientales"},"content":{"rendered":"<figure id=\"attachment_27288846\" aria-describedby=\"caption-attachment-27288846\" style=\"width: 600px\" class=\"wp-caption aligncenter\"><a href=\"https:\/\/www.upo.es\/diario\/wp-content\/uploads\/2018\/07\/180705-UPO247.jpg\"><img loading=\"lazy\" decoding=\"async\" class=\"size-large wp-image-27288846\" alt=\"Promoci\u00f3n 214\/18 del Grado en Ciencias Ambientales\" src=\"https:\/\/www.upo.es\/diario\/wp-content\/uploads\/2018\/07\/180705-UPO247-600x400.jpg\" width=\"600\" height=\"400\" \/><\/a><figcaption id=\"caption-attachment-27288846\" class=\"wp-caption-text\">Promoci\u00f3n 214\/18 del Grado en Ciencias Ambientales<\/figcaption><\/figure>\n<p>La ceremonia de graduaci\u00f3n de la promoci\u00f3n 2014\/18 del <b>Grado en Ciencias Ambientales<\/b> se celebr\u00f3 el jueves 5 de julio en el Paraninfo de la Universidad Pablo de Olavide, presidida por la decana de la Facultad de Ciencias Experimentales, <b>Mar\u00eda Pilar Ortiz Calder\u00f3n<\/b>.<\/p>\n<p>El padrino de la promoci\u00f3n ha sido <b>David Gallego Puyol, <\/b>profesor del \u00c1rea de F\u00edsica de la Tierra de la UPO. A la ceremonia tambi\u00e9n asistieron: <b>Luis Villagarc\u00eda S\u00e1iz<\/b>, del \u00c1rea de Ecolog\u00eda, como Profesor Honor\u00edfico; <b>Antonia Jim\u00e9nez Rodr\u00edguez<\/b>, vicedecana de Calidad, Coordinaci\u00f3n Docente y Comunicaci\u00f3n de la Facultad de Ciencias Experimentales; y <b>Enrique Ramos G\u00f3mez<\/b>, secretario de la Facultad.<\/p>\n<figure id=\"attachment_27288847\" aria-describedby=\"caption-attachment-27288847\" style=\"width: 320px\" class=\"wp-caption alignright\"><a href=\"https:\/\/www.upo.es\/diario\/wp-content\/uploads\/2018\/07\/180705-UPO236.jpg\"><img loading=\"lazy\" decoding=\"async\" class=\"size-medium wp-image-27288847\" alt=\"Ceremonia de graduaci\u00f3n en el Paraninfo\" src=\"https:\/\/www.upo.es\/diario\/wp-content\/uploads\/2018\/07\/180705-UPO236-320x213.jpg\" width=\"320\" height=\"213\" \/><\/a><figcaption id=\"caption-attachment-27288847\" class=\"wp-caption-text\">Ceremonia de graduaci\u00f3n en el Paraninfo<\/figcaption><\/figure>\n<p>La alumna <b>Mar\u00eda Trujillo R\u00edos<\/b> pronunci\u00f3 el discurso en representaci\u00f3n del alumnado egresado. Un total de 53 egresados y egresadas han asistido, junto a sus familiares, a este acto con el que la Universidad Pablo de Olavide recupera una antigua tradici\u00f3n de las universidades europeas.<\/p>\n","protected":false},"excerpt":{"rendered":"<p>La ceremonia de graduaci\u00f3n de la promoci\u00f3n 2014\/18 del Grado en Ciencias Ambientales se celebr\u00f3 el jueves 5 de julio en el Paraninfo de la Universidad Pablo de Olavide, presidida por la decana de la Facultad de Ciencias Experimentales, Mar\u00eda Pilar Ortiz Calder\u00f3n. El padrino de la promoci\u00f3n ha sido David Gallego Puyol, profesor del \u00c1rea de F\u00edsica de la Tierra de la UPO.<\/p>\n","protected":false},"author":14,"featured_media":0,"comment_status":"closed","ping_status":"open","sticky":false,"template":"","format":"standard","meta":{"_monsterinsights_skip_tracking":false,"_monsterinsights_sitenote_active":false,"_monsterinsights_sitenote_note":"","_monsterinsights_sitenote_category":0,"footnotes":""},"categories":[6],"tags":[5340,5074,669,122,1654,1684],"class_list":["post-27288845","post","type-post","status-publish","format-standard","hentry","category-institucional","tag-area-de-fisica-de-la-tierra","tag-ceremonia-de-graduacion","tag-egresados","tag-facultad-ciencias-experimentales","tag-grado-en-ciencias-ambientales","tag-paraninfo"],"_links":{"self":[{"href":"https:\/\/www.upo.es\/diario\/wp-json\/wp\/v2\/posts\/27288845","targetHints":{"allow":["GET"]}}],"collection":[{"href":"https:\/\/www.upo.es\/diario\/wp-json\/wp\/v2\/posts"}],"about":[{"href":"https:\/\/www.upo.es\/diario\/wp-json\/wp\/v2\/types\/post"}],"author":[{"embeddable":true,"href":"https:\/\/www.upo.es\/diario\/wp-json\/wp\/v2\/users\/14"}],"replies":[{"embeddable":true,"href":"https:\/\/www.upo.es\/diario\/wp-json\/wp\/v2\/comments?post=27288845"}],"version-history":[{"count":1,"href":"https:\/\/www.upo.es\/diario\/wp-json\/wp\/v2\/posts\/27288845\/revisions"}],"predecessor-version":[{"id":30862622,"href":"https:\/\/www.upo.es\/diario\/wp-json\/wp\/v2\/posts\/27288845\/revisions\/30862622"}],"wp:attachment":[{"href":"https:\/\/www.upo.es\/diario\/wp-json\/wp\/v2\/media?parent=27288845"}],"wp:term":[{"taxonomy":"category","embeddable":true,"href":"https:\/\/www.upo.es\/diario\/wp-json\/wp\/v2\/categories?post=27288845"},{"taxonomy":"post_tag","embeddable":true,"href":"https:\/\/www.upo.es\/diario\/wp-json\/wp\/v2\/tags?post=27288845"}],"curies":[{"name":"wp","href":"https:\/\/api.w.org\/{rel}","templated":true}]}}