{"id":27341400,"date":"2018-07-10T07:18:21","date_gmt":"2018-07-10T07:18:21","guid":{"rendered":"https:\/\/www.upo.es\/diario\/?p=27341400"},"modified":"2018-07-11T07:05:31","modified_gmt":"2018-07-11T07:05:31","slug":"alumnos-del-curso-de-alimentacion-infantil-aprenden-hoy-a-confeccionar-un-menu-saludable-para-ninos","status":"publish","type":"post","link":"https:\/\/www.upo.es\/diario\/institucional\/2018\/07\/alumnos-del-curso-de-alimentacion-infantil-aprenden-hoy-a-confeccionar-un-menu-saludable-para-ninos\/","title":{"rendered":"Alumnos del curso de alimentaci\u00f3n infantil aprenden a confeccionar un men\u00fa saludable para ni\u00f1os"},"content":{"rendered":"<figure id=\"attachment_27341402\" aria-describedby=\"caption-attachment-27341402\" style=\"width: 320px\" class=\"wp-caption alignright\"><img loading=\"lazy\" decoding=\"async\" class=\"size-medium wp-image-27341402\" alt=\"Foto: BSIP \\ Universal Images Group\" src=\"https:\/\/www.upo.es\/diario\/wp-content\/uploads\/2018\/07\/181_763659-320x213.jpg\" width=\"320\" height=\"213\" srcset=\"https:\/\/www.upo.es\/diario\/wp-content\/uploads\/2018\/07\/181_763659-320x213.jpg 320w, https:\/\/www.upo.es\/diario\/wp-content\/uploads\/2018\/07\/181_763659-600x400.jpg 600w, https:\/\/www.upo.es\/diario\/wp-content\/uploads\/2018\/07\/181_763659.jpg 1024w\" sizes=\"auto, (max-width: 320px) 100vw, 320px\" \/><figcaption id=\"caption-attachment-27341402\" class=\"wp-caption-text\">Foto: BSIP \\ Universal Images Group<\/figcaption><\/figure>\n<p>Hoy martes contin\u00faan los cinco seminarios que han comenzado esta semana en la sede de Olavide en Carmona &#8211; Rectora Rosario Valpuesta. El curso sobre <strong>\u2018Alimentaci\u00f3n infantil: claves para mejorar el desarrollo y crecimiento del ni\u00f1o\u2019<\/strong>, dirigido por la profesora Griselda Herrero Mart\u00edn, del Departamento de Biolog\u00eda Molecular e Ingenier\u00eda Bioqu\u00edmica de la Universidad Pablo de Olavide, arrancar\u00e1 a las 09,30 horas con la conferencia titulada \u2018Importancia y pr\u00e1ctica de la actividad f\u00edsica en ni\u00f1os\u2019, que impartir\u00e1 Manuel Soto Al\u00e9s, licenciado en Ciencias de la Actividad F\u00edsica y el Deporte y m\u00e1ster profesional en Alto Rendimiento en Deportes de Equipo. Una hora m\u00e1s tarde, Cristina Andrades Ram\u00edrez, psic\u00f3loga sanitaria en Norte Salud Nutrici\u00f3n, disertar\u00e1 sobre \u2018TAC y comer emocional en los ni\u00f1os\u2019. Acto seguido, a las 12,00 horas, se celebrar\u00e1 la ponencia \u2018Educando las emociones en ni\u00f1os: coaching nutricional e inteligencia emocional\u2019, que estar\u00e1 a cargo de la coach nutricional Yolanda Fleta S\u00e1nchez. Para concluir la jornada matinal, a las 13,00 horas Carmen Vega Quir\u00f3s, m\u00e9dico de familia y consultora internacional de lactancia materna, abordar\u00e1 la \u2018Lactancia y Baby Led Weaning\u2019.<\/p>\n<p>Por la tarde, a las 15,30 horas, Natalia Moragues Fern\u00e1ndez, dietista-nutricionista, impartir\u00e1 la conferencia \u2018Texturas evolutivas en la introducci\u00f3n de nuevos alimentos\u2019. A continuaci\u00f3n, a las 16,30 horas, la dietista-nutricionista Ana Zurita Lobato explicar\u00e1 \u2018C\u00f3mo hacer un men\u00fa saludable infantil\u2019. A las 18,00 horas el curso proseguir\u00e1 con la celebraci\u00f3n del taller \u2018Men\u00fa escolar: supervisi\u00f3n y confecci\u00f3n de men\u00fas escolares\u2019, a cargo de Jos\u00e9 Mar\u00eda Capit\u00e1n Guti\u00e9rrez, promotor del Programa de Implantaci\u00f3n de Men\u00fas Saludables en las Escuelas en el Ayuntamiento de Sevilla. Para terminar, la conferencia de clausura de este seminario ser\u00e1 responsabilidad de Antonio C\u00e1rdenas, diplomado en Magisterio, quien ofrecer\u00e1 en una ponencia las \u2018Herramientas para promover h\u00e1bitos saludables en ni\u00f1os\u2019<\/p>\n<p>El curso sobre<strong> \u2018Los efectos especiales en el cine\u2019<\/strong>, dirigido por Miguel Olid Suero, profesor de Lenguaje Audiovisual en el Centro Universitario San Isidoro, adscrito a la UPO, comenzar\u00e1 la jornada de ma\u00f1ana a las 10,00 horas con la conferencia \u2018Planificaci\u00f3n de los efectos especiales\u2019 y que impartir\u00e1 el t\u00e9cnico de efectos especiales Fidel P\u00e9rez. A las 12,00 horas se celebrar\u00e1 la mesa redonda \u2018Creaci\u00f3n y supervisi\u00f3n de efectos especiales\u2019, en la que participar\u00e1n los supervisores de efectos visuales Manuel Rico e Israel Mill\u00e1n. Ya por la tarde, a las 16,00 horas, la maquilladora Mamen Peinado explicar\u00e1 \u2018Los efectos especiales de maquillaje\u2019, mientras que a las 18,00 horas se proyectar\u00e1 \u2018Maniac tales\u2019.<\/p>\n<p>Por otro lado, hoy se celebrar\u00e1 la segunda jornada el curso \u2018Neuroeducaci\u00f3n, <i>mindfulness <\/i>y conflicto en el aula. Una aproximaci\u00f3n desde el enfoque sist\u00e9mico. 2\u00aa edici\u00f3n\u2019, que est\u00e1 dirigido por Alma Serra, presidenta de la Asociaci\u00f3n Espa\u00f1ola de Educaci\u00f3n Emocional (Asedem). La primera conferencia de este d\u00eda ser\u00e1 a las 10,00 horas y correr\u00e1 a cargo de Rafael Nieto Rivero, psic\u00f3logo especialista en Neuroeducaci\u00f3n, quien ofrecer\u00e1 una \u2018Introducci\u00f3n a la neurobiolog\u00eda interpersonal desde el enfoque sist\u00e9mico\u2019. A las 12,30 horas, Alma Serra y Rafael Nieto participar\u00e1n en la conferencia \u2018Neurociencia, neuroeducaci\u00f3n y conflicto en el contexto educativo. Parte I\u2019.<\/p>\n<p>Por la tarde, a las 16,00 horas, Rafael Nieto impartir\u00e1 un taller sobre \u2018<i>Mindfulness<\/i> y convivencia en la escuela. Parte I\u2019, mientras que a las 18,30 horas Paula Borrego D\u00edaz, docente especialista en <i>mindfulness <\/i>infantil y juvenil y miembro de la Asociaci\u00f3n Espa\u00f1ola de Educaci\u00f3n Emocional, ofrecer\u00e1 otro taller, que llevar\u00e1 por nombre \u2018Aplicaci\u00f3n pr\u00e1ctica del <i>mindfulness<\/i> en contextos educativos\u2019.<\/p>\n<p>Otro de los seminarios, que contin\u00faa hoy, es<strong> \u2018En pocas palabras: curso internacional de traducci\u00f3n y subtitulaci\u00f3n\u2019<\/strong>, que dirige Yolanda Morat\u00f3 Agrafojo, profesora del Departamento de Filolog\u00eda Inglesa de la Universidad de Sevilla. Esta profesora ser\u00e1 la responsable de impartir la primera conferencia \u2018Los procedimientos t\u00e9cnicos de traducci\u00f3n en el sector audiovisual\u2019 (a las 10,00 horas) y el taller I \u2018Aplicaci\u00f3n de t\u00e9cnicas de condensaci\u00f3n ling\u00fc\u00edstica en la traducci\u00f3n de subt\u00edtulos\u2019 (a las 12,00 horas). La traductora y editora de contenidos Gloria Jurado ser\u00e1 la responsable de ofrecer a las 15,00 horas la ponencia \u2018Las gu\u00edas de programaci\u00f3n\u2019, mientras que a las 16,00 horas ser\u00e1 responsable del taller II \u2018Subt\u00edtulos mediante rehablado: programas en directo y grabados\u2019. Por \u00faltimo, Yolanda Morat\u00f3 ofrecer\u00e1 el \u00faltimo taller de la jornada: \u2018Accesibilidad y subtitulaci\u00f3n para espectadores con discapacidad auditiva. Algunas precisiones ling\u00fc\u00edsticas y conceptuales\u2019.<\/p>\n<p>Por \u00faltimo, este martes prosigue tambi\u00e9n el seminario<strong> \u2018Tratamientos avanzados para residuos s\u00f3lidos y aguas residuales\u2019<\/strong>, que dirigen los profesores Gassan Hodaifa Meri y Antonio Rosal Raya, del Departamento de Biolog\u00eda Molecular e Ingenier\u00eda Bioqu\u00edmica de la UPO. Esta jornada, que ser\u00e1 impartida \u00edntegramente por Enrique Ramos, profesor del Departamento de Biolog\u00eda Molecular e Ingenier\u00eda Bioqu\u00edmica de la Universidad Pablo de Olavide, estar\u00e1 dedicada a explicar desde las 10,00 a las 14,00 horas el \u2018Reciclaje de residuos no biodegradables\u2019.<\/p>\n","protected":false},"excerpt":{"rendered":"<p>Contin\u00faan los cinco seminarios que han comenzado esta semana en la sede de Olavide en Carmona &#8211; Rectora Rosario Valpuesta. El curso sobre \u2018Alimentaci\u00f3n infantil: claves para mejorar el desarrollo y crecimiento del ni\u00f1o\u2019, dirigido por la profesora Griselda Herrero Mart\u00edn, del Departamento de Biolog\u00eda Molecular e Ingenier\u00eda Bioqu\u00edmica de la Universidad Pablo de Olavide.<\/p>\n","protected":false},"author":6,"featured_media":0,"comment_status":"closed","ping_status":"open","sticky":false,"template":"","format":"standard","meta":{"_monsterinsights_skip_tracking":false,"_monsterinsights_sitenote_active":false,"_monsterinsights_sitenote_note":"","_monsterinsights_sitenote_category":0,"footnotes":""},"categories":[6],"tags":[23,22,328,261,519,754],"class_list":["post-27341400","post","type-post","status-publish","format-standard","hentry","category-institucional","tag-carmona","tag-cursos-de-verano","tag-formacion-permanente","tag-nutricion","tag-olavide-en-carmona","tag-traduccion-e-interpretacion"],"_links":{"self":[{"href":"https:\/\/www.upo.es\/diario\/wp-json\/wp\/v2\/posts\/27341400","targetHints":{"allow":["GET"]}}],"collection":[{"href":"https:\/\/www.upo.es\/diario\/wp-json\/wp\/v2\/posts"}],"about":[{"href":"https:\/\/www.upo.es\/diario\/wp-json\/wp\/v2\/types\/post"}],"author":[{"embeddable":true,"href":"https:\/\/www.upo.es\/diario\/wp-json\/wp\/v2\/users\/6"}],"replies":[{"embeddable":true,"href":"https:\/\/www.upo.es\/diario\/wp-json\/wp\/v2\/comments?post=27341400"}],"version-history":[{"count":5,"href":"https:\/\/www.upo.es\/diario\/wp-json\/wp\/v2\/posts\/27341400\/revisions"}],"predecessor-version":[{"id":27344807,"href":"https:\/\/www.upo.es\/diario\/wp-json\/wp\/v2\/posts\/27341400\/revisions\/27344807"}],"wp:attachment":[{"href":"https:\/\/www.upo.es\/diario\/wp-json\/wp\/v2\/media?parent=27341400"}],"wp:term":[{"taxonomy":"category","embeddable":true,"href":"https:\/\/www.upo.es\/diario\/wp-json\/wp\/v2\/categories?post=27341400"},{"taxonomy":"post_tag","embeddable":true,"href":"https:\/\/www.upo.es\/diario\/wp-json\/wp\/v2\/tags?post=27341400"}],"curies":[{"name":"wp","href":"https:\/\/api.w.org\/{rel}","templated":true}]}}