{"id":2736345,"date":"2014-02-04T06:45:40","date_gmt":"2014-02-04T06:45:40","guid":{"rendered":"https:\/\/www.upo.es\/diario\/?p=2736345"},"modified":"2014-02-04T07:41:31","modified_gmt":"2014-02-04T07:41:31","slug":"manana-se-presenta-en-la-universidad-pablo-de-olavide-el-curso-sobre-tecnicas-de-consultoria","status":"publish","type":"post","link":"https:\/\/www.upo.es\/diario\/institucional\/2014\/02\/manana-se-presenta-en-la-universidad-pablo-de-olavide-el-curso-sobre-tecnicas-de-consultoria\/","title":{"rendered":"Hoy se presenta en la Universidad Pablo de Olavide el curso sobre t\u00e9cnicas de consultor\u00eda"},"content":{"rendered":"<figure id=\"attachment_2736346\" aria-describedby=\"caption-attachment-2736346\" style=\"width: 320px\" class=\"wp-caption alignright\"><a href=\"https:\/\/www.upo.es\/diario\/wp-content\/uploads\/2014\/02\/ID-100211182.jpg\"><img loading=\"lazy\" decoding=\"async\" class=\"size-medium wp-image-2736346\" alt=\"Ilustraci\u00f3n: juego de palabras con t\u00e9cnicas de consultor\u00eda (en ingl\u00e9s)\" src=\"https:\/\/www.upo.es\/diario\/wp-content\/uploads\/2014\/02\/ID-100211182-320x290.jpg\" width=\"320\" height=\"290\" srcset=\"https:\/\/www.upo.es\/diario\/wp-content\/uploads\/2014\/02\/ID-100211182-320x290.jpg 320w, https:\/\/www.upo.es\/diario\/wp-content\/uploads\/2014\/02\/ID-100211182.jpg 400w\" sizes=\"auto, (max-width: 320px) 100vw, 320px\" \/><\/a><figcaption id=\"caption-attachment-2736346\" class=\"wp-caption-text\">Ilustraci\u00f3n: freedigitalphotos.net<\/figcaption><\/figure>\n<p>Hoy\u00a0<strong>4 de febrero, a las 17,00 horas, en el sal\u00f3n de grados del edificio 6<\/strong>, tendr\u00e1 lugar la <strong>presentaci\u00f3n del curso \u201cT\u00e9cnicas de consultor\u00eda\u201d<\/strong>, organizado por el \u00c1rea de Formaci\u00f3n Permanente de la Universidad Pablo de Olavide, en colaboraci\u00f3n con la Red Andaluza de Consultores Independientes. En dicho acto estar\u00e1n presentes Joaqu\u00edn Garc\u00eda, presidente de la Red Andaluza de Consultores Independientes (RACI); Jes\u00fas Molina, vocal de Formaci\u00f3n de esta entidad, y Laura G\u00f3mez, directora acad\u00e9mica del curso.<\/p>\n<p>Actualmente, las empresas de consultor\u00eda son uno de los sectores que est\u00e1n incrementando su plantilla con j\u00f3venes profesionales. Por ello,<strong> esta formaci\u00f3n responde a la necesidad de formar a nuevos consultores y, al mismo tiempo, permitir la actualizaci\u00f3n de los profesionales del sector en activo<\/strong>. En este sentido, el curso se plantea tambi\u00e9n como un punto de encuentro entre experiencia y nuevos talentos.<\/p>\n<p>El curso, que<strong> se impartir\u00e1 del 3 de marzo al 11 de abril<\/strong> de este a\u00f1o, est\u00e1 estructurado en cinco m\u00f3dulos a trav\u00e9s de los cuales se har\u00e1 un recorrido por las competencias b\u00e1sicas que debe tener cualquier consultor, como son herramientas de an\u00e1lisis, gesti\u00f3n de proyectos, m\u00e1rketing de servicios y habilidades directivas. Los objetivos principales son aprender y reconocer, entre otros, las diferentes formas de liderazgo, toma de decisiones, negociaci\u00f3n, integraci\u00f3n y organizaci\u00f3n de equipos de trabajo.<\/p>\n<p>Este nuevo curso que impartir\u00e1 la UPO ser\u00e1 de car\u00e1cter presencial, los martes y jueves en horario de tarde. Asimismo, aportar\u00e1 12 cr\u00e9ditos de libre configuraci\u00f3n para licenciaturas y diplomaturas o 1,5 cr\u00e9ditos ECTS para grados. <b>El plazo de inscripci\u00f3n se encuentra abierto.<\/b><\/p>\n<p>La Red Andaluza de Consultores Independientes (RACI) representa al sector de la consultor\u00eda en Andaluc\u00eda, teniendo una amplia implantaci\u00f3n en toda la comunidad aut\u00f3noma, actualmente es miembro de la CEA y los profesionales que van a impartir las clases son miembros de la asociaci\u00f3n junto con la coordinadora acad\u00e9mica de la Universidad Pablo de Olavide.<\/p>\n<p>Para m\u00e1s informaci\u00f3n: &gt; <a title=\"T\u00e9cnicas de Consultor\u00eda - ficha del curso\" href=\"http:\/\/www.upo.es\/postgrado\/titulos-propios\/texto\/83e13cf2-d8db-11e2-ade4-11bdca50d69c\/TECNICAS-DE-CONSULTORIA-II-EDICION-PRESENCIAL\">T\u00e9cnicas de Consultor\u00eda. II edici\u00f3n<\/a><\/p>\n","protected":false},"excerpt":{"rendered":"<p>Hoy 4 de febrero, a las 17,00 horas, en el sal\u00f3n de grados del edificio 6, tendr\u00e1 lugar la presentaci\u00f3n del curso \u201cT\u00e9cnicas de consultor\u00eda\u201d, organizado por el \u00c1rea de Formaci\u00f3n Permanente de la Universidad Pablo de Olavide, en colaboraci\u00f3n con la Red Andaluza de Consultores Independientes. En dicho acto estar\u00e1n presentes Joaqu\u00edn Garc\u00eda, presidente de la Red Andaluza de Consultores Independientes (RACI); Jes\u00fas Molina, vocal de Formaci\u00f3n de esta entidad, y Laura G\u00f3mez, directora acad\u00e9mica del curso. <\/p>\n","protected":false},"author":6,"featured_media":0,"comment_status":"closed","ping_status":"open","sticky":false,"template":"","format":"standard","meta":{"_monsterinsights_skip_tracking":false,"_monsterinsights_sitenote_active":false,"_monsterinsights_sitenote_note":"","_monsterinsights_sitenote_category":0,"footnotes":""},"categories":[6],"tags":[165,141,509,328,1109,1107,82],"class_list":["post-2736345","post","type-post","status-publish","format-standard","hentry","category-institucional","tag-consultoria","tag-curso","tag-formacion","tag-formacion-permanente","tag-formacion-profesional","tag-fundacion-universidad-sociedad","tag-postgrado"],"_links":{"self":[{"href":"https:\/\/www.upo.es\/diario\/wp-json\/wp\/v2\/posts\/2736345","targetHints":{"allow":["GET"]}}],"collection":[{"href":"https:\/\/www.upo.es\/diario\/wp-json\/wp\/v2\/posts"}],"about":[{"href":"https:\/\/www.upo.es\/diario\/wp-json\/wp\/v2\/types\/post"}],"author":[{"embeddable":true,"href":"https:\/\/www.upo.es\/diario\/wp-json\/wp\/v2\/users\/6"}],"replies":[{"embeddable":true,"href":"https:\/\/www.upo.es\/diario\/wp-json\/wp\/v2\/comments?post=2736345"}],"version-history":[{"count":2,"href":"https:\/\/www.upo.es\/diario\/wp-json\/wp\/v2\/posts\/2736345\/revisions"}],"predecessor-version":[{"id":2743781,"href":"https:\/\/www.upo.es\/diario\/wp-json\/wp\/v2\/posts\/2736345\/revisions\/2743781"}],"wp:attachment":[{"href":"https:\/\/www.upo.es\/diario\/wp-json\/wp\/v2\/media?parent=2736345"}],"wp:term":[{"taxonomy":"category","embeddable":true,"href":"https:\/\/www.upo.es\/diario\/wp-json\/wp\/v2\/categories?post=2736345"},{"taxonomy":"post_tag","embeddable":true,"href":"https:\/\/www.upo.es\/diario\/wp-json\/wp\/v2\/tags?post=2736345"}],"curies":[{"name":"wp","href":"https:\/\/api.w.org\/{rel}","templated":true}]}}