{"id":2746681,"date":"2014-02-04T14:33:55","date_gmt":"2014-02-04T14:33:55","guid":{"rendered":"https:\/\/www.upo.es\/diario\/?p=2746681"},"modified":"2014-02-07T12:31:14","modified_gmt":"2014-02-07T12:31:14","slug":"la-experta-en-genero-e-igualdad-por-la-upo-gema-otero-crea-el-cuento-coeducativo-superlola","status":"publish","type":"post","link":"https:\/\/www.upo.es\/diario\/institucional\/2014\/02\/la-experta-en-genero-e-igualdad-por-la-upo-gema-otero-crea-el-cuento-coeducativo-superlola\/","title":{"rendered":"La experta en g\u00e9nero e igualdad por la UPO Gema Otero crea el cuento coeducativo \u201cSuperLola\u201d"},"content":{"rendered":"<figure id=\"attachment_2746682\" aria-describedby=\"caption-attachment-2746682\" style=\"width: 320px\" class=\"wp-caption alignright\"><a href=\"https:\/\/www.upo.es\/diario\/wp-content\/uploads\/2014\/02\/gemaoteroyjamunoz.jpg\"><img loading=\"lazy\" decoding=\"async\" class=\"size-medium wp-image-2746682\" alt=\"Gema Otero (derecha) junto al ilustrador Juan Antonio Mu\u00f1oz\" src=\"https:\/\/www.upo.es\/diario\/wp-content\/uploads\/2014\/02\/gemaoteroyjamunoz-320x213.jpg\" width=\"320\" height=\"213\" srcset=\"https:\/\/www.upo.es\/diario\/wp-content\/uploads\/2014\/02\/gemaoteroyjamunoz-320x213.jpg 320w, https:\/\/www.upo.es\/diario\/wp-content\/uploads\/2014\/02\/gemaoteroyjamunoz-1024x682.jpg 1024w, https:\/\/www.upo.es\/diario\/wp-content\/uploads\/2014\/02\/gemaoteroyjamunoz-600x400.jpg 600w\" sizes=\"auto, (max-width: 320px) 100vw, 320px\" \/><\/a><figcaption id=\"caption-attachment-2746682\" class=\"wp-caption-text\">Gema Otero junto al ilustrador Juan Antonio Mu\u00f1oz<\/figcaption><\/figure>\n<p>Lola sue\u00f1a con un mundo mejor en el que todas las ni\u00f1as y ni\u00f1os se sientan libres para ser lo que quieran. As\u00ed se presenta la protagonista de SuperLola, un cuento coeducativo creado por Gema Otero Guti\u00e9rrez, experta en G\u00e9nero e Igualdad de Oportunidades por la Universidad Pablo de Olavide, que habla de la igualdad con un lenguaje muy sencillo y que se presenta en dos formatos, un libro y un <a href=\"http:\/\/www.youtube.com\/watch?v=LVAfqiVM9qw\">v\u00eddeo<\/a>.<\/p>\n<p>Todo empez\u00f3 casi por casualidad. \u201cSuperLola nace como un proyecto personal en forma de relato oral que cuento a mi hija Lola para que aprenda a ver la vida desde el inconformismo y la valent\u00eda\u201d, explica Gema Otero. Un poco m\u00e1s adelante, la autora empieza a utilizar esta historia como material de apoyo en los talleres coeducativos que imparte en diferentes centros educativos de Andaluc\u00eda. Esta experiencia le lleva a embarcarse en un nuevo proyecto profesional llamado <a href=\"http:\/\/lasramalilla.wordpress.com\/\">La Se\u00f1ora Malilla<\/a> y que tiene como objetivo la creaci\u00f3n y difusi\u00f3n de materiales did\u00e1cticos, l\u00fadicos y creativos que permitan trabajar los valores coeducativos en las aulas y fuera de ellas.<\/p>\n<p>Y as\u00ed, de la mano del ilustrador Juan Antonio Mu\u00f1oz toma forma y vida el cuento, primero en formato impreso y despu\u00e9s como v\u00eddeo cuento, que en poco tiempo ha alcanzado cerca de 17.000 visitas en youtube: \u201cGracias a la voz en off de mi hija Lola y a la m\u00fasica de Fernando N\u00fa\u00f1ez, el material supone una herramienta did\u00e1ctica muy \u00fatil para trabajar con ella dentro y fuera de las aulas. Nuestra intenci\u00f3n era llegar a todo el mundo y facilitar este recurso tanto a profesionales de la educaci\u00f3n como a las familias. En una semana alcanzamos miles de visitas en youtube y empezamos a realizar presentaciones del cuento en colaboraci\u00f3n con \u00e1reas de Cultura e Igualdad de diferentes ayuntamientos y a impartir talleres dentro y fuera de Andaluc\u00eda\u201d.<\/p>\n<p>El mensaje es simple y claro: \u201cSuperLola, la superhero\u00edna que m\u00e1s mola\u201d, quiere mostrar que no todas las ni\u00f1as son iguales, rompiendo as\u00ed con los estereotipos propios del g\u00e9nero y eliminando las diferencias entre los hombres y mujeres. \u201cEste cuento es un camino lleno de ventanas abiertas. Es una historia que invita a ver y sentir el mundo de otra manera y que muestra nuevos modelos de ni\u00f1as al margen de los roles y los estereotipos que marca nuestra cultura de g\u00e9nero\u201d, explica la autora, quien a\u00f1ade que \u201cesta historia permite trabajar con ni\u00f1as y ni\u00f1os el valor de la igualdad a trav\u00e9s de la libertad de elegir el camino a seguir, del respeto a las diferencias o de la visibilizaci\u00f3n del papel de las mujeres en todos los \u00e1mbitos de la vida\u201d.<\/p>\n<p>Y es que la coeducaci\u00f3n permite tomar conciencia de las desigualdades de g\u00e9nero y de c\u00f3mo \u00e9stas facilitan y perpet\u00faan la sobrevaloraci\u00f3n de \u201clo masculino\u201d frente a \u201clo femenino\u201d. A trav\u00e9s de la educaci\u00f3n en igualdad,\u00a0 ni\u00f1os y ni\u00f1as aprenden nuevas formas de jugar y de relacionarse entre s\u00ed.\u00a0 \u201cEs importante trabajar en los ni\u00f1os valores esenciales como el cuidado, la libre expresi\u00f3n de sentimientos y emociones personales o el trabajo dom\u00e9stico como motor fundamental de la econom\u00eda. Mientras que en las ni\u00f1as es vital trabajar el empoderamiento, la autonom\u00eda\u00a0 o la toma de conciencia de su propio cuerpo\u201d explica la autora.<\/p>\n<p>\u201cMi formaci\u00f3n en G\u00e9nero ha sido una ayuda vital\u00a0 para abordar la coeducaci\u00f3n de manera transversal en todos mis escritos. Soy Licenciada en Historia, y aunque ya ten\u00eda formaci\u00f3n y experiencia en G\u00e9nero, hice el <a href=\"http:\/\/www.upo.es\/postgrado\/Master-Oficial-Genero-e-Igualdad\">M\u00e1ster de G\u00e9nero e Igualdad en la Universidad Pablo de Olavide<\/a> para seguir el camino iniciado hac\u00eda algunos a\u00f1os\u201d explica Gema Otero, quien a\u00f1ade que \u201cfue una experiencia muy positiva porque me ayud\u00f3 a profundizar en temas como la Econom\u00eda desde la perspectiva de g\u00e9nero o la Historia de la Teor\u00eda Feminista. Ahora siento que fue el inicio de un camino que ya no tiene vuelta atr\u00e1s\u201d.<\/p>\n<p>En estos momentos, Gema Otero se encuentra inmersa en la difusi\u00f3n de SuperLola, en la formaci\u00f3n en G\u00e9nero e Igualdad y en el proceso creativo de nuevos cuentos coeducativos como \u201cLalo, el pr\u00edncipe rosa\u201d que muestra otras formas de vivir y sentir la masculinidad,\u00a0 \u201cCirculitos en la barriga\u201d, que trata de la libertad de las mujeres a decidir si quieren o no quieren ser madres, o \u201cCoraz\u00f3n ovillo\u201d, un cuento que reflexiona sobre los v\u00ednculos amorosos y la importancia de la autonom\u00eda personal en ni\u00f1as y ni\u00f1os. \u201cLa Se\u00f1ora Malilla sigue adelante, en esta loca y maravillosa aventura\u201d, afirma Gema Otero.<\/p>\n<p><iframe loading=\"lazy\" src=\"\/\/www.youtube.com\/embed\/LVAfqiVM9qw?list=PLOH8fLVZUPVD62b292dRCaAzSeaJEkN8G\" height=\"349\" width=\"620\" allowfullscreen=\"\" frameborder=\"0\"><\/iframe><\/p>\n","protected":false},"excerpt":{"rendered":"<p>Lola sue\u00f1a con un mundo mejor en el que todas las ni\u00f1as y ni\u00f1os se sientan libres para ser lo que quieran. As\u00ed se presenta la protagonista de SuperLola, un cuento coeducativo creado por Gema Otero Guti\u00e9rrez, experta en G\u00e9nero e Igualdad de Oportunidades por la Universidad Pablo de Olavide, que habla de la igualdad con un lenguaje muy sencillo y que se presenta en dos formatos, un libro y un v\u00eddeo. <\/p>\n","protected":false},"author":6,"featured_media":0,"comment_status":"closed","ping_status":"open","sticky":false,"template":"","format":"standard","meta":{"_monsterinsights_skip_tracking":false,"_monsterinsights_sitenote_active":false,"_monsterinsights_sitenote_note":"","_monsterinsights_sitenote_category":0,"footnotes":""},"categories":[6],"tags":[465,336,1105,517,401,118,82],"class_list":["post-2746681","post","type-post","status-publish","format-standard","hentry","category-institucional","tag-educacion","tag-genero","tag-genero-y-estudios-culturales","tag-igualdad","tag-literatura","tag-master","tag-postgrado"],"_links":{"self":[{"href":"https:\/\/www.upo.es\/diario\/wp-json\/wp\/v2\/posts\/2746681","targetHints":{"allow":["GET"]}}],"collection":[{"href":"https:\/\/www.upo.es\/diario\/wp-json\/wp\/v2\/posts"}],"about":[{"href":"https:\/\/www.upo.es\/diario\/wp-json\/wp\/v2\/types\/post"}],"author":[{"embeddable":true,"href":"https:\/\/www.upo.es\/diario\/wp-json\/wp\/v2\/users\/6"}],"replies":[{"embeddable":true,"href":"https:\/\/www.upo.es\/diario\/wp-json\/wp\/v2\/comments?post=2746681"}],"version-history":[{"count":5,"href":"https:\/\/www.upo.es\/diario\/wp-json\/wp\/v2\/posts\/2746681\/revisions"}],"predecessor-version":[{"id":2773756,"href":"https:\/\/www.upo.es\/diario\/wp-json\/wp\/v2\/posts\/2746681\/revisions\/2773756"}],"wp:attachment":[{"href":"https:\/\/www.upo.es\/diario\/wp-json\/wp\/v2\/media?parent=2746681"}],"wp:term":[{"taxonomy":"category","embeddable":true,"href":"https:\/\/www.upo.es\/diario\/wp-json\/wp\/v2\/categories?post=2746681"},{"taxonomy":"post_tag","embeddable":true,"href":"https:\/\/www.upo.es\/diario\/wp-json\/wp\/v2\/tags?post=2746681"}],"curies":[{"name":"wp","href":"https:\/\/api.w.org\/{rel}","templated":true}]}}