{"id":27523472,"date":"2018-07-23T01:00:41","date_gmt":"2018-07-23T01:00:41","guid":{"rendered":"https:\/\/www.upo.es\/diario\/?p=27523472"},"modified":"2018-07-23T12:35:56","modified_gmt":"2018-07-23T12:35:56","slug":"el-area-de-filologia-italiana-de-la-upo-imparte-un-curso-intensivo-a-alumnado-del-colegio-san-francisco-de-paula","status":"publish","type":"post","link":"https:\/\/www.upo.es\/diario\/institucional\/2018\/07\/el-area-de-filologia-italiana-de-la-upo-imparte-un-curso-intensivo-a-alumnado-del-colegio-san-francisco-de-paula\/","title":{"rendered":"El \u00c1rea de Filolog\u00eda Italiana de la UPO imparte un curso intensivo a alumnado del Colegio San Francisco de Paula"},"content":{"rendered":"<figure id=\"attachment_27523473\" aria-describedby=\"caption-attachment-27523473\" style=\"width: 600px\" class=\"wp-caption aligncenter\"><a href=\"https:\/\/www.upo.es\/diario\/wp-content\/uploads\/2018\/07\/Prensa-_AV_4198-Curso-de-italiano.jpg\"><img loading=\"lazy\" decoding=\"async\" class=\"size-large wp-image-27523473\" alt=\"Entrega de certificados del Curso de Italiano en el Colegio San Francisco de Paula con la presencia de la vicerrectora de Relaciones Institucionales y Comunicaci\u00f3n de la UPO Pilar Rodr\u00edguez Reina\" src=\"https:\/\/www.upo.es\/diario\/wp-content\/uploads\/2018\/07\/Prensa-_AV_4198-Curso-de-italiano-600x400.jpg\" width=\"600\" height=\"400\" srcset=\"https:\/\/www.upo.es\/diario\/wp-content\/uploads\/2018\/07\/Prensa-_AV_4198-Curso-de-italiano-600x400.jpg 600w, https:\/\/www.upo.es\/diario\/wp-content\/uploads\/2018\/07\/Prensa-_AV_4198-Curso-de-italiano-320x213.jpg 320w\" sizes=\"auto, (max-width: 600px) 100vw, 600px\" \/><\/a><figcaption id=\"caption-attachment-27523473\" class=\"wp-caption-text\">Entrega de certificados del Curso de Italiano en el Colegio San Francisco de Paula con la presencia de la vicerrectora de Relaciones Institucionales y Comunicaci\u00f3n de la UPO Pilar Rodr\u00edguez Reina<\/figcaption><\/figure>\n<p><span style=\"text-decoration: underline;\">El pasado 13 de julio se clausur\u00f3, con la entrega de certificados, el Curso de Italiano impartido por el <b>\u00c1rea de Filolog\u00eda Italiana<\/b> de la Universidad Pablo de Olavide en el <b>Colegio Internacional San Francisco de Paula<\/b> y subvencionado con fondos de la Embajada Italiana para la difusi\u00f3n de su lengua. Este curso se enmarca en el convenio suscrito entre la Universidad, la Fundaci\u00f3n Go\u00f1i y Rey y el propio Colegio.<\/span><\/p>\n<p>De esta forma, una veintena de estudiantes de Secundaria y Bachillerato de varios centros educativos sevillanos, la mayor\u00eda del Colegio Internacional San Francisco de Paula, han podido realizar un curso intensivo de lengua y cultura italianas, celebrado en las instalaciones del centro.<\/p>\n<p>Se trata de un curso intensivo de 60 horas presenciales, impartido durante la primera quincena de julio y organizado por tercer a\u00f1o consecutivo por el \u00c1rea de Filolog\u00eda Italiana de la UPO, cuya financiaci\u00f3n se obtiene cada a\u00f1o del Ministerio de Asuntos Exteriores italiano con el \u00fanico objetivo de contribuir a la difusi\u00f3n de la lengua y la cultura italianas en Sevilla.<\/p>\n<p>Una comisi\u00f3n acad\u00e9mica integrada por la vicerrectora de Relaciones Institucionales y Comunicaci\u00f3n, <b>Pilar Rodr\u00edguez Reina<\/b>; la responsable del \u00c1rea de Filolog\u00eda Italiana, <b>Covadonga Gemma Fouces Gonz\u00e1lez<\/b>; la profesora del curso, <b>Marzia Grasso<\/b>; un representante de la Fundaci\u00f3n Go\u00f1i y Rey; y un representante del Colegio Internacional San Francisco de Paula se ha encargado de la programaci\u00f3n, coordinaci\u00f3n y seguimiento del curso en todas las fases de su realizaci\u00f3n.<\/p>\n","protected":false},"excerpt":{"rendered":"<p>El pasado 13 de julio se clausur\u00f3, con la entrega de certificados, el Curso de Italiano impartido por el \u00c1rea de Filolog\u00eda Italiana de la Universidad Pablo de Olavide en el Colegio Internacional San Francisco de Paula y subvencionado con fondos de la Embajada Italiana para la difusi\u00f3n de su lengua. Este curso se enmarca en el convenio suscrito entre la Universidad, la Fundaci\u00f3n Go\u00f1i y Rey y el propio Colegio.<\/p>\n","protected":false},"author":14,"featured_media":0,"comment_status":"closed","ping_status":"open","sticky":false,"template":"","format":"standard","meta":{"_monsterinsights_skip_tracking":false,"_monsterinsights_sitenote_active":false,"_monsterinsights_sitenote_note":"","_monsterinsights_sitenote_category":0,"footnotes":""},"categories":[6],"tags":[4486,644,3841,5399,21,5398,1794,1382],"class_list":["post-27523472","post","type-post","status-publish","format-standard","hentry","category-institucional","tag-area-de-filologia-italiana","tag-bachillerato","tag-colegio-san-francisco-de-paula","tag-embajada-italiana","tag-estudiantes","tag-lengua-italiana","tag-pilar-rodriguez-reina","tag-secundaria"],"_links":{"self":[{"href":"https:\/\/www.upo.es\/diario\/wp-json\/wp\/v2\/posts\/27523472","targetHints":{"allow":["GET"]}}],"collection":[{"href":"https:\/\/www.upo.es\/diario\/wp-json\/wp\/v2\/posts"}],"about":[{"href":"https:\/\/www.upo.es\/diario\/wp-json\/wp\/v2\/types\/post"}],"author":[{"embeddable":true,"href":"https:\/\/www.upo.es\/diario\/wp-json\/wp\/v2\/users\/14"}],"replies":[{"embeddable":true,"href":"https:\/\/www.upo.es\/diario\/wp-json\/wp\/v2\/comments?post=27523472"}],"version-history":[{"count":4,"href":"https:\/\/www.upo.es\/diario\/wp-json\/wp\/v2\/posts\/27523472\/revisions"}],"predecessor-version":[{"id":27523476,"href":"https:\/\/www.upo.es\/diario\/wp-json\/wp\/v2\/posts\/27523472\/revisions\/27523476"}],"wp:attachment":[{"href":"https:\/\/www.upo.es\/diario\/wp-json\/wp\/v2\/media?parent=27523472"}],"wp:term":[{"taxonomy":"category","embeddable":true,"href":"https:\/\/www.upo.es\/diario\/wp-json\/wp\/v2\/categories?post=27523472"},{"taxonomy":"post_tag","embeddable":true,"href":"https:\/\/www.upo.es\/diario\/wp-json\/wp\/v2\/tags?post=27523472"}],"curies":[{"name":"wp","href":"https:\/\/api.w.org\/{rel}","templated":true}]}}