{"id":2754968,"date":"2014-02-05T06:46:12","date_gmt":"2014-02-05T06:46:12","guid":{"rendered":"https:\/\/www.upo.es\/diario\/?p=2754968"},"modified":"2014-02-06T07:39:01","modified_gmt":"2014-02-06T07:39:01","slug":"las-elecciones-a-delegado-o-delegada-general-seran-del-11-al-13-de-marzo","status":"publish","type":"post","link":"https:\/\/www.upo.es\/diario\/institucional\/2014\/02\/las-elecciones-a-delegado-o-delegada-general-seran-del-11-al-13-de-marzo\/","title":{"rendered":"Las elecciones a Delegado o Delegada General ser\u00e1n del 11 al 13 de marzo"},"content":{"rendered":"<figure id=\"attachment_2754969\" aria-describedby=\"caption-attachment-2754969\" style=\"width: 320px\" class=\"wp-caption alignright\"><a href=\"https:\/\/www.upo.es\/diario\/wp-content\/uploads\/2014\/02\/voto-electronico-delegado-general.png\"><img loading=\"lazy\" decoding=\"async\" class=\"size-medium wp-image-2754969\" alt=\"ilustraci\u00f3n acerca del voto electr\u00f3nico\" src=\"https:\/\/www.upo.es\/diario\/wp-content\/uploads\/2014\/02\/voto-electronico-delegado-general-320x240.png\" width=\"320\" height=\"240\" srcset=\"https:\/\/www.upo.es\/diario\/wp-content\/uploads\/2014\/02\/voto-electronico-delegado-general-320x240.png 320w, https:\/\/www.upo.es\/diario\/wp-content\/uploads\/2014\/02\/voto-electronico-delegado-general.png 400w\" sizes=\"auto, (max-width: 320px) 100vw, 320px\" \/><\/a><figcaption id=\"caption-attachment-2754969\" class=\"wp-caption-text\">El Delegado o Delegada ser\u00e1 elegido directamente por los estudiantes de grado y postgrado mediante voto electr\u00f3nico. Ilustraci\u00f3n: FreeDigitalPhotos<\/figcaption><\/figure>\n<p>El <b>Delegado o Delegada General ser\u00e1 elegido <\/b>por dos a\u00f1os y por primera vez<b> directamente por los estudiantes de grado y postgrado <\/b>de la Universidad Pablo de Olavide. El rector convoc\u00f3 el pasado 27 de enero las elecciones que tendr\u00e1n lugar <b>entre las 10 horas del d\u00eda 11 y las 18 horas del 13 de marzo<\/b>. En este per\u00edodo cualquier estudiante que conste en el censo podr\u00e1 emitir su <b>voto electr\u00f3nico<\/b>, sistema que por primera vez se implanta en la Universidad Pablo de Olavide.<\/p>\n<p>El <b><a href=\"https:\/\/votacion.upo.es\/apps\/ConsultaCensoEleccionesDelegado\/\">censo para las elecciones a Delegado o Delegada General<\/a><\/b> est\u00e1 compuesto por <b>estudiantes de grado y postgrado oficial<\/b>. Puede consultarse mediante el usuario y contrase\u00f1a que da acceso a los servicios de la UPO; el certificado electr\u00f3nico de la F\u00e1brica Nacional de Moneda y Timbre; o la firma electr\u00f3nica incluida en el DNIe. El plazo para realizar reclamaciones al censo concluye hoy mi\u00e9rcoles 5 de febrero. Estas pueden cursarse presencialmente en el <a href=\"http:\/\/www.upo.es\/urgce\/urc\/horario\/index.jsp\">Registro General de la Universidad<\/a> o a trav\u00e9s de su <a href=\"https:\/\/upo.gob.es\/\">Sede Electr\u00f3nica<\/a>.<\/p>\n<p>Seg\u00fan el <b>Calendario Electoral<\/b> para las elecciones a Delegado o Delegada General de la UPO las candidaturas podr\u00e1n presentarse del 7 al 12 de marzo. Una vez aprobadas las candidaturas definitivas se abrir\u00e1 la campa\u00f1a electoral, del 27 de febrero al 6 de marzo.<\/p>\n<p>Pueden presentar su <b>candidatura a Delegado o Delegada General<\/b> los miembros del Pleno del Consejo de Estudiantes (CEUPO) y aquellas personas que hayan formado parte del mismo al menos una vez durante los tres cursos acad\u00e9micos anteriores a la celebraci\u00f3n de la elecci\u00f3n. Son <a href=\"http:\/\/www.upo.es\/bupo\/doc\/2007\/bupo_n0008.pdf#page=6\">miembros del Pleno del CEUPO<\/a>los delegados y subdelegados de grupo, los representantes de estudiantes en los diferentes consejos de departamento y los estudiantes claustrales.<\/p>\n<p>Toda la informaci\u00f3n sobre las elecciones a Delegado o Delegada General en:<br \/>\n<strong><a href=\"https:\/\/www1.upo.es\/elecciones-delegado-general\/\">www1.upo.es\/elecciones-delegado-general<\/a><\/strong><\/p>\n<p>&nbsp;<\/p>\n","protected":false},"excerpt":{"rendered":"<p>El Delegado o Delegada General ser\u00e1 elegido por dos a\u00f1os y por primera vez directamente por los estudiantes de grado y postgrado de la Universidad Pablo de Olavide. El rector convoc\u00f3 el pasado 27 de enero las elecciones que tendr\u00e1n lugar entre las 10 horas del d\u00eda 11 y las 18 horas del 13 de marzo. En este per\u00edodo cualquier estudiante que conste en el censo podr\u00e1 emitir su voto electr\u00f3nico, sistema que por primera vez se implanta en la Universidad Pablo de Olavide.<\/p>\n","protected":false},"author":6,"featured_media":0,"comment_status":"closed","ping_status":"open","sticky":false,"template":"","format":"standard","meta":{"_monsterinsights_skip_tracking":false,"_monsterinsights_sitenote_active":false,"_monsterinsights_sitenote_note":"","_monsterinsights_sitenote_category":0,"footnotes":""},"categories":[6],"tags":[100,51,105,69,21],"class_list":["post-2754968","post","type-post","status-publish","format-standard","hentry","category-institucional","tag-ceupo","tag-consejo-de-estudiantes","tag-curso-2013-2014","tag-elecciones","tag-estudiantes"],"_links":{"self":[{"href":"https:\/\/www.upo.es\/diario\/wp-json\/wp\/v2\/posts\/2754968","targetHints":{"allow":["GET"]}}],"collection":[{"href":"https:\/\/www.upo.es\/diario\/wp-json\/wp\/v2\/posts"}],"about":[{"href":"https:\/\/www.upo.es\/diario\/wp-json\/wp\/v2\/types\/post"}],"author":[{"embeddable":true,"href":"https:\/\/www.upo.es\/diario\/wp-json\/wp\/v2\/users\/6"}],"replies":[{"embeddable":true,"href":"https:\/\/www.upo.es\/diario\/wp-json\/wp\/v2\/comments?post=2754968"}],"version-history":[{"count":4,"href":"https:\/\/www.upo.es\/diario\/wp-json\/wp\/v2\/posts\/2754968\/revisions"}],"predecessor-version":[{"id":2764456,"href":"https:\/\/www.upo.es\/diario\/wp-json\/wp\/v2\/posts\/2754968\/revisions\/2764456"}],"wp:attachment":[{"href":"https:\/\/www.upo.es\/diario\/wp-json\/wp\/v2\/media?parent=2754968"}],"wp:term":[{"taxonomy":"category","embeddable":true,"href":"https:\/\/www.upo.es\/diario\/wp-json\/wp\/v2\/categories?post=2754968"},{"taxonomy":"post_tag","embeddable":true,"href":"https:\/\/www.upo.es\/diario\/wp-json\/wp\/v2\/tags?post=2754968"}],"curies":[{"name":"wp","href":"https:\/\/api.w.org\/{rel}","templated":true}]}}