{"id":27564761,"date":"2018-07-26T11:37:07","date_gmt":"2018-07-26T11:37:07","guid":{"rendered":"https:\/\/www.upo.es\/diario\/?p=27564761"},"modified":"2018-07-27T07:07:01","modified_gmt":"2018-07-27T07:07:01","slug":"biotecnologia-mantiene-la-nota-de-corte-mas-alta-de-la-upo-en-la-segunda-adjudicacion-con-12444-sobre-14","status":"publish","type":"post","link":"https:\/\/www.upo.es\/diario\/institucional\/2018\/07\/biotecnologia-mantiene-la-nota-de-corte-mas-alta-de-la-upo-en-la-segunda-adjudicacion-con-12444-sobre-14\/","title":{"rendered":"Biotecnolog\u00eda mantiene la nota de corte m\u00e1s alta de la UPO en la Segunda Adjudicaci\u00f3n con 12,444 sobre 14"},"content":{"rendered":"<p><a href=\"https:\/\/www.upo.es\/diario\/wp-content\/uploads\/2018\/07\/LaLuna-UPO-1-132.jpg\"><img loading=\"lazy\" decoding=\"async\" class=\"alignright size-medium wp-image-27564762\" alt=\"LaLuna UPO 1 (132)\" src=\"https:\/\/www.upo.es\/diario\/wp-content\/uploads\/2018\/07\/LaLuna-UPO-1-132-320x213.jpg\" width=\"320\" height=\"213\" srcset=\"https:\/\/www.upo.es\/diario\/wp-content\/uploads\/2018\/07\/LaLuna-UPO-1-132-320x213.jpg 320w, https:\/\/www.upo.es\/diario\/wp-content\/uploads\/2018\/07\/LaLuna-UPO-1-132.jpg 500w\" sizes=\"auto, (max-width: 320px) 100vw, 320px\" \/><\/a>El <b>Grado en Biotecnolog\u00eda<\/b> mantiene, con 12,444 sobre 14, la nota de corte m\u00e1s alta de la Universidad Pablo de Olavide en la Segunda Adjudicaci\u00f3n de plazas de la Fase Ordinaria de Preinscripci\u00f3n, cuyos resultados ha hecho hoy p\u00fablicos el Distrito \u00danico Andaluz. El <b>Doble Grado en Derecho y Administraci\u00f3n y Direcci\u00f3n de Empresas en Ingl\u00e9s<\/b>, con un 12,330, es la siguiente titulaci\u00f3n que requiere mayor nota de acceso y el <b>Grado en ADE en Ingl\u00e9s <\/b>pasa a ocupar la tercera posici\u00f3n con 11,718.<\/p>\n<p>Los resultados de la Segunda Adjudicaci\u00f3n de plazas de la Primera Fase de Preinscripci\u00f3n en la UPO pueden consultarse desde hoy jueves 26 de julio en el <a href=\"https:\/\/upo.gob.es\/teo#teo-subsection-4-19\">tabl\u00f3n electr\u00f3nico de la Universidad Pablo de Olavide<\/a>. <b>Los alumnos y alumnas que hayan obtenido plaza tienen hasta el lunes 30 de julio para matricularse<\/b>, reservar o confirmar su posici\u00f3n en la lista de espera. Para alegaciones o reclamaciones de esta Segunda Adjudicaci\u00f3n, el plazo comprende igualmente desde hoy hasta el pr\u00f3ximo lunes.<\/p>\n<p>El <b><a href=\"https:\/\/www.upo.es\/matricula\/\">servicio de matr\u00edcula por Internet<\/a><\/b> permite a los estudiantes de la UPO la matriculaci\u00f3n electr\u00f3nica no presencial desde su ordenador personal o utilizando las aulas de inform\u00e1tica de la propia Universidad ubicadas en el edificio 6 \u2013asistidos por personal de apoyo para cualquier consulta y necesidad de ayuda\u2013 habilitadas al efecto de 9 a 14 horas. Para cualquier informaci\u00f3n sobre la matr\u00edcula, se puede visitar la p\u00e1gina web <a href=\"https:\/\/www.upo.es\/matricula\/matriculate\/instrucciones\/\">www.upo.es\/matricula<\/a>, donde est\u00e1 disponible un <a href=\"https:\/\/www.upo.es\/apps\/SimuladorMatriculacion\/\">simulador de matr\u00edcula<\/a> que proporciona informaci\u00f3n muy importante tanto para los estudiantes de nuevo ingreso como para los estudiantes que contin\u00faan estudios.<\/p>\n<table width=\"839\" border=\"1\" cellspacing=\"0\" cellpadding=\"0\">\n<tbody>\n<tr>\n<td valign=\"bottom\" nowrap=\"nowrap\" width=\"650\"><b>UNIVERSIDAD PABLO DE OLAVIDE, DE SEVILLA <\/b><b>Titulaci\u00f3n<\/b><\/td>\n<td valign=\"top\" nowrap=\"nowrap\" width=\"189\">\n<p align=\"center\"><b>Nota de Corte<\/b><\/p>\n<\/td>\n<\/tr>\n<tr>\n<td valign=\"bottom\" nowrap=\"nowrap\" width=\"650\">Grado en Biotecnolog\u00eda<\/td>\n<td valign=\"bottom\" nowrap=\"nowrap\" width=\"189\">\n<p align=\"center\">12,444<\/p>\n<\/td>\n<\/tr>\n<tr>\n<td valign=\"bottom\" nowrap=\"nowrap\" width=\"650\">Doble Grado en Derecho y ADE (ADE en Ingl\u00e9s)<\/td>\n<td valign=\"bottom\" nowrap=\"nowrap\" width=\"189\">\n<p align=\"center\">12,330<\/p>\n<\/td>\n<\/tr>\n<tr>\n<td valign=\"bottom\" nowrap=\"nowrap\" width=\"650\">Grado en Administraci\u00f3n y Direcci\u00f3n de Empresas (Ingl\u00e9s)<\/td>\n<td valign=\"bottom\" nowrap=\"nowrap\" width=\"189\">\n<p align=\"center\">11,718<\/p>\n<\/td>\n<\/tr>\n<tr>\n<td valign=\"bottom\" nowrap=\"nowrap\" width=\"650\">Doble Grado en Derecho y Criminolog\u00eda<\/td>\n<td valign=\"bottom\" nowrap=\"nowrap\" width=\"189\">\n<p align=\"center\">11,614<\/p>\n<\/td>\n<\/tr>\n<tr>\n<td valign=\"bottom\" nowrap=\"nowrap\" width=\"650\">Doble Grado en Humanidades y Traducci\u00f3n (Ingl\u00e9s)<\/td>\n<td valign=\"bottom\" nowrap=\"nowrap\" width=\"189\">\n<p align=\"center\">11,540<\/p>\n<\/td>\n<\/tr>\n<tr>\n<td valign=\"bottom\" nowrap=\"nowrap\" width=\"650\">Grado en Traducci\u00f3n e Interpretaci\u00f3n (Ingl\u00e9s)<\/td>\n<td valign=\"bottom\" nowrap=\"nowrap\" width=\"189\">\n<p align=\"center\">11,442<\/p>\n<\/td>\n<\/tr>\n<tr>\n<td valign=\"bottom\" nowrap=\"nowrap\" width=\"650\">Doble Grado en Derecho y ADE<\/td>\n<td valign=\"bottom\" nowrap=\"nowrap\" width=\"189\">\n<p align=\"center\">10,966<\/p>\n<\/td>\n<\/tr>\n<tr>\n<td valign=\"bottom\" nowrap=\"nowrap\" width=\"650\">Grado en Ciencias de la Actividad F\u00edsica y del Deporte<\/td>\n<td valign=\"bottom\" nowrap=\"nowrap\" width=\"189\">\n<p align=\"center\">10,952<\/p>\n<\/td>\n<\/tr>\n<tr>\n<td valign=\"bottom\" nowrap=\"nowrap\" width=\"650\">Grado en Nutrici\u00f3n Humana y Diet\u00e9tica<\/td>\n<td valign=\"bottom\" nowrap=\"nowrap\" width=\"189\">\n<p align=\"center\">10,652<\/p>\n<\/td>\n<\/tr>\n<tr>\n<td valign=\"bottom\" nowrap=\"nowrap\" width=\"650\">Grado en Criminolog\u00eda<\/td>\n<td valign=\"bottom\" nowrap=\"nowrap\" width=\"189\">\n<p align=\"center\">10,450<\/p>\n<\/td>\n<\/tr>\n<tr>\n<td valign=\"bottom\" nowrap=\"nowrap\" width=\"650\">Doble Grado en Derecho y Relaciones Laborales y Recursos Humanos<\/td>\n<td valign=\"bottom\" nowrap=\"nowrap\" width=\"189\">\n<p align=\"center\">10,405<\/p>\n<\/td>\n<\/tr>\n<tr>\n<td valign=\"bottom\" nowrap=\"nowrap\" width=\"650\">Doble Grado en Derecho y Ciencias Pol\u00edticas y de la Administraci\u00f3n<\/td>\n<td valign=\"bottom\" nowrap=\"nowrap\" width=\"189\">\n<p align=\"center\">10,094<\/p>\n<\/td>\n<\/tr>\n<tr>\n<td valign=\"bottom\" nowrap=\"nowrap\" width=\"650\">Doble Grado en Educaci\u00f3n Social y Trabajo Social<\/td>\n<td valign=\"bottom\" nowrap=\"nowrap\" width=\"189\">\n<p align=\"center\">9,717<\/p>\n<\/td>\n<\/tr>\n<tr>\n<td valign=\"bottom\" nowrap=\"nowrap\" width=\"650\">Grado en Traducci\u00f3n e Interpretaci\u00f3n (Alem\u00e1n)<\/td>\n<td valign=\"bottom\" nowrap=\"nowrap\" width=\"189\">\n<p align=\"center\">9,709<\/p>\n<\/td>\n<\/tr>\n<tr>\n<td valign=\"bottom\" nowrap=\"nowrap\" width=\"650\">Grado en Traducci\u00f3n e Interpretaci\u00f3n (Franc\u00e9s)<\/td>\n<td valign=\"bottom\" nowrap=\"nowrap\" width=\"189\">\n<p align=\"center\">9,595<\/p>\n<\/td>\n<\/tr>\n<tr>\n<td valign=\"bottom\" nowrap=\"nowrap\" width=\"650\">Grado en Administraci\u00f3n y Direcci\u00f3n de Empresas<\/td>\n<td valign=\"bottom\" nowrap=\"nowrap\" width=\"189\">\n<p align=\"center\">9,153<\/p>\n<\/td>\n<\/tr>\n<tr>\n<td valign=\"bottom\" nowrap=\"nowrap\" width=\"650\">Grado en Educaci\u00f3n Social<\/td>\n<td valign=\"bottom\" nowrap=\"nowrap\" width=\"189\">\n<p align=\"center\">8,875<\/p>\n<\/td>\n<\/tr>\n<tr>\n<td valign=\"bottom\" nowrap=\"nowrap\" width=\"650\">Doble Grado en Sociolog\u00eda y Ciencias Pol\u00edticas y de la Administraci\u00f3n<\/td>\n<td valign=\"bottom\" nowrap=\"nowrap\" width=\"189\">\n<p align=\"center\">8,873<\/p>\n<\/td>\n<\/tr>\n<tr>\n<td valign=\"bottom\" nowrap=\"nowrap\" width=\"650\">Grado en Derecho<\/td>\n<td valign=\"bottom\" nowrap=\"nowrap\" width=\"189\">\n<p align=\"center\">8,495<\/p>\n<\/td>\n<\/tr>\n<tr>\n<td valign=\"bottom\" nowrap=\"nowrap\" width=\"650\">Grado en Ciencias Pol\u00edticas y de la Administraci\u00f3n<\/td>\n<td valign=\"bottom\" nowrap=\"nowrap\" width=\"189\">\n<p align=\"center\">8,477<\/p>\n<\/td>\n<\/tr>\n<tr>\n<td valign=\"bottom\" nowrap=\"nowrap\" width=\"650\">Grado en Trabajo Social<\/td>\n<td valign=\"bottom\" nowrap=\"nowrap\" width=\"189\">\n<p align=\"center\">8,210<\/p>\n<\/td>\n<\/tr>\n<tr>\n<td valign=\"bottom\" nowrap=\"nowrap\" width=\"650\">Doble Grado en Trabajo Social y Sociolog\u00eda<\/td>\n<td valign=\"bottom\" nowrap=\"nowrap\" width=\"189\">\n<p align=\"center\">8,108<\/p>\n<\/td>\n<\/tr>\n<tr>\n<td valign=\"bottom\" nowrap=\"nowrap\" width=\"650\">Doble Grado en Derecho y Finanzas y Contabilidad<\/td>\n<td valign=\"bottom\" nowrap=\"nowrap\" width=\"189\">\n<p align=\"center\">8,016<\/p>\n<\/td>\n<\/tr>\n<tr>\n<td valign=\"bottom\" nowrap=\"nowrap\" width=\"650\">Grado en Sociolog\u00eda<\/td>\n<td valign=\"bottom\" nowrap=\"nowrap\" width=\"189\">\n<p align=\"center\">7,660<\/p>\n<\/td>\n<\/tr>\n<tr>\n<td valign=\"bottom\" nowrap=\"nowrap\" width=\"650\">Doble Grado en Derecho Hispano-Alem\u00e1n con la Universidad de Bayreuth<\/td>\n<td valign=\"bottom\" nowrap=\"nowrap\" width=\"189\">\n<p align=\"center\">7,196<\/p>\n<\/td>\n<\/tr>\n<tr>\n<td valign=\"bottom\" nowrap=\"nowrap\" width=\"650\">Grado en Ingenier\u00eda Inform\u00e1tica en Sistemas de Informaci\u00f3n<\/td>\n<td valign=\"bottom\" nowrap=\"nowrap\" width=\"189\">\n<p align=\"center\">6,888<\/p>\n<\/td>\n<\/tr>\n<tr>\n<td valign=\"bottom\" nowrap=\"nowrap\" width=\"650\">Grado en Relaciones Laborales y Recursos Humanos<\/td>\n<td valign=\"bottom\" nowrap=\"nowrap\" width=\"189\">\n<p align=\"center\">6,154<\/p>\n<\/td>\n<\/tr>\n<tr>\n<td valign=\"bottom\" nowrap=\"nowrap\" width=\"650\">Grado en Ciencias Ambientales<\/td>\n<td valign=\"bottom\" nowrap=\"nowrap\" width=\"189\">\n<p align=\"center\">5,737<\/p>\n<\/td>\n<\/tr>\n<tr>\n<td valign=\"bottom\" nowrap=\"nowrap\" width=\"650\">Doble Grado en Ciencias Ambientales y Geograf\u00eda e Historia<\/td>\n<td valign=\"bottom\" nowrap=\"nowrap\" width=\"189\">\n<p align=\"center\">5,340<\/p>\n<\/td>\n<\/tr>\n<tr>\n<td valign=\"bottom\" nowrap=\"nowrap\" width=\"650\">Grado en An\u00e1lisis Econ\u00f3mico<\/td>\n<td valign=\"bottom\" nowrap=\"nowrap\" width=\"189\">\n<p align=\"center\">5,340<\/p>\n<\/td>\n<\/tr>\n<tr>\n<td valign=\"bottom\" nowrap=\"nowrap\" width=\"650\">Grado en Humanidades<\/td>\n<td valign=\"bottom\" nowrap=\"nowrap\" width=\"189\">\n<p align=\"center\">5,281<\/p>\n<\/td>\n<\/tr>\n<tr>\n<td valign=\"bottom\" nowrap=\"nowrap\" width=\"650\">Grado en Geograf\u00eda e Historia<\/td>\n<td valign=\"bottom\" nowrap=\"nowrap\" width=\"189\">\n<p align=\"center\">5,077<\/p>\n<\/td>\n<\/tr>\n<tr>\n<td valign=\"bottom\" nowrap=\"nowrap\" width=\"650\">Grado en Finanzas y Contabilidad<\/td>\n<td valign=\"bottom\" nowrap=\"nowrap\" width=\"189\">\n<p align=\"center\">5,000<\/p>\n<\/td>\n<\/tr>\n<\/tbody>\n<\/table>\n<p>En cuanto a las titulaciones ofertadas este curso por el <b>Centro San Isidoro de CEADE<\/b>, adscrito a la Universidad Pablo de Olavide, los resultados de la Segunda Adjudicaci\u00f3n de la Primera Fase han sido los siguientes:<\/p>\n<table width=\"839\" border=\"1\" cellspacing=\"0\" cellpadding=\"0\">\n<tbody>\n<tr>\n<td valign=\"top\" nowrap=\"nowrap\" width=\"650\"><b>CENTRO SAN ISIDORO, DE CEADE, ADSCRITO A LA UPO<\/b><b>Titulaci\u00f3n<\/b><\/td>\n<td valign=\"top\" nowrap=\"nowrap\" width=\"189\">\n<p align=\"center\"><b>Nota de Corte<\/b><\/p>\n<\/td>\n<\/tr>\n<tr>\n<td valign=\"bottom\" nowrap=\"nowrap\" width=\"650\">Grado en Ciencias de la Actividad F\u00edsica y del Deporte<\/td>\n<td valign=\"bottom\" nowrap=\"nowrap\" width=\"189\">\n<p align=\"center\">5,931<\/p>\n<\/td>\n<\/tr>\n<tr>\n<td valign=\"bottom\" nowrap=\"nowrap\" width=\"650\">Doble Grado en Comunicaci\u00f3n y Comunicaci\u00f3n Digital<\/td>\n<td valign=\"bottom\" nowrap=\"nowrap\" width=\"189\">\n<p align=\"center\">5,860<\/p>\n<\/td>\n<\/tr>\n<tr>\n<td valign=\"bottom\" nowrap=\"nowrap\" width=\"650\">Grado en Derecho<\/td>\n<td valign=\"bottom\" nowrap=\"nowrap\" width=\"189\">\n<p align=\"center\">5,200<\/p>\n<\/td>\n<\/tr>\n<tr>\n<td valign=\"bottom\" nowrap=\"nowrap\" width=\"650\">Grado en Administraci\u00f3n y Direcci\u00f3n de Empresas<\/td>\n<td valign=\"bottom\" nowrap=\"nowrap\" width=\"189\">\n<p align=\"center\">5,092<\/p>\n<\/td>\n<\/tr>\n<tr>\n<td valign=\"bottom\" nowrap=\"nowrap\" width=\"650\">Grado en Comunicaci\u00f3n<\/td>\n<td valign=\"bottom\" nowrap=\"nowrap\" width=\"189\">\n<p align=\"center\">5,016<\/p>\n<\/td>\n<\/tr>\n<tr>\n<td valign=\"bottom\" nowrap=\"nowrap\" width=\"650\">Grado en Comunicaci\u00f3n Digital<\/td>\n<td valign=\"bottom\" nowrap=\"nowrap\" width=\"189\">\n<p align=\"center\">5,000<\/p>\n<\/td>\n<\/tr>\n<\/tbody>\n<\/table>\n","protected":false},"excerpt":{"rendered":"<p>El Grado en Biotecnolog\u00eda mantiene, con 12,444 sobre 14, la nota de corte m\u00e1s alta de la Universidad Pablo de Olavide en la Segunda Adjudicaci\u00f3n de plazas de la Fase Ordinaria de Preinscripci\u00f3n, cuyos resultados ha hecho p\u00fablicos el Distrito \u00danico Andaluz. El Doble Grado en Derecho y Administraci\u00f3n y Direcci\u00f3n de Empresas en Ingl\u00e9s, con un 12,330, es la siguiente titulaci\u00f3n que requiere mayor nota de acceso y el Grado en ADE en Ingl\u00e9s pasa a ocupar la tercera posici\u00f3n con 11,718.<\/p>\n","protected":false},"author":14,"featured_media":0,"comment_status":"closed","ping_status":"open","sticky":false,"template":"","format":"standard","meta":{"_monsterinsights_skip_tracking":false,"_monsterinsights_sitenote_active":false,"_monsterinsights_sitenote_note":"","_monsterinsights_sitenote_category":0,"footnotes":""},"categories":[6],"tags":[121,717,21,1658,1656,743,5412],"class_list":["post-27564761","post","type-post","status-publish","format-standard","hentry","category-institucional","tag-biotecnologia","tag-distrito-unico-andaluz","tag-estudiantes","tag-matriculacion","tag-notas-de-corte","tag-preinscripcion","tag-segunda-adjudicacion"],"_links":{"self":[{"href":"https:\/\/www.upo.es\/diario\/wp-json\/wp\/v2\/posts\/27564761","targetHints":{"allow":["GET"]}}],"collection":[{"href":"https:\/\/www.upo.es\/diario\/wp-json\/wp\/v2\/posts"}],"about":[{"href":"https:\/\/www.upo.es\/diario\/wp-json\/wp\/v2\/types\/post"}],"author":[{"embeddable":true,"href":"https:\/\/www.upo.es\/diario\/wp-json\/wp\/v2\/users\/14"}],"replies":[{"embeddable":true,"href":"https:\/\/www.upo.es\/diario\/wp-json\/wp\/v2\/comments?post=27564761"}],"version-history":[{"count":4,"href":"https:\/\/www.upo.es\/diario\/wp-json\/wp\/v2\/posts\/27564761\/revisions"}],"predecessor-version":[{"id":27576082,"href":"https:\/\/www.upo.es\/diario\/wp-json\/wp\/v2\/posts\/27564761\/revisions\/27576082"}],"wp:attachment":[{"href":"https:\/\/www.upo.es\/diario\/wp-json\/wp\/v2\/media?parent=27564761"}],"wp:term":[{"taxonomy":"category","embeddable":true,"href":"https:\/\/www.upo.es\/diario\/wp-json\/wp\/v2\/categories?post=27564761"},{"taxonomy":"post_tag","embeddable":true,"href":"https:\/\/www.upo.es\/diario\/wp-json\/wp\/v2\/tags?post=27564761"}],"curies":[{"name":"wp","href":"https:\/\/api.w.org\/{rel}","templated":true}]}}