{"id":27578893,"date":"2018-07-27T11:35:51","date_gmt":"2018-07-27T11:35:51","guid":{"rendered":"https:\/\/www.upo.es\/diario\/?p=27578893"},"modified":"2018-08-31T10:29:15","modified_gmt":"2018-08-31T10:29:15","slug":"las-encuestas-de-la-flora-tristan-muestran-buenos-resultados-en-la-satisfaccion-de-sus-residentes","status":"publish","type":"post","link":"https:\/\/www.upo.es\/diario\/institucional\/2018\/07\/las-encuestas-de-la-flora-tristan-muestran-buenos-resultados-en-la-satisfaccion-de-sus-residentes\/","title":{"rendered":"Las encuestas de la Flora Trist\u00e1n muestran buenos resultados en la satisfacci\u00f3n de sus residentes"},"content":{"rendered":"<figure id=\"attachment_27578894\" aria-describedby=\"caption-attachment-27578894\" style=\"width: 600px\" class=\"wp-caption aligncenter\"><a href=\"https:\/\/www.upo.es\/diario\/wp-content\/uploads\/2018\/07\/pauloramalho-0514-9992.jpg\"><img loading=\"lazy\" decoding=\"async\" class=\"size-large wp-image-27578894\" alt=\"Residencia Universitaria Flora Trist\u00e1n\" src=\"https:\/\/www.upo.es\/diario\/wp-content\/uploads\/2018\/07\/pauloramalho-0514-9992-600x399.jpg\" width=\"600\" height=\"399\" srcset=\"https:\/\/www.upo.es\/diario\/wp-content\/uploads\/2018\/07\/pauloramalho-0514-9992-600x399.jpg 600w, https:\/\/www.upo.es\/diario\/wp-content\/uploads\/2018\/07\/pauloramalho-0514-9992-320x212.jpg 320w, https:\/\/www.upo.es\/diario\/wp-content\/uploads\/2018\/07\/pauloramalho-0514-9992.jpg 900w\" sizes=\"auto, (max-width: 600px) 100vw, 600px\" \/><\/a><figcaption id=\"caption-attachment-27578894\" class=\"wp-caption-text\">Biblioteca de la Residencia Universitaria Flora Trist\u00e1n<\/figcaption><\/figure>\n<p><span style=\"text-decoration: underline;\">El 80 por ciento de las personas encuestadas residentes en la <a href=\"https:\/\/www.upo.es\/floratristan\">Residencia Universitaria Flora Trist\u00e1n<\/a> est\u00e1n satisfechas o muy satisfechas con su estancia en la misma, seg\u00fan el estudio de opini\u00f3n realizado por la Universidad Pablo de Olavide, al que ha respondido m\u00e1s de la mitad de los residentes de la Flora Trist\u00e1n en el curso 2017\/2018. <\/span><\/p>\n<p>Por sexos, ha contestado un 34,66 por ciento de hombres y un 65,34 por ciento de mujeres, siendo la franja de edad mayoritaria la comprendida entre 18 y 30 a\u00f1os y la tipolog\u00eda de estudios cursados la de grado.<\/p>\n<p>Los servicios de vigilancia (3,89), mobiliario del piso (3,74) y mantenimiento (3,57) se han valorado de manera muy alta. El resto, como el de atenci\u00f3n e informaci\u00f3n y el de limpieza tambi\u00e9n han obtenido un buen resultado, superando en ambos casos la puntuaci\u00f3n de 3 sobre 5. En comparaci\u00f3n con cursos anteriores, el servicio de wifi ha subido su valoraci\u00f3n considerablemente respecto al nivel de satisfacci\u00f3n por parte de los residentes alcanzando un 3,88 gracias a la inversi\u00f3n realizada en infraestructura y ampliaci\u00f3n del servicio.<\/p>\n<p>En cuanto a las instalaciones de la Residencia, las valoraciones m\u00e1s positivas han sido las del garaje y la sala de estudios, seguidas de la sala de estar y la lavander\u00eda, en todos los casos superando la media de 3,36.<\/p>\n<p>Las actividades internas organizadas en coordinaci\u00f3n con el Consejo de Residentes y los grupos motores organizados y gestionados por los propios residentes como las charlas formativas, los talleres, la comida de navidad, el taller de pesti\u00f1os y el cinef\u00f3rum semanal, entre otras, est\u00e1n valoradas por encima del 4 sobre 5. Por otro lado, las actividades externas abiertas al barrio en las que la Residencia participa se han valorado tambi\u00e9n de manera especialmente positiva, destacando: la Fiesta de la Primavera, la Ruta de la Tapa, el D\u00eda de la Mujer, la formaci\u00f3n ofertada a trav\u00e9s del Instituto Andaluz de la Juventud para la comunidad universitaria y el D\u00eda de la Eliminaci\u00f3n de la Violencia contra las Mujeres.<\/p>\n<p>Con respecto a la colaboraci\u00f3n desarrollada desde el Proyecto Social de la Residencia en Pol\u00edgono Sur durante el curso 2017\/2018, se ha contado con 40 personas becadas, de las cuales 25 han sido mujeres y 15 hombres. Participando en un total de 29 proyectos y acciones diferentes con 28 entidades y en 7 mesas de trabajo, se ha trabajado de manera directa con 779 personas, de las cuales 626 est\u00e1n comprendidas entre los 0 y 25 a\u00f1os; 87 entre los 26 y 50; 42 entre los 51 y 65 a\u00f1os; y 24 de m\u00e1s de 65 a\u00f1os.<\/p>\n<p>Por otra parte, este curso la Residencia Universitaria Flora Trist\u00e1n ha obtenido dos distinciones institucionales. Por un lado, al mejor programa de entretenimiento en la IV edici\u00f3n de los \u201c<b>Premios Andaluc\u00eda de Comunicaci\u00f3n Audiovisual Local<\/b>\u201d al espacio \u201cVenimos del Sur\u201c en Radio Abierta Sevilla y, por otro lado, la distinci\u00f3n como parte de la <b>Red de Espacios Libres de Violencia de G\u00e9nero del Ayuntamiento de Sevilla<\/b>.<\/p>\n<p>La Flora Trist\u00e1n, dependiente del <b>Vicerrectorado de Cultura y Compromiso Social<\/b>, es una iniciativa pionera en Andaluc\u00eda que pretende proporcionar a los estudiantes universitarios una formaci\u00f3n humana integral m\u00e1s all\u00e1 de la acad\u00e9mica, adem\u00e1s de contribuir a la revitalizaci\u00f3n de Pol\u00edgono Sur a trav\u00e9s de la presencia cotidiana de los j\u00f3venes universitarios.<\/p>\n<p><b>La residencia mantiene abierto el plazo de inscripci\u00f3n para solicitar una de las 220 plazas<\/b> de las que dispone para residir en alguna de sus 110 viviendas durante el curso 2018\/2019 en la modalidad sin beca o para estudiantes egresados en los dos \u00faltimos a\u00f1os de cualquier universidad. La solicitud de plaza y toda la informaci\u00f3n sobre las bases de admisi\u00f3n y documentaci\u00f3n se encuentra en la <a href=\"https:\/\/www.upo.es\/floratristan\">web de la Flora Trist\u00e1n<\/a>, mientras que las solicitudes pueden entregarse en persona o por correo ordinario en la propia residencia (C\/ Residencia de Estudiantes s\/n, 41013 Sevilla).<\/p>\n","protected":false},"excerpt":{"rendered":"<p>El 80 por ciento de las personas encuestadas residentes en la Residencia Universitaria Flora Trist\u00e1n est\u00e1n satisfechas o muy satisfechas con su estancia en la misma, seg\u00fan el estudio de opini\u00f3n realizado por la Universidad Pablo de Olavide, al que ha respondido m\u00e1s de la mitad de los residentes de la Flora Trist\u00e1n en el curso 2017\/2018. Por sexos, ha contestado un 34,66 por ciento de hombres y un 65,34 por ciento de mujeres, siendo la franja de edad mayoritaria la comprendida entre 18 y 30 a\u00f1os y la tipolog\u00eda de estudios cursados la de grado.<\/p>\n","protected":false},"author":14,"featured_media":0,"comment_status":"closed","ping_status":"open","sticky":false,"template":"","format":"standard","meta":{"_monsterinsights_skip_tracking":false,"_monsterinsights_sitenote_active":false,"_monsterinsights_sitenote_note":"","_monsterinsights_sitenote_category":0,"footnotes":""},"categories":[6],"tags":[5416,21,2506,357,1745,3917,2667],"class_list":["post-27578893","post","type-post","status-publish","format-standard","hentry","category-institucional","tag-encuestas-de-satisfaccion","tag-estudiantes","tag-instalaciones","tag-poligono-sur","tag-residencia-universitaria-flora-tristan","tag-servicios","tag-vicerrectorado-de-cultura-y-compromiso-social"],"_links":{"self":[{"href":"https:\/\/www.upo.es\/diario\/wp-json\/wp\/v2\/posts\/27578893","targetHints":{"allow":["GET"]}}],"collection":[{"href":"https:\/\/www.upo.es\/diario\/wp-json\/wp\/v2\/posts"}],"about":[{"href":"https:\/\/www.upo.es\/diario\/wp-json\/wp\/v2\/types\/post"}],"author":[{"embeddable":true,"href":"https:\/\/www.upo.es\/diario\/wp-json\/wp\/v2\/users\/14"}],"replies":[{"embeddable":true,"href":"https:\/\/www.upo.es\/diario\/wp-json\/wp\/v2\/comments?post=27578893"}],"version-history":[{"count":10,"href":"https:\/\/www.upo.es\/diario\/wp-json\/wp\/v2\/posts\/27578893\/revisions"}],"predecessor-version":[{"id":27578898,"href":"https:\/\/www.upo.es\/diario\/wp-json\/wp\/v2\/posts\/27578893\/revisions\/27578898"}],"wp:attachment":[{"href":"https:\/\/www.upo.es\/diario\/wp-json\/wp\/v2\/media?parent=27578893"}],"wp:term":[{"taxonomy":"category","embeddable":true,"href":"https:\/\/www.upo.es\/diario\/wp-json\/wp\/v2\/categories?post=27578893"},{"taxonomy":"post_tag","embeddable":true,"href":"https:\/\/www.upo.es\/diario\/wp-json\/wp\/v2\/tags?post=27578893"}],"curies":[{"name":"wp","href":"https:\/\/api.w.org\/{rel}","templated":true}]}}