{"id":27633340,"date":"2018-07-31T08:07:01","date_gmt":"2018-07-31T08:07:01","guid":{"rendered":"https:\/\/www.upo.es\/diario\/?p=27633340"},"modified":"2018-07-31T08:17:09","modified_gmt":"2018-07-31T08:17:09","slug":"la-egresada-de-la-upo-ana-jimenez-tuset-finalista-del-premio-jovenes-juristas-2018","status":"publish","type":"post","link":"https:\/\/www.upo.es\/diario\/institucional\/2018\/07\/la-egresada-de-la-upo-ana-jimenez-tuset-finalista-del-premio-jovenes-juristas-2018\/","title":{"rendered":"La egresada de la UPO Ana Jim\u00e9nez-Tuset, finalista del Premio J\u00f3venes Juristas 2018"},"content":{"rendered":"<figure id=\"attachment_27633345\" aria-describedby=\"caption-attachment-27633345\" style=\"width: 320px\" class=\"wp-caption alignright\"><a href=\"https:\/\/www.upo.es\/diario\/wp-content\/uploads\/2018\/07\/AnaJimenez-Tuset_1.jpg\"><img loading=\"lazy\" decoding=\"async\" class=\"size-medium wp-image-27633345\" alt=\"Ana Jim\u00e9nez-Tuset\" src=\"https:\/\/www.upo.es\/diario\/wp-content\/uploads\/2018\/07\/AnaJimenez-Tuset_1-320x192.jpg\" width=\"320\" height=\"192\" srcset=\"https:\/\/www.upo.es\/diario\/wp-content\/uploads\/2018\/07\/AnaJimenez-Tuset_1-320x192.jpg 320w, https:\/\/www.upo.es\/diario\/wp-content\/uploads\/2018\/07\/AnaJimenez-Tuset_1.jpg 360w\" sizes=\"auto, (max-width: 320px) 100vw, 320px\" \/><\/a><figcaption id=\"caption-attachment-27633345\" class=\"wp-caption-text\">Ana Jim\u00e9nez-Tuset<\/figcaption><\/figure>\n<p style=\"text-align: justify;\"><b>Ana Jim\u00e9nez-Tuset Bernat<\/b>, egresada de la<a href=\"https:\/\/www.upo.es\/facultad-derecho\/es\/\"> Facultad de Derecho de la Universidad Pablo de Olavide<\/a>, ha resultado finalista del <strong>Premio J\u00f3venes Juristas 2018<\/strong> que otorga la <a href=\"http:\/\/www.garrigues.com\/es_ES\/commitment\/garrigues-y-la-sociedad\/fundacion-garrigues\">Fundaci\u00f3n Garrigues<\/a>, junto con la editorial Thomson-Reuters y el Centro de Estudios Garrigues con el objetivo de fomentar la excelencia en el conocimiento y ejercicio del Derecho de Empresa.<\/p>\n<p style=\"text-align: justify;\">El Premio J\u00f3venes Juristas, que cumple este a\u00f1o su XVIII edici\u00f3n, se otorga a la persona con mejor calificaci\u00f3n en una prueba evaluada por un jurado de expertos. La prueba consiste en la elaboraci\u00f3n y defensa oral de un dictamen sobre un caso de Derecho de Empresa, en sus aspectos te\u00f3ricos y pr\u00e1cticos. La convocatoria est\u00e1 dirigida a estudiantes de \u00faltimo curso de licenciatura o grado en Derecho en cualquier universidad espa\u00f1ola o extranjera y cuyo expediente acad\u00e9mico hasta la fecha acredite disponer de una calificaci\u00f3n igual o superior a notable (7).<\/p>\n<p style=\"text-align: justify;\">La estudiante de la UPO Ana Jim\u00e9nez ha cursado el Doble Grado en Derecho y Administraci\u00f3n y Direcci\u00f3n de Empresas en Ingl\u00e9s y con el reconocimiento de ser finalista del Premio J\u00f3venes Juristas le ha sido otorgada una ayuda al estudio del 50 por ciento para cursar un programa M\u00e1ster Universitario en Pr\u00e1ctica Jur\u00eddica en el Centro de Estudios Garrigues.<\/p>\n<p style=\"text-align: justify;\">La joven sevillana <b>Ana Jim\u00e9nez-Tuset Bernat<\/b> est\u00e1 graduada en el Doble T\u00edtulo en Derecho y Administraci\u00f3n y Direcci\u00f3n de Empresas en Ingl\u00e9s de la Universidad Pablo de Olavide. En su tercer a\u00f1o de carrera estuvo de Erasmus en La Rochelle (Francia). Durante los estudios, realiz\u00f3 pr\u00e1cticas en el despacho de abogados Cuatrecasas, en el \u00c1rea de Litigaci\u00f3n y Arbitraje. Tras finalizar las pr\u00e1ticas y los Trabajos de Fin de Grados particip\u00f3 en el Premio J\u00f3venes Juristas del Centro de Estudios Garrigues en Madrid, obteniendo el reconocimiento de finalista y optando a la realizaci\u00f3n del M\u00e1ster en Acceso a la Abogac\u00eda y el de Derecho Internacional de los Negocios, que incluye una estancia en la Universidad de Derecho Fordham en Nueva York. Actualmente, est\u00e1 realizando pr\u00e1cticas en el \u00c1rea de Servicios Jur\u00eddicos en la ciudad de BBVA en Madrid.<\/p>\n","protected":false},"excerpt":{"rendered":"<p>Ana Jim\u00e9nez-Tuset Bernat, egresada de la Facultad de Derecho de la Universidad Pablo de Olavide, ha resultado finalista del Premio J\u00f3venes Juristas 2018 que otorga la Fundaci\u00f3n Garrigues, junto con la editorial Thomson-Reuters y el Centro de Estudios Garrigues con el objetivo de fomentar la excelencia en el conocimiento y ejercicio del Derecho de Empresa.<\/p>\n","protected":false},"author":4,"featured_media":0,"comment_status":"closed","ping_status":"open","sticky":false,"template":"","format":"standard","meta":{"_monsterinsights_skip_tracking":false,"_monsterinsights_sitenote_active":false,"_monsterinsights_sitenote_note":"","_monsterinsights_sitenote_category":0,"footnotes":""},"categories":[6],"tags":[5419,81,5417,5418],"class_list":["post-27633340","post","type-post","status-publish","format-standard","hentry","category-institucional","tag-doble-grado-en-derecho-y-administracion-y-direccion-de-empresas-en-ingles","tag-facultad-de-derecho","tag-fundacion-garrigues","tag-premio-jovenes-juristas"],"_links":{"self":[{"href":"https:\/\/www.upo.es\/diario\/wp-json\/wp\/v2\/posts\/27633340","targetHints":{"allow":["GET"]}}],"collection":[{"href":"https:\/\/www.upo.es\/diario\/wp-json\/wp\/v2\/posts"}],"about":[{"href":"https:\/\/www.upo.es\/diario\/wp-json\/wp\/v2\/types\/post"}],"author":[{"embeddable":true,"href":"https:\/\/www.upo.es\/diario\/wp-json\/wp\/v2\/users\/4"}],"replies":[{"embeddable":true,"href":"https:\/\/www.upo.es\/diario\/wp-json\/wp\/v2\/comments?post=27633340"}],"version-history":[{"count":4,"href":"https:\/\/www.upo.es\/diario\/wp-json\/wp\/v2\/posts\/27633340\/revisions"}],"predecessor-version":[{"id":27633344,"href":"https:\/\/www.upo.es\/diario\/wp-json\/wp\/v2\/posts\/27633340\/revisions\/27633344"}],"wp:attachment":[{"href":"https:\/\/www.upo.es\/diario\/wp-json\/wp\/v2\/media?parent=27633340"}],"wp:term":[{"taxonomy":"category","embeddable":true,"href":"https:\/\/www.upo.es\/diario\/wp-json\/wp\/v2\/categories?post=27633340"},{"taxonomy":"post_tag","embeddable":true,"href":"https:\/\/www.upo.es\/diario\/wp-json\/wp\/v2\/tags?post=27633340"}],"curies":[{"name":"wp","href":"https:\/\/api.w.org\/{rel}","templated":true}]}}