{"id":2767402,"date":"2014-02-06T18:11:46","date_gmt":"2014-02-06T18:11:46","guid":{"rendered":"https:\/\/www.upo.es\/diario\/?p=2767402"},"modified":"2014-02-07T08:11:27","modified_gmt":"2014-02-07T08:11:27","slug":"las-candidaturas-a-delegado-o-delegada-general-pueden-presentarse-hasta-el-miercoles-12-de-marzo","status":"publish","type":"post","link":"https:\/\/www.upo.es\/diario\/infoupo\/2014\/02\/las-candidaturas-a-delegado-o-delegada-general-pueden-presentarse-hasta-el-miercoles-12-de-marzo\/","title":{"rendered":"Las candidaturas a Delegado o Delegada General pueden presentarse hasta el mi\u00e9rcoles 12 de marzo"},"content":{"rendered":"<p>La Comisi\u00f3n Electoral de la Universidad Pablo de Olavide, en su reuni\u00f3n de hoy y al no haber reclamaciones, ha publicado el <b><a href=\"https:\/\/votacion.upo.es\/apps\/ConsultaCensoEleccionesDelegado\/\">censo definitivo<\/a><\/b> de estudiantes para las Elecciones a Delegado o Delegada General. As\u00ed mismo, acuerda abrir el <b>plazo de presentaci\u00f3n de candidaturas, desde ma\u00f1ana viernes y hasta el pr\u00f3ximo mi\u00e9rcoles 12 de febrero<\/b>.<\/p>\n<p>Pueden presentar su candidatura a Delegado o Delegada General <b>los miembros del Pleno del Consejo de Estudiantes <\/b>(CEUPO)<b> y aquellas personas que hayan formado parte del mismo al menos una vez durante los tres cursos acad\u00e9micos anteriores<\/b> a la celebraci\u00f3n de la elecci\u00f3n. Son miembros del Pleno del CEUPO los delegados y subdelegados de grupo, los representantes de estudiantes en los diferentes consejos de departamento y los estudiantes claustrales.<\/p>\n<p>Las candidaturas pueden presentarse presencialmente en el <a href=\"http:\/\/www.upo.es\/urgce\/urc\/horario\/index.jsp\">Registro General de la Universidad<\/a> o a trav\u00e9s de su <a href=\"https:\/\/upo.gob.es\/\">Sede Electr\u00f3nica<\/a>.<\/p>\n<p><b>M\u00e1s informaci\u00f3n e instancias<\/b> para presentar candidaturas en:<br \/>\n<a href=\"https:\/\/www1.upo.es\/elecciones-delegado-general\/\">www1.upo.es\/elecciones-delegado-general\/<br \/>\n<\/a><a href=\"https:\/\/www1.upo.es\/elecciones-delegado-general\/proceso-electoral\/formularios-e-instancias\/\">www1.upo.es\/elecciones-delegado-general\/proceso-electoral\/formularios-e-instancias\/<\/a><\/p>\n","protected":false},"excerpt":{"rendered":"<p>La Comisi\u00f3n Electoral de la Universidad Pablo de Olavide, en su reuni\u00f3n de hoy y al no haber reclamaciones, ha publicado el censo definitivo de estudiantes para las Elecciones a Delegado o Delegada General. As\u00ed mismo, acuerda abrir el plazo de presentaci\u00f3n de candidaturas, desde ma\u00f1ana viernes y hasta el pr\u00f3ximo mi\u00e9rcoles 12 de febrero.<\/p>\n","protected":false},"author":6,"featured_media":0,"comment_status":"closed","ping_status":"open","sticky":false,"template":"","format":"standard","meta":{"_monsterinsights_skip_tracking":false,"_monsterinsights_sitenote_active":false,"_monsterinsights_sitenote_note":"","_monsterinsights_sitenote_category":0,"footnotes":""},"categories":[5],"tags":[100,51,69,21],"class_list":["post-2767402","post","type-post","status-publish","format-standard","hentry","category-infoupo","tag-ceupo","tag-consejo-de-estudiantes","tag-elecciones","tag-estudiantes"],"_links":{"self":[{"href":"https:\/\/www.upo.es\/diario\/wp-json\/wp\/v2\/posts\/2767402","targetHints":{"allow":["GET"]}}],"collection":[{"href":"https:\/\/www.upo.es\/diario\/wp-json\/wp\/v2\/posts"}],"about":[{"href":"https:\/\/www.upo.es\/diario\/wp-json\/wp\/v2\/types\/post"}],"author":[{"embeddable":true,"href":"https:\/\/www.upo.es\/diario\/wp-json\/wp\/v2\/users\/6"}],"replies":[{"embeddable":true,"href":"https:\/\/www.upo.es\/diario\/wp-json\/wp\/v2\/comments?post=2767402"}],"version-history":[{"count":3,"href":"https:\/\/www.upo.es\/diario\/wp-json\/wp\/v2\/posts\/2767402\/revisions"}],"predecessor-version":[{"id":2772057,"href":"https:\/\/www.upo.es\/diario\/wp-json\/wp\/v2\/posts\/2767402\/revisions\/2772057"}],"wp:attachment":[{"href":"https:\/\/www.upo.es\/diario\/wp-json\/wp\/v2\/media?parent=2767402"}],"wp:term":[{"taxonomy":"category","embeddable":true,"href":"https:\/\/www.upo.es\/diario\/wp-json\/wp\/v2\/categories?post=2767402"},{"taxonomy":"post_tag","embeddable":true,"href":"https:\/\/www.upo.es\/diario\/wp-json\/wp\/v2\/tags?post=2767402"}],"curies":[{"name":"wp","href":"https:\/\/api.w.org\/{rel}","templated":true}]}}