{"id":2774183,"date":"2014-02-07T13:15:59","date_gmt":"2014-02-07T13:15:59","guid":{"rendered":"https:\/\/www.upo.es\/diario\/?p=2774183"},"modified":"2014-02-07T14:55:43","modified_gmt":"2014-02-07T14:55:43","slug":"alumnos-del-ies-poligono-sur-visitan-el-centro-de-proceso-de-datos-de-la-upo","status":"publish","type":"post","link":"https:\/\/www.upo.es\/diario\/institucional\/2014\/02\/alumnos-del-ies-poligono-sur-visitan-el-centro-de-proceso-de-datos-de-la-upo\/","title":{"rendered":"Alumnos del IES Pol\u00edgono Sur visitan el Centro de Proceso de Datos de la UPO"},"content":{"rendered":"<figure id=\"attachment_2774184\" aria-describedby=\"caption-attachment-2774184\" style=\"width: 320px\" class=\"wp-caption alignright\"><a href=\"https:\/\/www.upo.es\/diario\/wp-content\/uploads\/2014\/02\/visitaIESPoligonoSur_cic.jpg\"><img loading=\"lazy\" decoding=\"async\" class=\"size-medium wp-image-2774184 \" alt=\"Estudiantes del IES Pol\u00edgono Sur visitan el Datacenter de la UPO\" src=\"https:\/\/www.upo.es\/diario\/wp-content\/uploads\/2014\/02\/visitaIESPoligonoSur_cic-320x213.jpg\" width=\"320\" height=\"213\" srcset=\"https:\/\/www.upo.es\/diario\/wp-content\/uploads\/2014\/02\/visitaIESPoligonoSur_cic-320x213.jpg 320w, https:\/\/www.upo.es\/diario\/wp-content\/uploads\/2014\/02\/visitaIESPoligonoSur_cic-1024x682.jpg 1024w, https:\/\/www.upo.es\/diario\/wp-content\/uploads\/2014\/02\/visitaIESPoligonoSur_cic-600x399.jpg 600w\" sizes=\"auto, (max-width: 320px) 100vw, 320px\" \/><\/a><figcaption id=\"caption-attachment-2774184\" class=\"wp-caption-text\">Estudiantes del IES Pol\u00edgono Sur visitan el Datacenter de la UPO<\/figcaption><\/figure>\n<p style=\"text-align: justify;\">Un grupo de treinta estudiantes de los ciclos superiores de Administraci\u00f3n Inform\u00e1tica y Desarrollo Web del IES Pol\u00edgono Sur, junto a sus profesores, han visitado hoy viernes el Centro de Proceso de Datos (Datacenter) de la Universidad Pablo de Olavide. La actividad, que ha sido organizada por la Direcci\u00f3n general de Acceso, Difusi\u00f3n y Captaci\u00f3n a trav\u00e9s del Centro de Inform\u00e1tica y Comunicaciones de la UPO, tiene como objetivo informar y orientar a los estudiantes sobre el grado en Ingenier\u00eda Inform\u00e1tica en Sistemas de Informaci\u00f3n, as\u00ed como la difusi\u00f3n del conocimiento de las Tecnolog\u00edas de la Informaci\u00f3n y su aplicaci\u00f3n pr\u00e1ctica.<\/p>\n<p style=\"text-align: justify;\">Previamente a la visita, el subdirector de la Escuela Polit\u00e9cnica Superior de la UPO, Luis Merino, la directora general de Acceso, Difusi\u00f3n y Captaci\u00f3n, Mercedes de la Torre, y la jefa de Servicio de Inform\u00e1tica, F\u00e1tima Romero \u00c1viles, han recibido a los estudiantes de los ciclos superiores de Administraci\u00f3n Inform\u00e1tica y Desarrollo Web. Esta primera parte de la actividad se ha articulado en dos sesiones: una informativa de presentaci\u00f3n del grado en Ingenier\u00eda Inform\u00e1tica en Sistemas de Informaci\u00f3n a cargo del subdirector de la Escuela Polit\u00e9cnica Superior de la UPO, Luis Merino; y en la segunda sesi\u00f3n, la jefa de Servicio de Inform\u00e1tica, F\u00e1tima Romero \u00c1viles, ha presentado las Tecnolog\u00edas de la Informaci\u00f3n desplegadas en la Universidad Pablo de Olavide.<\/p>\n<p style=\"text-align: justify;\">Para finalizar la actividad, los estudiantes han realizado una visita guiada y explicativa al Centro de Proceso de Datos de la UPO (Datacenter) situado en el edificio del Rectorado. El gestor de Sistemas del CIC, Antonio Quintero Garc\u00eda, les ha presentado las infraestructuras TIC desplegadas en el campus y en el Centro de Proceso de Datos, as\u00ed como sus funciones.<\/p>\n<p style=\"text-align: justify;\">El Datacenter de la Universidad Pablo de Olavide re\u00fane todas las partes de gesti\u00f3n de los servicios de tecnolog\u00edas de la informaci\u00f3n. Los servicios que fundamentalmente se alojan son los sistemas de comunicaci\u00f3n, cortafuegos, balanceadores, almacenamiento de datos y, a su vez, es el punto central de uni\u00f3n de los edificios del campus con la electr\u00f3nica de las tecnolog\u00edas de la informaci\u00f3n.<\/p>\n","protected":false},"excerpt":{"rendered":"<p>Un grupo de treinta estudiantes de los ciclos superiores de Administraci\u00f3n Inform\u00e1tica y Desarrollo Web del IES Pol\u00edgono Sur, junto a sus profesores, han visitado hoy viernes el Centro de Proceso de Datos (Datacenter) de la Universidad Pablo de Olavide. <\/p>\n","protected":false},"author":4,"featured_media":0,"comment_status":"closed","ping_status":"open","sticky":false,"template":"","format":"standard","meta":{"_monsterinsights_skip_tracking":false,"_monsterinsights_sitenote_active":false,"_monsterinsights_sitenote_note":"","_monsterinsights_sitenote_category":0,"footnotes":""},"categories":[6],"tags":[424,985,21,1109,986,297],"class_list":["post-2774183","post","type-post","status-publish","format-standard","hentry","category-institucional","tag-cic","tag-datacenter","tag-estudiantes","tag-formacion-profesional","tag-ingenieria-informatica","tag-visita"],"_links":{"self":[{"href":"https:\/\/www.upo.es\/diario\/wp-json\/wp\/v2\/posts\/2774183","targetHints":{"allow":["GET"]}}],"collection":[{"href":"https:\/\/www.upo.es\/diario\/wp-json\/wp\/v2\/posts"}],"about":[{"href":"https:\/\/www.upo.es\/diario\/wp-json\/wp\/v2\/types\/post"}],"author":[{"embeddable":true,"href":"https:\/\/www.upo.es\/diario\/wp-json\/wp\/v2\/users\/4"}],"replies":[{"embeddable":true,"href":"https:\/\/www.upo.es\/diario\/wp-json\/wp\/v2\/comments?post=2774183"}],"version-history":[{"count":4,"href":"https:\/\/www.upo.es\/diario\/wp-json\/wp\/v2\/posts\/2774183\/revisions"}],"predecessor-version":[{"id":2774190,"href":"https:\/\/www.upo.es\/diario\/wp-json\/wp\/v2\/posts\/2774183\/revisions\/2774190"}],"wp:attachment":[{"href":"https:\/\/www.upo.es\/diario\/wp-json\/wp\/v2\/media?parent=2774183"}],"wp:term":[{"taxonomy":"category","embeddable":true,"href":"https:\/\/www.upo.es\/diario\/wp-json\/wp\/v2\/categories?post=2774183"},{"taxonomy":"post_tag","embeddable":true,"href":"https:\/\/www.upo.es\/diario\/wp-json\/wp\/v2\/tags?post=2774183"}],"curies":[{"name":"wp","href":"https:\/\/api.w.org\/{rel}","templated":true}]}}