{"id":2774616,"date":"2014-02-10T06:28:35","date_gmt":"2014-02-10T06:28:35","guid":{"rendered":"https:\/\/www.upo.es\/diario\/?p=2774616"},"modified":"2014-02-12T13:27:17","modified_gmt":"2014-02-12T13:27:17","slug":"expertos-europeos-en-alfabetizacion-de-personas-adultas-se-reunen-desde-el-lunes-en-la-upo","status":"publish","type":"post","link":"https:\/\/www.upo.es\/diario\/institucional\/2014\/02\/expertos-europeos-en-alfabetizacion-de-personas-adultas-se-reunen-desde-el-lunes-en-la-upo\/","title":{"rendered":"Expertos europeos en alfabetizaci\u00f3n de personas adultas se re\u00fanen en la UPO"},"content":{"rendered":"<figure id=\"attachment_2803367\" aria-describedby=\"caption-attachment-2803367\" style=\"width: 320px\" class=\"wp-caption alignleft\"><a href=\"https:\/\/www.upo.es\/diario\/wp-content\/uploads\/2014\/02\/2014_02_10_e-literacy_09.jpg\"><img loading=\"lazy\" decoding=\"async\" class=\"size-medium wp-image-2803367\" alt=\"El seminario \u201ce-literacy\u201d, se celebrar\u00e1 del 10 al 15 de febrero en la UPO\" src=\"https:\/\/www.upo.es\/diario\/wp-content\/uploads\/2014\/02\/2014_02_10_e-literacy_09-320x213.jpg\" width=\"320\" height=\"213\" srcset=\"https:\/\/www.upo.es\/diario\/wp-content\/uploads\/2014\/02\/2014_02_10_e-literacy_09-320x213.jpg 320w, https:\/\/www.upo.es\/diario\/wp-content\/uploads\/2014\/02\/2014_02_10_e-literacy_09-1024x682.jpg 1024w, https:\/\/www.upo.es\/diario\/wp-content\/uploads\/2014\/02\/2014_02_10_e-literacy_09-600x400.jpg 600w\" sizes=\"auto, (max-width: 320px) 100vw, 320px\" \/><\/a><figcaption id=\"caption-attachment-2803367\" class=\"wp-caption-text\">El seminario \u201ce-literacy\u201d, se celebrar\u00e1 del 10 al 15 de febrero en la UPO<\/figcaption><\/figure>\n<p style=\"text-align: justify;\">Vicente Guzm\u00e1n, rector de la Universidad Pablo de Olavide; Guillermo Dom\u00ednguez, decano de la Facultad de Ciencias Sociales; y Francisco L\u00f3pez,\u00a0presidente de la Asociaci\u00f3n Gantalcal\u00e1, han inaugurado esta ma\u00f1ana el <b>seminario europeo \u201ce-literacy\u201d. <\/b>Esta iniciativa est\u00e1 organizada por la <a href=\"http:\/\/www.gantalcala.org\/\">Asociaci\u00f3n Gantalcal\u00e1<\/a> con la colaboraci\u00f3n de la Olavide, y enmarcada en el subprograma Grundtvig del Programa de Aprendizaje Permanente de la Comisi\u00f3n Europea.<\/p>\n<p style=\"text-align: justify;\">Hasta el pr\u00f3ximo s\u00e1bado d\u00eda 15, <strong>profesores, formadores personal dedicado a la alfabetizaci\u00f3n de adultos y futuros profesionales de este \u00e1mbito procedentes de B\u00e9lgica, Espa\u00f1a, Grecia, Hungr\u00eda, Italia, Letonia, Rumania y Turqu\u00eda se reunir\u00e1n en la Universidad Pablo de Olavide con el objetivo de adquirir herramientas y metodolog\u00edas educativas, innovadoras<\/strong>, que favorezcan el desarrollo de acciones formativos enfocadas a la alfabetizaci\u00f3n ling\u00fc\u00edstica de personas adultas, a la misma vez que compartir\u00e1n sus experiencias en el campo de la formaci\u00f3n con otros profesionales europeos.<\/p>\n<p style=\"text-align: justify;\">Durante el seminario, los profesionales, a trav\u00e9s de su participaci\u00f3n en distintos talleres, van a adquirir conocimientos y habilidades en relaci\u00f3n a programas de movilidad de adultos en la Uni\u00f3n Europea; adquisici\u00f3n de herramientas y metodolog\u00edas para la alfabetizaci\u00f3n ling\u00fc\u00edstica de adultos; m\u00e9todos basados en el aprendizaje experiencial y el \u201ceffective learning\u201d; t\u00e9cnicas de activaci\u00f3n f\u00edsica y mental del alumnado; pr\u00e1cticas de aprendizaje innovadoras y basadas en las TIC; creaci\u00f3n de documentos online y blogs para el alumnado; plataforma virtual MOODLE de recursos, entre otros.<\/p>\n<figure id=\"attachment_2774617\" aria-describedby=\"caption-attachment-2774617\" style=\"width: 320px\" class=\"wp-caption alignright\"><a href=\"https:\/\/www.upo.es\/diario\/wp-content\/uploads\/2014\/02\/e-literacy.jpg\"><img loading=\"lazy\" decoding=\"async\" class=\"size-medium wp-image-2774617  \" alt=\"cartel del seminario\" src=\"https:\/\/www.upo.es\/diario\/wp-content\/uploads\/2014\/02\/e-literacy-320x115.jpg\" width=\"320\" height=\"115\" srcset=\"https:\/\/www.upo.es\/diario\/wp-content\/uploads\/2014\/02\/e-literacy-320x115.jpg 320w, https:\/\/www.upo.es\/diario\/wp-content\/uploads\/2014\/02\/e-literacy-600x215.jpg 600w, https:\/\/www.upo.es\/diario\/wp-content\/uploads\/2014\/02\/e-literacy.jpg 867w\" sizes=\"auto, (max-width: 320px) 100vw, 320px\" \/><\/a><figcaption id=\"caption-attachment-2774617\" class=\"wp-caption-text\">El seminario \u201ce-literacy\u201d, se enmarcada en el subprograma Grundtvig del Programa de Aprendizaje Permanente de la Comisi\u00f3n Europea<\/figcaption><\/figure>\n<p style=\"text-align: justify;\">Mediante la realizaci\u00f3n de distintas presentaciones, los\u00a0 participantes tendr\u00e1n la oportunidad de conocer las principales caracter\u00edsticas de los sistemas educativos enfocados a la formaci\u00f3n de adultos en los pa\u00edses representados en el seminario.<\/p>\n<p style=\"text-align: justify;\">En t\u00e9rminos de cooperaci\u00f3n europea, se prev\u00e9 que se den los primeros pasos para establecer nuevas redes de cooperaci\u00f3n y colaboraci\u00f3n entre distintas entidades que act\u00faan en el campo de la alfabetizaci\u00f3n de adultos para promover la movilidad transnacional de adultos sectores sociales vulnerables o ambientes sociales marginales.<\/p>\n<p style=\"text-align: justify;\"><b><a href=\"https:\/\/www.upo.es\/diario\/wp-content\/uploads\/2014\/02\/E-LITERACY.pdf\">Programa seminario europeo \u201ce-literacy\u201d<\/a><\/b><\/p>\n","protected":false},"excerpt":{"rendered":"<p>Hasta el pr\u00f3ximo s\u00e1bado d\u00eda 15, profesores, formadores personal dedicado a la alfabetizaci\u00f3n de adultos y futuros profesionales de este \u00e1mbito procedentes de B\u00e9lgica, Espa\u00f1a, Grecia, Hungr\u00eda, Italia, Letonia, Rumania y Turqu\u00eda se reunir\u00e1n en la Universidad Pablo de Olavide con el objetivo de adquirir herramientas y metodolog\u00edas educativas, innovadoras, que favorezcan el desarrollo de acciones formativos enfocadas a la alfabetizaci\u00f3n ling\u00fc\u00edstica de personas adultas, a la misma vez que compartir\u00e1n sus experiencias en el campo de la formaci\u00f3n con otros profesionales europeos.<\/p>\n","protected":false},"author":4,"featured_media":0,"comment_status":"closed","ping_status":"open","sticky":false,"template":"","format":"standard","meta":{"_monsterinsights_skip_tracking":false,"_monsterinsights_sitenote_active":false,"_monsterinsights_sitenote_note":"","_monsterinsights_sitenote_category":0,"footnotes":""},"categories":[6],"tags":[1153,1154,545,38,78,868,68],"class_list":["post-2774616","post","type-post","status-publish","format-standard","hentry","category-institucional","tag-alfabetizacion","tag-asociacion-gantalcala","tag-ciencias-sociales","tag-rector","tag-seminario","tag-ue","tag-union-europea"],"_links":{"self":[{"href":"https:\/\/www.upo.es\/diario\/wp-json\/wp\/v2\/posts\/2774616","targetHints":{"allow":["GET"]}}],"collection":[{"href":"https:\/\/www.upo.es\/diario\/wp-json\/wp\/v2\/posts"}],"about":[{"href":"https:\/\/www.upo.es\/diario\/wp-json\/wp\/v2\/types\/post"}],"author":[{"embeddable":true,"href":"https:\/\/www.upo.es\/diario\/wp-json\/wp\/v2\/users\/4"}],"replies":[{"embeddable":true,"href":"https:\/\/www.upo.es\/diario\/wp-json\/wp\/v2\/comments?post=2774616"}],"version-history":[{"count":9,"href":"https:\/\/www.upo.es\/diario\/wp-json\/wp\/v2\/posts\/2774616\/revisions"}],"predecessor-version":[{"id":2802516,"href":"https:\/\/www.upo.es\/diario\/wp-json\/wp\/v2\/posts\/2774616\/revisions\/2802516"}],"wp:attachment":[{"href":"https:\/\/www.upo.es\/diario\/wp-json\/wp\/v2\/media?parent=2774616"}],"wp:term":[{"taxonomy":"category","embeddable":true,"href":"https:\/\/www.upo.es\/diario\/wp-json\/wp\/v2\/categories?post=2774616"},{"taxonomy":"post_tag","embeddable":true,"href":"https:\/\/www.upo.es\/diario\/wp-json\/wp\/v2\/tags?post=2774616"}],"curies":[{"name":"wp","href":"https:\/\/api.w.org\/{rel}","templated":true}]}}