{"id":277635,"date":"2013-01-18T07:00:32","date_gmt":"2013-01-18T07:00:32","guid":{"rendered":"https:\/\/www.upo.es\/diario\/?p=277635"},"modified":"2013-01-18T09:41:39","modified_gmt":"2013-01-18T09:41:39","slug":"comienzan-en-la-upo-las-i-jornadas-internacionales-sobre-preparacion-fisica-en-deportes-de-equipo","status":"publish","type":"post","link":"https:\/\/www.upo.es\/diario\/deportes\/2013\/01\/comienzan-en-la-upo-las-i-jornadas-internacionales-sobre-preparacion-fisica-en-deportes-de-equipo\/","title":{"rendered":"Comienzan en la UPO las I Jornadas Internacionales sobre Preparaci\u00f3n F\u00edsica en Deportes de Equipo"},"content":{"rendered":"<figure id=\"attachment_285001\" aria-describedby=\"caption-attachment-285001\" style=\"width: 320px\" class=\"wp-caption alignright\"><a href=\"https:\/\/www.upo.es\/diario\/wp-content\/uploads\/2013\/01\/PrepFisica_DeportesEquipo_16.jpg\"><img loading=\"lazy\" decoding=\"async\" class=\"size-medium wp-image-285001\" alt=\"Acto inaugural de las Jornadas en el Paraninfo\" src=\"https:\/\/www.upo.es\/diario\/wp-content\/uploads\/2013\/01\/PrepFisica_DeportesEquipo_16-320x213.jpg\" width=\"320\" height=\"213\" srcset=\"https:\/\/www.upo.es\/diario\/wp-content\/uploads\/2013\/01\/PrepFisica_DeportesEquipo_16-320x213.jpg 320w, https:\/\/www.upo.es\/diario\/wp-content\/uploads\/2013\/01\/PrepFisica_DeportesEquipo_16-1024x682.jpg 1024w, https:\/\/www.upo.es\/diario\/wp-content\/uploads\/2013\/01\/PrepFisica_DeportesEquipo_16-600x400.jpg 600w\" sizes=\"auto, (max-width: 320px) 100vw, 320px\" \/><\/a><figcaption id=\"caption-attachment-285001\" class=\"wp-caption-text\">Modesto Luce\u00f1o, en el centro de la mesa inaugural, acompa\u00f1ado por Juan Jos\u00e9 Gonz\u00e1lez Badillo, Antonio Fern\u00e1ndez Mart\u00ednez, Bernardo Requena y Luis Su\u00e1rez<\/figcaption><\/figure>\n<p>Esta ma\u00f1ana han comenzado, en el Paraninfo de la Universidad Pablo de Olavide, las <strong>I Jornadas Internacionales de Preparaci\u00f3n F\u00edsica en Deportes de Equipo \u201cInternacional Conference in Team Sports\u201d<\/strong>, inauguradas por Modesto Luce\u00f1o, vicerrector de Estudiantes, Deporte y Medio Ambiente de la UPO junto con Juan Jos\u00e9 Gonz\u00e1lez Badillo, delegado del Centro de Investigaci\u00f3n en Rendimiento F\u00edsico y Deportivo de la UPO; Antonio Fern\u00e1ndez Mart\u00ednez, decano de la Facultad del Deporte, y Bernardo Requena y Luis Su\u00e1rez, profesores de la UPO y directores de estas jornadas.<\/p>\n<p>Un total de 150 personas asistir\u00e1n a estas jornadas que se celebran entre hoy y ma\u00f1ana s\u00e1bado, enmarcadas en el master propio en Preparaci\u00f3n F\u00edsica y Readaptaci\u00f3n en F\u00fatbol de la UPO. Este encuentro tiene como objetivo mejorar el conocimiento cient\u00edfico y t\u00e9cnico de los participantes sobre el proceso de acondicionamiento f\u00edsico y readaptaci\u00f3n en deportes de equipo. De esta manera, profesionales y expertos deportivos abordar\u00e1n, entre otros temas, el rendimiento f\u00edsico, la valoraci\u00f3n de la condici\u00f3n f\u00edsica y la optimizaci\u00f3n de la preparaci\u00f3n f\u00edsica y monitorizaci\u00f3n de los futbolistas.<\/p>\n<p>La Universidad Pablo de Olavide acoge as\u00ed durante dos d\u00edas este encuentro que contar\u00e1 con la participaci\u00f3n de Mart\u00edn Buchheit, fisi\u00f3logo responsable de investigaci\u00f3n (Centro ASPIRE, Qatar) y asesor de diferentes federaciones y equipos; Alberto Mendez-Villanueva, especialista en Alto Rendimiento Deportivo, preparador f\u00edsico y jefe del Departamento de Fisiolog\u00eda en F\u00fatbol (Centro ASPIRE, Qatar); y Franco Impellizzeri de la University de Verona (Italia) y FIFA Medical Centre of Excellence en Zurich.<\/p>\n<p>Las jornadas est\u00e1n organizadas por la Universidad Pablo de Olavide, el Centro de Estudios de Postgrado de la UPO y el M\u00e1ster de Preparaci\u00f3n F\u00edsica y Readaptaci\u00f3n en F\u00fatbol de la UPO, con la colaboraci\u00f3n de las empresas QDIEZ. Entrenamiento y Recuperaci\u00f3n; Total Med. Innovaci\u00f3n en eHealth; Vincid. Wellness Innovation; Fundaci\u00f3n Joaqu\u00edn Caparr\u00f3s; In\u00e9s Rosales y TD Sistemas. Control y gesti\u00f3n.<\/p>\n<p>El master propio en Preparaci\u00f3n F\u00edsica y Readaptaci\u00f3n en F\u00fatbol de la UPO, dirigido por los profesores de la UPO Bernardo Requena y Luis Su\u00e1rez, tiene como objetivo mejorar el conocimiento cient\u00edfico y t\u00e9cnico del estudiante sobre el proceso de acondicionamiento f\u00edsico del futbolista. El t\u00edtulo est\u00e1 destinado a graduados y estudiantes del \u00faltimo curso del grado en Ciencias de la Actividad F\u00edsica y del Deporte, licenciados en Medicina, graduados en Fisioterapia y entrenadores nacionales de f\u00fatbol.<\/p>\n<p style=\"text-align: center;\"><b>\u00a0 \u00a0 \u00a0 \u00a0 \u00a0 \u00a0<\/b><b>PROGRAMA:<\/b><\/p>\n<p align=\"center\"><b>JORNADAS INTERNACIONALES DE PREPARACI\u00d3N F\u00cdSICA EN DEPORTES DE EQUIPO \u201cINTERNATIONAL CONFERENCE IN TEAM SPORTS\u201d<\/b><\/p>\n<p align=\"center\"><b>18 y 19 de enero de 2013 &#8211; Paraninfo de la Universidad Pablo de Olavide<\/b><\/p>\n<p><b>\u00a0<\/b><\/p>\n<p><b>VIERNES, 18 de Enero <\/b><\/p>\n<p><b>\u00a0<\/b>8:30-10:00. Comunicaciones<\/p>\n<p>10:00-10:30. Presentaci\u00f3n:<\/p>\n<p>&#8211;\u00a0\u00a0\u00a0\u00a0\u00a0\u00a0\u00a0\u00a0\u00a0 Modesto Luce\u00f1o Garc\u00e9s, vicerrector de de Estudiantes, Deporte y Medio Ambiente\u00a0de la UPO.<\/p>\n<p>&#8211;\u00a0\u00a0\u00a0\u00a0\u00a0\u00a0\u00a0\u00a0\u00a0 Juan Jos\u00e9 Gonz\u00e1lez Badillo, delegado del Centro de Investigaci\u00f3n en Rendimiento F\u00edsico y Deportivo de la UPO.<\/p>\n<p>&#8211;\u00a0\u00a0\u00a0\u00a0\u00a0\u00a0\u00a0\u00a0\u00a0 Antonio Fern\u00e1ndez Mart\u00ednez, decano de la Facultad del Deporte de la UPO.<\/p>\n<p>&#8211;\u00a0\u00a0\u00a0\u00a0\u00a0\u00a0\u00a0\u00a0\u00a0 Bernardo Requena y Luis Su\u00e1rez, profesores de la UPO y directores de las Jornadas y del master en Preparaci\u00f3n F\u00edsica y Readaptaci\u00f3n en F\u00fatbol.<\/p>\n<p>10:30-11:30. <b>CONFERENCIA PLENARIA. Martin Buchheit, <\/b>ASPIRE Academy for Sport Excellence. Qatar. Fisi\u00f3logo y responsable de investigaci\u00f3n. Asesor de diferentes federaciones y equipos<b>: \u00a0<\/b><\/p>\n<p>\u201cHigh intensity interval training: shaping the puzzle piece\u201d<\/p>\n<p>11:45 &#8211; 12:45.<b> CONFERENCIA PLENARIA. Alberto Mendez-Villanueva, <\/b>ASPIRE Academy for Sport Excellence. Qatar. Especialista en Alto Rendimiento Deportivo. Preparador f\u00edsico y jefe del Departamento de Fisiolog\u00eda en F\u00fatbol<b>:<\/b><\/p>\n<p>\u201cLa capacidad para repetir sprints: \u00bfLa clave del rendimiento f\u00edsico en f\u00fatbol?\u201d<\/p>\n<p>12:45 &#8211; 13:45. <b>CONFERENCIA PLENARIA. Franco Impellizzeri.<\/b> University of Verona, Italy and FIFA Medical Centre of Excellence, Zurich, Switzerland<b>:<\/b><\/p>\n<p>\u201cMethodological issues on resesarch in soccer: theory and practice\u201d<\/p>\n<p>13.45 &#8211; 14.30. Sesi\u00f3n de P\u00f3ster<\/p>\n<p>16:00 &#8211; 17:00. Comunicaciones<\/p>\n<p>17:00 &#8211; 18:00.<b> CONFERENCIA PLENARIA. <\/b><b>Martin Buchheit,<\/b> ASPIRE Academy for Sport Excellence. Qatar. Fisi\u00f3logo y responsable de investigaci\u00f3n. Asesor de diferentes federaciones y equipos<b>:\u00a0<\/b><\/p>\n<p>Monitoring training status in team sport athletes: why do simple when you can do complicated?<\/p>\n<p><b>18.15 &#8211; 19.15. CONFERENCIA PLENARIA. Alberto Mendez-Villanueva, <\/b>ASPIRE Academy for Sport Excellence. Qatar. Especialista en Alto Rendimiento Deportivo. Preparador f\u00edsico y jefe del Departamento de Fisiolog\u00eda en F\u00fatbol<b>:<\/b><\/p>\n<p>\u201cValoraci\u00f3n de la condici\u00f3n f\u00edsica en futbolistas: \u00bfSe eval\u00faa para dar valor a\u00f1adido o para confirmar las evidencias?\u201d<\/p>\n<p><b>19.15 &#8211; 20.15. CONFERENCIA PLENARIA. Franco Impellizzeri.<\/b> University of Verona, Italy and FIFA Medical Centre of Excellence, Zurich, Switzerland<b>:<\/b><\/p>\n<p>\u201cGeneric vs. specifi training in soccer\u201d<\/p>\n<p><b>S\u00c1BADO, 19 de Enero<\/b><\/p>\n<p>8.30 &#8211; 10.00. <b>Comunicaciones<\/b><\/p>\n<p><b>\u00a0<\/b>10:00 &#8211; 11:00. <b>CONFERENCIA PLENARIA. Alberto M\u00e9ndez\u00a0\u00a0 Villanueva, <\/b>ASPIRE Academy for Sport Excellence. Qatar. Especialista en Alto Rendimiento Deportivo. Preparador f\u00edsico y jefe del Departamento de Fisiolog\u00eda en F\u00fatbol<b>: <\/b><\/p>\n<p>\u201cOptimizaci\u00f3n de la preparaci\u00f3n f\u00edsica en futbolistas a trav\u00e9s de la monitorizaci\u00f3n de la carga de trabajo con sistemas GPS\u201d.<\/p>\n<p>11:15 &#8211; 12:15. <b>CONFERENCIA PLENARIA. Martin Buchheit, <\/b>ASPIRE Academy for Sport Excellence. Qatar. Fisi\u00f3logo y responsable de investigaci\u00f3n. Asesor de diferentes federaciones y equipos<b>:\u00a0<\/b><\/p>\n<p><b>\u201c<\/b>Manipulating environmental factors during training: an ergogenic tool to boost training adaptations?\u201d<\/p>\n<p>12:15 &#8211; 13:15. <b>CONFERENCIA PLENARIA. Franco Impellizzeri. <\/b>University of Verona, Italy and FIFA Medical Centre of Excellence, Zurich, Switzerland<b>:<\/b><\/p>\n<p>\u201c11+ prevention program of FIFA\u201d<\/p>\n","protected":false},"excerpt":{"rendered":"<p>Esta ma\u00f1ana han comenzado, en el Paraninfo de la Universidad Pablo de Olavide, las I Jornadas Internacionales de Preparaci\u00f3n F\u00edsica en Deportes de Equipo \u201cInternacional Conference in Team Sports\u201d. Un total de 150 personas asistir\u00e1n a estas jornadas enmarcadas en el master propio en Preparaci\u00f3n F\u00edsica y Readaptaci\u00f3n en F\u00fatbol de la UPO. Este encuentro tiene como objetivo mejorar el conocimiento cient\u00edfico y t\u00e9cnico de los participantes sobre el proceso de acondicionamiento f\u00edsico y readaptaci\u00f3n en deportes de equipo.<\/p>\n","protected":false},"author":4,"featured_media":0,"comment_status":"closed","ping_status":"open","sticky":false,"template":"","format":"standard","meta":{"_monsterinsights_skip_tracking":false,"_monsterinsights_sitenote_active":false,"_monsterinsights_sitenote_note":"","_monsterinsights_sitenote_category":0,"footnotes":""},"categories":[30],"tags":[84],"class_list":["post-277635","post","type-post","status-publish","format-standard","hentry","category-deportes","tag-jornadas"],"_links":{"self":[{"href":"https:\/\/www.upo.es\/diario\/wp-json\/wp\/v2\/posts\/277635","targetHints":{"allow":["GET"]}}],"collection":[{"href":"https:\/\/www.upo.es\/diario\/wp-json\/wp\/v2\/posts"}],"about":[{"href":"https:\/\/www.upo.es\/diario\/wp-json\/wp\/v2\/types\/post"}],"author":[{"embeddable":true,"href":"https:\/\/www.upo.es\/diario\/wp-json\/wp\/v2\/users\/4"}],"replies":[{"embeddable":true,"href":"https:\/\/www.upo.es\/diario\/wp-json\/wp\/v2\/comments?post=277635"}],"version-history":[{"count":8,"href":"https:\/\/www.upo.es\/diario\/wp-json\/wp\/v2\/posts\/277635\/revisions"}],"predecessor-version":[{"id":277639,"href":"https:\/\/www.upo.es\/diario\/wp-json\/wp\/v2\/posts\/277635\/revisions\/277639"}],"wp:attachment":[{"href":"https:\/\/www.upo.es\/diario\/wp-json\/wp\/v2\/media?parent=277635"}],"wp:term":[{"taxonomy":"category","embeddable":true,"href":"https:\/\/www.upo.es\/diario\/wp-json\/wp\/v2\/categories?post=277635"},{"taxonomy":"post_tag","embeddable":true,"href":"https:\/\/www.upo.es\/diario\/wp-json\/wp\/v2\/tags?post=277635"}],"curies":[{"name":"wp","href":"https:\/\/api.w.org\/{rel}","templated":true}]}}