{"id":277970,"date":"2013-01-18T07:00:44","date_gmt":"2013-01-18T07:00:44","guid":{"rendered":"https:\/\/www.upo.es\/diario\/?p=277970"},"modified":"2013-01-18T07:06:03","modified_gmt":"2013-01-18T07:06:03","slug":"manana-comienza-una-nueva-edicion-del-ciclo-de-conferencias-de-investigacion-historica","status":"publish","type":"post","link":"https:\/\/www.upo.es\/diario\/infoupo\/2013\/01\/manana-comienza-una-nueva-edicion-del-ciclo-de-conferencias-de-investigacion-historica\/","title":{"rendered":"Hoy comienza una nueva edici\u00f3n del ciclo de conferencias de investigaci\u00f3n hist\u00f3rica"},"content":{"rendered":"<figure id=\"attachment_277972\" aria-describedby=\"caption-attachment-277972\" style=\"width: 229px\" class=\"wp-caption alignright\"><a href=\"https:\/\/www.upo.es\/diario\/wp-content\/uploads\/2013\/01\/Cartel8Ciclo2013_18ene.jpg\"><img loading=\"lazy\" decoding=\"async\" class=\"size-medium wp-image-277972 \" alt=\"octava edici\u00f3n del Ciclo de Conferencias Internacional \u2018M\u00e9todos, teor\u00edas y nuevas l\u00edneas de investigaci\u00f3n hist\u00f3rica\u2019 \" src=\"https:\/\/www.upo.es\/diario\/wp-content\/uploads\/2013\/01\/Cartel8Ciclo2013_18ene-229x320.jpg\" width=\"229\" height=\"320\" srcset=\"https:\/\/www.upo.es\/diario\/wp-content\/uploads\/2013\/01\/Cartel8Ciclo2013_18ene-229x320.jpg 229w, https:\/\/www.upo.es\/diario\/wp-content\/uploads\/2013\/01\/Cartel8Ciclo2013_18ene-735x1024.jpg 735w, https:\/\/www.upo.es\/diario\/wp-content\/uploads\/2013\/01\/Cartel8Ciclo2013_18ene-600x835.jpg 600w, https:\/\/www.upo.es\/diario\/wp-content\/uploads\/2013\/01\/Cartel8Ciclo2013_18ene.jpg 1500w\" sizes=\"auto, (max-width: 229px) 100vw, 229px\" \/><\/a><figcaption id=\"caption-attachment-277972\" class=\"wp-caption-text\">Mercedes Delgado (US) y Miguel \u00c1ngel de Bunes (CSIC) ser\u00e1n los conferenciantes que inicien el ciclo de 2013<\/figcaption><\/figure>\n<p>Hoy viernes 18 de enero, a las 16 horas en la sala Vila Vilar de la Escuela de Estudios Hispano-Americanos (c\/Alfonso XII, 16) comienza la octava edici\u00f3n del <b>Ciclo de Conferencias Internacional \u2018M\u00e9todos, teor\u00edas y nuevas l\u00edneas de investigaci\u00f3n hist\u00f3rica\u2019<\/b> correspondiente a 2013.<\/p>\n<p>Mercedes Delgado, profesora de Estudios \u00c1rabes e Isl\u00e1micos de la Universidad de Sevilla, y Miguel \u00c1ngel de Bunes, del Instituto de Historia (CSIC), impartir\u00e1n\u00a0 las conferencias <b>\u201cHernando de Baeza, mediador entre los Reyes Cat\u00f3licos y el sult\u00e1n Boabdil\u201d<\/b> y <b>\u201cEstudios del Mediterr\u00e1neo en el siglo XVII: entre el conocimiento y la ignorancia\u201d<\/b>, respectivamente.<\/p>\n<p>En el VIII ciclo \u2018M\u00e9todos, teor\u00edas y nuevas l\u00edneas de investigaci\u00f3n hist\u00f3rica\u2019 expertos de distintas universidades presentar\u00e1n nuevas l\u00edneas de estudio en Historia y los avances de sus investigaciones actuales. Se desarrollar\u00e1 hasta el pr\u00f3ximo mes de mayo y se tendr\u00e1n lugar en la Universidad Pablo de Olavide y la Escuela de Estudios Hispano-Americanos. Cuentan adem\u00e1s con el patrocinio del CSIC y del Ministerio de Econom\u00eda y Competitividad.<\/p>\n","protected":false},"excerpt":{"rendered":"<p>Mercedes Delgado, profesora de Estudios \u00c1rabes e Isl\u00e1micos de la Universidad de Sevilla, y Miguel \u00c1ngel de Bunes, del Instituto de Historia (CSIC), impartir\u00e1n hoy a las 16 horas en la sede de la EEHA  las conferencias \u201cHernando de Baeza, mediador entre los Reyes Cat\u00f3licos y el sult\u00e1n Boabdil\u201d y \u201cEstudios del Mediterr\u00e1neo en el siglo XVII: entre el conocimiento y la ignorancia\u201d, respectivamente.<\/p>\n","protected":false},"author":6,"featured_media":0,"comment_status":"closed","ping_status":"open","sticky":false,"template":"","format":"standard","meta":{"_monsterinsights_skip_tracking":false,"_monsterinsights_sitenote_active":false,"_monsterinsights_sitenote_note":"","_monsterinsights_sitenote_category":0,"footnotes":""},"categories":[5],"tags":[150,84],"class_list":["post-277970","post","type-post","status-publish","format-standard","hentry","category-infoupo","tag-historia","tag-jornadas"],"_links":{"self":[{"href":"https:\/\/www.upo.es\/diario\/wp-json\/wp\/v2\/posts\/277970","targetHints":{"allow":["GET"]}}],"collection":[{"href":"https:\/\/www.upo.es\/diario\/wp-json\/wp\/v2\/posts"}],"about":[{"href":"https:\/\/www.upo.es\/diario\/wp-json\/wp\/v2\/types\/post"}],"author":[{"embeddable":true,"href":"https:\/\/www.upo.es\/diario\/wp-json\/wp\/v2\/users\/6"}],"replies":[{"embeddable":true,"href":"https:\/\/www.upo.es\/diario\/wp-json\/wp\/v2\/comments?post=277970"}],"version-history":[{"count":6,"href":"https:\/\/www.upo.es\/diario\/wp-json\/wp\/v2\/posts\/277970\/revisions"}],"predecessor-version":[{"id":284018,"href":"https:\/\/www.upo.es\/diario\/wp-json\/wp\/v2\/posts\/277970\/revisions\/284018"}],"wp:attachment":[{"href":"https:\/\/www.upo.es\/diario\/wp-json\/wp\/v2\/media?parent=277970"}],"wp:term":[{"taxonomy":"category","embeddable":true,"href":"https:\/\/www.upo.es\/diario\/wp-json\/wp\/v2\/categories?post=277970"},{"taxonomy":"post_tag","embeddable":true,"href":"https:\/\/www.upo.es\/diario\/wp-json\/wp\/v2\/tags?post=277970"}],"curies":[{"name":"wp","href":"https:\/\/api.w.org\/{rel}","templated":true}]}}