{"id":28025473,"date":"2018-08-29T11:46:42","date_gmt":"2018-08-29T11:46:42","guid":{"rendered":"https:\/\/www.upo.es\/diario\/?p=28025473"},"modified":"2018-08-29T11:46:42","modified_gmt":"2018-08-29T11:46:42","slug":"convocada-la-xx-edicion-de-los-premios-a-la-investigacion-y-defensa-en-produccion-ecologica","status":"publish","type":"post","link":"https:\/\/www.upo.es\/diario\/infoupo\/2018\/08\/convocada-la-xx-edicion-de-los-premios-a-la-investigacion-y-defensa-en-produccion-ecologica\/","title":{"rendered":"Convocada la XX edici\u00f3n de los Premios a la Investigaci\u00f3n y Defensa en Producci\u00f3n Ecol\u00f3gica"},"content":{"rendered":"<p><a href=\"https:\/\/www.upo.es\/diario\/wp-content\/uploads\/2018\/08\/image007.jpg\"><img loading=\"lazy\" decoding=\"async\" class=\"alignright size-medium wp-image-28025474\" alt=\"image007\" src=\"https:\/\/www.upo.es\/diario\/wp-content\/uploads\/2018\/08\/image007-320x166.jpg\" width=\"320\" height=\"166\" srcset=\"https:\/\/www.upo.es\/diario\/wp-content\/uploads\/2018\/08\/image007-320x166.jpg 320w, https:\/\/www.upo.es\/diario\/wp-content\/uploads\/2018\/08\/image007-600x312.jpg 600w, https:\/\/www.upo.es\/diario\/wp-content\/uploads\/2018\/08\/image007.jpg 696w\" sizes=\"auto, (max-width: 320px) 100vw, 320px\" \/><\/a>La familia N\u00fa\u00f1ez de Prado y la Asociaci\u00f3n Valor Ecol\u00f3gico CAAE (Ecovalia) han convocado la <b>XX edici\u00f3n de los Premios a la Investigaci\u00f3n y Defensa en Producci\u00f3n Ecol\u00f3gica<\/b> en sus dos modalidades, cuyo plazo de presentaci\u00f3n finaliza el viernes 26 de octubre de 2018.<\/p>\n<p>La primera modalidad tiene como objetivo fomentar la investigaci\u00f3n en la producci\u00f3n ecol\u00f3gica. Para ello, cada a\u00f1o se otorga este premio, dotado con 6.000 euros, al trabajo de investigaci\u00f3n m\u00e1s notable en materia de producci\u00f3n ecol\u00f3gica. En esta edici\u00f3n, como en las anteriores, se priorizar\u00e1n aquellos trabajos que contemplen al mismo tiempo el cambio clim\u00e1tico.<\/p>\n<p>Por otra parte, se convoca una segunda modalidad a la defensa y fomento en agricultura y ganader\u00eda ecol\u00f3gica, cuyo objetivo es el reconocimiento de la labor de personas, empresas o entidades que hayan contribuido de forma notoria al progreso de la producci\u00f3n ecol\u00f3gica.<\/p>\n<p>El trabajo de investigaci\u00f3n del doctor por la Universidad Pablo de Olavide <b>Eduardo Aguilera Fern\u00e1ndez<\/b> \u201cEl potencial de la agricultura ecol\u00f3gica para mitigar el cambio clim\u00e1tico en condiciones mediterr\u00e1neas. Influencia de las pr\u00e1cticas de manejo\u201d fue galardonado en la edici\u00f3n anterior con el Premio N\u00fa\u00f1ez de Prado a la Investigaci\u00f3n y Ganader\u00eda Ecol\u00f3gica. Esta tesis fue defendida el 27 de octubre de 2017 en el marco del Doctorado en Estudios Medioambientales.<\/p>\n<ul>\n<li>M\u00e1s informaci\u00f3n y Bases de los <a href=\"file:\/\/\/C:\/Users\/migarnun\/Documents\/Asociaci%C3%B3n%20Valor%20Ecol%C3%B3gico%20CAAE\">Premios a la Investigaci\u00f3n y Defensa en Producci\u00f3n Ecol\u00f3gica<\/a><\/li>\n<\/ul>\n","protected":false},"excerpt":{"rendered":"<p>La familia N\u00fa\u00f1ez de Prado y la Asociaci\u00f3n Valor Ecol\u00f3gico CAAE (Ecovalia) han convocado la XX edici\u00f3n de los Premios a la Investigaci\u00f3n y Defensa en Producci\u00f3n Ecol\u00f3gica en sus dos modalidades, cuyo plazo de presentaci\u00f3n finaliza el viernes 26 de octubre de 2018.<\/p>\n","protected":false},"author":14,"featured_media":0,"comment_status":"closed","ping_status":"open","sticky":false,"template":"","format":"standard","meta":{"_monsterinsights_skip_tracking":false,"_monsterinsights_sitenote_active":false,"_monsterinsights_sitenote_note":"","_monsterinsights_sitenote_category":0,"footnotes":""},"categories":[5],"tags":[593,5424,4224,5425,58,5426],"class_list":["post-28025473","post","type-post","status-publish","format-standard","hentry","category-infoupo","tag-cambio-climatico","tag-ecovalia","tag-investigacion-cientifica","tag-nunez-de-prado","tag-premio","tag-produccion-ecologica"],"_links":{"self":[{"href":"https:\/\/www.upo.es\/diario\/wp-json\/wp\/v2\/posts\/28025473","targetHints":{"allow":["GET"]}}],"collection":[{"href":"https:\/\/www.upo.es\/diario\/wp-json\/wp\/v2\/posts"}],"about":[{"href":"https:\/\/www.upo.es\/diario\/wp-json\/wp\/v2\/types\/post"}],"author":[{"embeddable":true,"href":"https:\/\/www.upo.es\/diario\/wp-json\/wp\/v2\/users\/14"}],"replies":[{"embeddable":true,"href":"https:\/\/www.upo.es\/diario\/wp-json\/wp\/v2\/comments?post=28025473"}],"version-history":[{"count":2,"href":"https:\/\/www.upo.es\/diario\/wp-json\/wp\/v2\/posts\/28025473\/revisions"}],"predecessor-version":[{"id":28025476,"href":"https:\/\/www.upo.es\/diario\/wp-json\/wp\/v2\/posts\/28025473\/revisions\/28025476"}],"wp:attachment":[{"href":"https:\/\/www.upo.es\/diario\/wp-json\/wp\/v2\/media?parent=28025473"}],"wp:term":[{"taxonomy":"category","embeddable":true,"href":"https:\/\/www.upo.es\/diario\/wp-json\/wp\/v2\/categories?post=28025473"},{"taxonomy":"post_tag","embeddable":true,"href":"https:\/\/www.upo.es\/diario\/wp-json\/wp\/v2\/tags?post=28025473"}],"curies":[{"name":"wp","href":"https:\/\/api.w.org\/{rel}","templated":true}]}}