{"id":2804647,"date":"2014-02-10T00:34:37","date_gmt":"2014-02-10T00:34:37","guid":{"rendered":"https:\/\/www.upo.es\/diario\/?p=2804647"},"modified":"2014-02-10T13:37:44","modified_gmt":"2014-02-10T13:37:44","slug":"la-direccion-de-la-flora-tristan-convoca-a-sus-primeros-residentes-para-preparar-su-x-aniversario","status":"publish","type":"post","link":"https:\/\/www.upo.es\/diario\/institucional\/2014\/02\/la-direccion-de-la-flora-tristan-convoca-a-sus-primeros-residentes-para-preparar-su-x-aniversario\/","title":{"rendered":"La direcci\u00f3n de la Flora Trist\u00e1n convoca a sus primeros residentes para preparar su X aniversario"},"content":{"rendered":"<figure id=\"attachment_2804648\" aria-describedby=\"caption-attachment-2804648\" style=\"width: 266px\" class=\"wp-caption alignright\"><a href=\"https:\/\/www.upo.es\/diario\/wp-content\/uploads\/2014\/02\/X-aniversario-Flora-Tristan.jpg\"><img loading=\"lazy\" decoding=\"async\" class=\"size-medium wp-image-2804648 \" alt=\"primeros residentes reunidos en la Flora Trist\u00e1n el pasado s\u00e1bado\" src=\"https:\/\/www.upo.es\/diario\/wp-content\/uploads\/2014\/02\/X-aniversario-Flora-Tristan-266x320.jpg\" width=\"266\" height=\"320\" srcset=\"https:\/\/www.upo.es\/diario\/wp-content\/uploads\/2014\/02\/X-aniversario-Flora-Tristan-266x320.jpg 266w, https:\/\/www.upo.es\/diario\/wp-content\/uploads\/2014\/02\/X-aniversario-Flora-Tristan-854x1024.jpg 854w, https:\/\/www.upo.es\/diario\/wp-content\/uploads\/2014\/02\/X-aniversario-Flora-Tristan-600x719.jpg 600w\" sizes=\"auto, (max-width: 266px) 100vw, 266px\" \/><\/a><figcaption id=\"caption-attachment-2804648\" class=\"wp-caption-text\">La Flora Trist\u00e1n quiere contar con las primeras personas que se alojaron en la Residencia para celebrar su pr\u00f3ximo aniversario<\/figcaption><\/figure>\n<p>El pr\u00f3ximo <b>26 de marzo la Residencia Universitaria Flora Trist\u00e1n cumplir\u00e1 10 a\u00f1os en el \u00a0Pol\u00edgono Sur<\/b>. A lo largo de estos a\u00f1os son muchos los estudiantes que han pasado por esta residencia de la Universidad Pablo de Olavide, pero hay un grupo en particular al que en este aniversario la direcci\u00f3n tener a\u00fan m\u00e1s en cuenta: <b>los primeros 32 residentes de la Flora Trist\u00e1n<\/b>. Aquellas personas decidieron vivir en el Pol\u00edgono Sur y apostaron por este proyecto social que pronto cumplir\u00e1 sus primeros diez a\u00f1os de andadura.<\/p>\n<p>El equipo que dirige la Flora Trist\u00e1n quiere <b>contar con las primeras personas que se alojaron en la Residencia para celebrar su pr\u00f3ximo aniversario, <\/b>y por ello convoc\u00f3 un primer encuentro el pasado s\u00e1bado 8 de febrero en sus instalaciones. Asistieron diez de los primeros inquilinos con \u00e1nimo de trabajar y hacer propuestas para que este a\u00f1o la Residencia celebre su d\u00e9cimo aniversario con quienes ayudaron y apoyaron en los primeros momentos su creaci\u00f3n y puesta en marcha. Este grupo, que la direcci\u00f3n quiere ampliar en siguientes convocatorias, junto a los residentes y becarios actuales, idear\u00e1 las actividades que se llevar\u00e1n a cabo la \u00faltima semana de marzo, cuando la Flora Trist\u00e1n celebre su X aniversario.<\/p>\n","protected":false},"excerpt":{"rendered":"<p>El pr\u00f3ximo 26 de marzo la Residencia Universitaria Flora Trist\u00e1n cumplir\u00e1 10 a\u00f1os en el  Pol\u00edgono Sur. A lo largo de estos a\u00f1os son muchos los estudiantes que han pasado por esta residencia de la Universidad Pablo de Olavide, pero hay un grupo en particular al que en este aniversario la direcci\u00f3n tener a\u00fan m\u00e1s en cuenta: los primeros 32 residentes de la Flora Trist\u00e1n. <\/p>\n","protected":false},"author":6,"featured_media":0,"comment_status":"closed","ping_status":"open","sticky":false,"template":"","format":"standard","meta":{"_monsterinsights_skip_tracking":false,"_monsterinsights_sitenote_active":false,"_monsterinsights_sitenote_note":"","_monsterinsights_sitenote_category":0,"footnotes":""},"categories":[6],"tags":[],"class_list":["post-2804647","post","type-post","status-publish","format-standard","hentry","category-institucional"],"_links":{"self":[{"href":"https:\/\/www.upo.es\/diario\/wp-json\/wp\/v2\/posts\/2804647","targetHints":{"allow":["GET"]}}],"collection":[{"href":"https:\/\/www.upo.es\/diario\/wp-json\/wp\/v2\/posts"}],"about":[{"href":"https:\/\/www.upo.es\/diario\/wp-json\/wp\/v2\/types\/post"}],"author":[{"embeddable":true,"href":"https:\/\/www.upo.es\/diario\/wp-json\/wp\/v2\/users\/6"}],"replies":[{"embeddable":true,"href":"https:\/\/www.upo.es\/diario\/wp-json\/wp\/v2\/comments?post=2804647"}],"version-history":[{"count":2,"href":"https:\/\/www.upo.es\/diario\/wp-json\/wp\/v2\/posts\/2804647\/revisions"}],"predecessor-version":[{"id":2804650,"href":"https:\/\/www.upo.es\/diario\/wp-json\/wp\/v2\/posts\/2804647\/revisions\/2804650"}],"wp:attachment":[{"href":"https:\/\/www.upo.es\/diario\/wp-json\/wp\/v2\/media?parent=2804647"}],"wp:term":[{"taxonomy":"category","embeddable":true,"href":"https:\/\/www.upo.es\/diario\/wp-json\/wp\/v2\/categories?post=2804647"},{"taxonomy":"post_tag","embeddable":true,"href":"https:\/\/www.upo.es\/diario\/wp-json\/wp\/v2\/tags?post=2804647"}],"curies":[{"name":"wp","href":"https:\/\/api.w.org\/{rel}","templated":true}]}}