{"id":28147652,"date":"2018-09-07T09:36:06","date_gmt":"2018-09-07T09:36:06","guid":{"rendered":"https:\/\/www.upo.es\/diario\/?p=28147652"},"modified":"2018-09-11T09:47:11","modified_gmt":"2018-09-11T09:47:11","slug":"el-1-de-octubre-se-abre-la-inscripcion-para-la-primera-convocatoria-de-becas-santander-erasmus","status":"publish","type":"post","link":"https:\/\/www.upo.es\/diario\/institucional\/2018\/09\/el-1-de-octubre-se-abre-la-inscripcion-para-la-primera-convocatoria-de-becas-santander-erasmus\/","title":{"rendered":"El 1 de octubre se abre la inscripci\u00f3n para la primera convocatoria de las Becas Santander Erasmus"},"content":{"rendered":"<figure id=\"attachment_28147653\" aria-describedby=\"caption-attachment-28147653\" style=\"width: 600px\" class=\"wp-caption aligncenter\"><a href=\"https:\/\/www.upo.es\/diario\/wp-content\/uploads\/2018\/09\/2018.09.06-Becas-Santander-01-1.jpg\"><img loading=\"lazy\" decoding=\"async\" class=\"size-large wp-image-28147653\" alt=\"Acto de presentaci\u00f3n de las Becas Santander Erasmus. De izquierda a derecha: Ana Bot\u00edn, Pedro Duque y Roberto Fern\u00e1ndez\" src=\"https:\/\/www.upo.es\/diario\/wp-content\/uploads\/2018\/09\/2018.09.06-Becas-Santander-01-1-600x401.jpg\" width=\"600\" height=\"401\" srcset=\"https:\/\/www.upo.es\/diario\/wp-content\/uploads\/2018\/09\/2018.09.06-Becas-Santander-01-1-600x401.jpg 600w, https:\/\/www.upo.es\/diario\/wp-content\/uploads\/2018\/09\/2018.09.06-Becas-Santander-01-1-320x214.jpg 320w\" sizes=\"auto, (max-width: 600px) 100vw, 600px\" \/><\/a><figcaption id=\"caption-attachment-28147653\" class=\"wp-caption-text\">Acto de presentaci\u00f3n de las Becas Santander Erasmus. De izquierda a derecha: Ana Bot\u00edn, Pedro Duque y Roberto Fern\u00e1ndez<\/figcaption><\/figure>\n<p><span style=\"text-decoration: underline;\">El ministro de Ciencia, Innovaci\u00f3n y Universidades, <b>Pedro Duque<\/b>; la presidenta de Banco Santander, <b>Ana Bot\u00edn<\/b>; y el presidente de Crue Universidades Espa\u00f1olas, <b>Roberto Fern\u00e1ndez<\/b>, han firmado un acuerdo para poner en marcha el programa \u201c<b>Becas Santander Erasmus<\/b>\u201d, que tiene como objetivo reconocer la excelencia acad\u00e9mica de los estudiantes Erasmus+ y favorecer la inclusi\u00f3n educativa y la igualdad de oportunidades.<\/span> La inscripci\u00f3n se puede realizar a partir del 1 de octubre en la plataforma de Becas Santander: <a href=\"https:\/\/www.becas-santander.com\/program\/5b50549700a734001ff2901b\">becas-santander.com\/erasmus<\/a>.<\/p>\n<p>En esta primera edici\u00f3n, Santander invertir\u00e1 cerca de 2 millones de euros -1.936.400 euros- y ofrecer\u00e1 2.152 becas de 3.200 y 500 euros; y 3.000 ayudas de 150 euros a j\u00f3venes que quieran cursar sus estudios en cualquier centro educativo de la Uni\u00f3n Europea y realizar pr\u00e1cticas profesionales internacionales.<\/p>\n<p>Para seleccionar a los universitarios que recibir\u00e1n las becas de mayor importe y que suponen el 25% de los fondos del programa, las universidades valorar\u00e1n el expediente acad\u00e9mico y la situaci\u00f3n de vulnerabilidad: entornos desfavorecidos y discapacidad reconocida de m\u00e1s del 33%. Para el resto, las becas de 500 euros y las ayudas de 150 euros, el criterio de selecci\u00f3n ser\u00e1 el expediente acad\u00e9mico y las universidades dar\u00e1n prioridad a los universitarios y universitarias en situaci\u00f3n de vulnerabilidad.<\/p>\n<p>Del total de becas, habr\u00e1 152 becas de 3.200 euros cada una: 76 ir\u00e1n dirigidas a los estudiantes beneficiarios de una ayuda Erasmus+ de movilidad de estudios en Europa y\/o de pr\u00e1cticas, que tengan los mejores expedientes acad\u00e9micos y que hayan recibido el curso anterior una beca general \u2013socioecon\u00f3mica- del Ministerio; y otras 76 becas ir\u00e1n dirigidas a los estudiantes beneficiarios de una beca Erasmus+ de movilidad de estudios en Europa y\/o de pr\u00e1cticas internacionales, que tengan los mejores expedientes acad\u00e9micos y que acrediten legalmente una discapacidad igual o superior al 33%.<\/p>\n<p>Por otra parte, 2.000 becas de 500 euros cada una se otorgar\u00e1n a los estudiantes beneficiarios de una ayuda Erasmus+ de movilidad de estudios en Europa y\/o de pr\u00e1cticas, que tengan los mejores expedientes acad\u00e9micos; y 3.000 ayudas de 150 euros cada una a los estudiantes beneficiarios de una ayuda Erasmus+ de movilidad de estudios en Europa y\/o de pr\u00e1cticas, que no hayan sido beneficiarios de las becas Santander Erasmus de las categor\u00edas anteriores y que tengan los mejores expedientes acad\u00e9micos.<\/p>\n<p>A los estudiantes que participen en la iniciativa se les ofrece un plan de formaci\u00f3n y empleo antes, durante y despu\u00e9s de su estancia en el extranjero para contribuir a su desarrollo profesional. Adem\u00e1s, el Banco Santander incorporar\u00e1 a los beneficiarios y beneficiarias de estas becas a los procesos de selecci\u00f3n internos, en los que cada a\u00f1o se convoca a m\u00e1s de 800 j\u00f3venes para realizar pr\u00e1cticas profesionales.<\/p>\n","protected":false},"excerpt":{"rendered":"<p>El ministro de Ciencia, Innovaci\u00f3n y Universidades, Pedro Duque; la presidenta de Banco Santander, Ana Bot\u00edn; y el presidente de Crue Universidades Espa\u00f1olas, Roberto Fern\u00e1ndez, han firmado un acuerdo para poner en marcha el programa \u201cBecas Santander Erasmus\u201d, que tiene como objetivo reconocer la excelencia acad\u00e9mica de los estudiantes Erasmus+ y favorecer la inclusi\u00f3n educativa y la igualdad de oportunidades. La inscripci\u00f3n se puede realizar a partir del 1 de octubre en la plataforma de Becas Santander: becas-santander.com\/erasmus. <\/p>\n","protected":false},"author":14,"featured_media":0,"comment_status":"closed","ping_status":"open","sticky":false,"template":"","format":"standard","meta":{"_monsterinsights_skip_tracking":false,"_monsterinsights_sitenote_active":false,"_monsterinsights_sitenote_note":"","_monsterinsights_sitenote_category":0,"footnotes":""},"categories":[6],"tags":[1000,64,5452,4124,21,5453,3923,68],"class_list":["post-28147652","post","type-post","status-publish","format-standard","hentry","category-institucional","tag-banco-santander","tag-becas","tag-becas-santander-erasmus","tag-crue-universidades-espanolas","tag-estudiantes","tag-ministerio-de-ciencia-innovacion-y-universidades","tag-proyecto-erasmus","tag-union-europea"],"_links":{"self":[{"href":"https:\/\/www.upo.es\/diario\/wp-json\/wp\/v2\/posts\/28147652","targetHints":{"allow":["GET"]}}],"collection":[{"href":"https:\/\/www.upo.es\/diario\/wp-json\/wp\/v2\/posts"}],"about":[{"href":"https:\/\/www.upo.es\/diario\/wp-json\/wp\/v2\/types\/post"}],"author":[{"embeddable":true,"href":"https:\/\/www.upo.es\/diario\/wp-json\/wp\/v2\/users\/14"}],"replies":[{"embeddable":true,"href":"https:\/\/www.upo.es\/diario\/wp-json\/wp\/v2\/comments?post=28147652"}],"version-history":[{"count":5,"href":"https:\/\/www.upo.es\/diario\/wp-json\/wp\/v2\/posts\/28147652\/revisions"}],"predecessor-version":[{"id":28147658,"href":"https:\/\/www.upo.es\/diario\/wp-json\/wp\/v2\/posts\/28147652\/revisions\/28147658"}],"wp:attachment":[{"href":"https:\/\/www.upo.es\/diario\/wp-json\/wp\/v2\/media?parent=28147652"}],"wp:term":[{"taxonomy":"category","embeddable":true,"href":"https:\/\/www.upo.es\/diario\/wp-json\/wp\/v2\/categories?post=28147652"},{"taxonomy":"post_tag","embeddable":true,"href":"https:\/\/www.upo.es\/diario\/wp-json\/wp\/v2\/tags?post=28147652"}],"curies":[{"name":"wp","href":"https:\/\/api.w.org\/{rel}","templated":true}]}}