{"id":28232028,"date":"2018-09-13T11:48:43","date_gmt":"2018-09-13T11:48:43","guid":{"rendered":"https:\/\/www.upo.es\/diario\/?p=28232028"},"modified":"2018-09-13T11:48:43","modified_gmt":"2018-09-13T11:48:43","slug":"la-upo-celebra-una-jornada-de-puertas-abiertas-sobre-la-seguridad-y-salud-en-el-trabajo","status":"publish","type":"post","link":"https:\/\/www.upo.es\/diario\/institucional\/2018\/09\/la-upo-celebra-una-jornada-de-puertas-abiertas-sobre-la-seguridad-y-salud-en-el-trabajo\/","title":{"rendered":"La UPO celebra una Jornada de puertas abiertas sobre la seguridad y salud en el trabajo"},"content":{"rendered":"<figure id=\"attachment_28232029\" aria-describedby=\"caption-attachment-28232029\" style=\"width: 320px\" class=\"wp-caption alignright\"><a href=\"https:\/\/www.upo.es\/diario\/wp-content\/uploads\/2018\/09\/jornada_Prevencion.jpg\"><img loading=\"lazy\" decoding=\"async\" class=\"size-medium wp-image-28232029\" alt=\"Mar\u00eda Dolores Rodr\u00edguez y Alfredo Cort\u00e9s en la mesa de las Jornadas\" src=\"https:\/\/www.upo.es\/diario\/wp-content\/uploads\/2018\/09\/jornada_Prevencion-320x240.jpg\" width=\"320\" height=\"240\" srcset=\"https:\/\/www.upo.es\/diario\/wp-content\/uploads\/2018\/09\/jornada_Prevencion-320x240.jpg 320w, https:\/\/www.upo.es\/diario\/wp-content\/uploads\/2018\/09\/jornada_Prevencion-600x450.jpg 600w, https:\/\/www.upo.es\/diario\/wp-content\/uploads\/2018\/09\/jornada_Prevencion.jpg 1300w\" sizes=\"auto, (max-width: 320px) 100vw, 320px\" \/><\/a><figcaption id=\"caption-attachment-28232029\" class=\"wp-caption-text\">Mar\u00eda Dolores Rodr\u00edguez y Alfredo Cort\u00e9s en la mesa de las Jornadas<\/figcaption><\/figure>\n<p>Bajo el t\u00edtulo \u201c<b>Sistema de gesti\u00f3n de la seguridad y salud en el trabajo: auditor\u00eda interna<\/b>\u201d, la Universidad Pablo de Olavide, a trav\u00e9s del <b>\u00c1rea de Salud y Prevenci\u00f3n<\/b> y con la colaboraci\u00f3n de <b>Fremap<\/b>, ha puesto en marcha una Jornada formativa de puertas abiertas en salud y prevenci\u00f3n laboral. A las sesiones, celebradas en la Sala de Grados de la Biblioteca-CRAI de la UPO, han asistido miembros de la comunidad universitaria, empresas externas y personal de otras administraciones p\u00fablicas.<\/p>\n<p>La apertura de la jornada ha corrido a cargo del director del \u00c1rea de Salud y Prevenci\u00f3n de la Universidad Pablo de Olavide, <b>Alfredo Cort\u00e9s<\/b>, que ha insistido en la importancia de las auditor\u00edas internas de prevenci\u00f3n como herramientas fundamentales para la direcci\u00f3n de las empresas en el control de sus sistemas de gesti\u00f3n y en la verificaci\u00f3n de la implantaci\u00f3n eficaz de su pol\u00edtica. Asimismo, Cort\u00e9s ha resaltado la utilidad de la nueva norma ISO 45001, publicada el 12 de marzo de 2018, como referencia en el desarrollo de los sistemas de gesti\u00f3n, para la superaci\u00f3n eficiente de las auditor\u00edas en prevenci\u00f3n, as\u00ed como para la adecuada preparaci\u00f3n hacia las nuevas certificaciones. Ha recordado tambi\u00e9n que las empresas certificadas por OHSAS disponen de un plazo de tres a\u00f1os para la transici\u00f3n a la nueva norma ISO 45001.<\/p>\n<p>Por otro lado, la ingeniera t\u00e9cnica industrial <b>Mar\u00eda Dolores Rodr\u00edguez D\u00edaz<\/b>, miembro del equipo de especializaci\u00f3n de gesti\u00f3n y auditora jefe para la certificaci\u00f3n de sistemas de seguridad y salud, ha expuesto los objetivos y criterios que deben considerarse en las auditor\u00edas internas de prevenci\u00f3n, sus procesos, los aspectos a tener en cuenta en la planificaci\u00f3n y desarrollo, as\u00ed como el contenido y elaboraci\u00f3n del informe de auditor\u00eda.<\/p>\n<p>La jornada ha contado tambi\u00e9n con la participaci\u00f3n de representantes del Ministerio de Defensa; de la Direcci\u00f3n General de Relaciones Laborales y Seguridad y Salud Laboral de la Junta de Andaluc\u00eda; de la Delegaci\u00f3n Territorial de Econom\u00eda, Innovaci\u00f3n, Ciencia y Empleo del Centro de Prevenci\u00f3n de Riesgos Laborales; de los Ayuntamientos de Sevilla y Ayamonte, as\u00ed como de distintas entidades de car\u00e1cter p\u00fablico y privado.<\/p>\n","protected":false},"excerpt":{"rendered":"<p>Bajo el t\u00edtulo \u201cSistema de gesti\u00f3n de la seguridad y salud en el trabajo: auditor\u00eda interna\u201d, la Universidad Pablo de Olavide, a trav\u00e9s del \u00c1rea de Salud y Prevenci\u00f3n y con la colaboraci\u00f3n de Fremap, ha puesto en marcha una Jornada formativa de puertas abiertas en salud y prevenci\u00f3n laboral. A las sesiones, celebradas en la Sala de Grados de la Biblioteca-CRAI de la UPO, han asistido miembros de la comunidad universitaria, empresas externas y personal de otras administraciones p\u00fablicas.<\/p>\n","protected":false},"author":14,"featured_media":0,"comment_status":"closed","ping_status":"open","sticky":false,"template":"","format":"standard","meta":{"_monsterinsights_skip_tracking":false,"_monsterinsights_sitenote_active":false,"_monsterinsights_sitenote_note":"","_monsterinsights_sitenote_category":0,"footnotes":""},"categories":[6],"tags":[5485,5484,5483,125,5486,84,5481,483,5482],"class_list":["post-28232028","post","type-post","status-publish","format-standard","hentry","category-institucional","tag-alfredo-cortes","tag-area-de-salud-y-prevencion","tag-auditoria-interna","tag-biblioteca","tag-fremap","tag-jornadas","tag-salud-en-el-trabajo","tag-seguridad","tag-sistemas-de-gestion"],"_links":{"self":[{"href":"https:\/\/www.upo.es\/diario\/wp-json\/wp\/v2\/posts\/28232028","targetHints":{"allow":["GET"]}}],"collection":[{"href":"https:\/\/www.upo.es\/diario\/wp-json\/wp\/v2\/posts"}],"about":[{"href":"https:\/\/www.upo.es\/diario\/wp-json\/wp\/v2\/types\/post"}],"author":[{"embeddable":true,"href":"https:\/\/www.upo.es\/diario\/wp-json\/wp\/v2\/users\/14"}],"replies":[{"embeddable":true,"href":"https:\/\/www.upo.es\/diario\/wp-json\/wp\/v2\/comments?post=28232028"}],"version-history":[{"count":2,"href":"https:\/\/www.upo.es\/diario\/wp-json\/wp\/v2\/posts\/28232028\/revisions"}],"predecessor-version":[{"id":28232031,"href":"https:\/\/www.upo.es\/diario\/wp-json\/wp\/v2\/posts\/28232028\/revisions\/28232031"}],"wp:attachment":[{"href":"https:\/\/www.upo.es\/diario\/wp-json\/wp\/v2\/media?parent=28232028"}],"wp:term":[{"taxonomy":"category","embeddable":true,"href":"https:\/\/www.upo.es\/diario\/wp-json\/wp\/v2\/categories?post=28232028"},{"taxonomy":"post_tag","embeddable":true,"href":"https:\/\/www.upo.es\/diario\/wp-json\/wp\/v2\/tags?post=28232028"}],"curies":[{"name":"wp","href":"https:\/\/api.w.org\/{rel}","templated":true}]}}