{"id":28245120,"date":"2018-09-17T23:35:22","date_gmt":"2018-09-17T23:35:22","guid":{"rendered":"https:\/\/www.upo.es\/diario\/?p=28245120"},"modified":"2018-09-19T10:46:51","modified_gmt":"2018-09-19T10:46:51","slug":"el-proximo-lunes-comienzan-las-clases-del-curso-201819-en-la-universidad-pablo-de-olavide","status":"publish","type":"post","link":"https:\/\/www.upo.es\/diario\/institucional\/2018\/09\/el-proximo-lunes-comienzan-las-clases-del-curso-201819-en-la-universidad-pablo-de-olavide\/","title":{"rendered":"Comienzan las clases del curso 2018\/19 en la Universidad Pablo de Olavide"},"content":{"rendered":"<figure id=\"attachment_28286829\" aria-describedby=\"caption-attachment-28286829\" style=\"width: 600px\" class=\"wp-caption aligncenter\"><a href=\"https:\/\/www.upo.es\/diario\/wp-content\/uploads\/2018\/09\/Comienzo-Clases_UPO_Curso2018-19.jpg\"><img loading=\"lazy\" decoding=\"async\" class=\"size-large wp-image-28286829\" alt=\"Pasaje de la Ilustraci\u00f3n del campus de la UPO\" src=\"https:\/\/www.upo.es\/diario\/wp-content\/uploads\/2018\/09\/Comienzo-Clases_UPO_Curso2018-19-600x400.jpg\" width=\"600\" height=\"400\" srcset=\"https:\/\/www.upo.es\/diario\/wp-content\/uploads\/2018\/09\/Comienzo-Clases_UPO_Curso2018-19-600x400.jpg 600w, https:\/\/www.upo.es\/diario\/wp-content\/uploads\/2018\/09\/Comienzo-Clases_UPO_Curso2018-19-320x213.jpg 320w\" sizes=\"auto, (max-width: 600px) 100vw, 600px\" \/><\/a><figcaption id=\"caption-attachment-28286829\" class=\"wp-caption-text\">Pasaje de la Ilustraci\u00f3n del campus de la UPO<\/figcaption><\/figure>\n<p>El <b>lunes 17 de septiembre<\/b> comenzaron oficialmente las clases en la Universidad Pablo de Olavide, que en este curso 2018\/19 contar\u00e1 con casi 12.000 estudiantes de grado y postgrado. Tras las sesiones de bienvenida que se celebraron la semana pasada para los estudiantes de primer curso e internacionales que visitan este curso la UPO, ha llegado el momento del encuentro entre el profesorado y el alumnado.<\/p>\n<p>La Universidad Pablo de Olavide oferta este nuevo curso un total de <b>40 grados y dobles grados<\/b>, de los que 34 titulaciones se imparten en la Pablo de Olavide y 6 en el centro adscrito San Isidoro de CEADE. Para esta oferta acad\u00e9mica, el n\u00famero de plazas para <b>estudiantes de nuevo ingreso asciende a 2.527<\/b>, de las cuales 420 plazas corresponden al centro adscrito. Como novedad, este curso se impartir\u00e1 por primera vez el <b>Doble Grado en Ciencias Ambientales y Geograf\u00eda e Historia<\/b>. Respecto a los postgrados, la UPO impartir\u00e1 este curso 51 programas oficiales de postgrado que se dividen en <b>42 m\u00e1steres universitarios y 9 doctorados<\/b>, as\u00ed como <b>120 programas de t\u00edtulos propios<\/b>.<\/p>\n<p>Siendo la movilidad internacional uno de sus distintivos, la UPO recibe este primer cuatrimestre <b>808 estudiantes extranjeros de 37 pa\u00edses de los cinco continentes<\/b> que son beneficiarios del Programa Erasmus, del Programa de Estudios Hisp\u00e1nicos dependiente del Centro Universitario Internacional de la Universidad Pablo de Olavide y de los programas PIMA, Mexicalia y Freemover para estudiantes procedente de Latinoam\u00e9rica. Para ello, se han renovado y suscrito acuerdos bilaterales con 113 instituciones de Educaci\u00f3n Superior de 30 pa\u00edses distintos participantes en el Programa Erasmus KA103, del Erasmus KA107 y se han formalizado cerca de cuarenta convenios internacionales de colaboraci\u00f3n.<\/p>\n<p>La Universidad Pablo de Olavide <b>lidera el desempe\u00f1o acad\u00e9mico de grado y postgrado en Andaluc\u00eda<\/b> seg\u00fan el informe \u201cLas universidades espa\u00f1olas. Una perspectiva auton\u00f3mica. 2017\u201d de la Fundaci\u00f3n Conocimiento y Desarrollo (CYD). Con una tasa de rendimiento del 82,1 por ciento en grado y del 95,8 por ciento en m\u00e1ster oficial, la UPO se sit\u00faa adem\u00e1s en octava posici\u00f3n a nivel nacional en postgrado, teniendo en cuenta datos de ochenta universidades p\u00fablicas y privadas. Adem\u00e1s, la docencia de la Olavide ha sido calificada como \u201cexcelente\u201d seg\u00fan el \u2018THE\u2019s top-ranked European universities by teaching excellence\u2019, un nuevo ranking elaborado por Times Higher Education (THE) centrado en el estudio de la excelencia en la ense\u00f1anza universitaria en Europa.<\/p>\n<p>La nueva <b>Pol\u00edtica Ling\u00fc\u00edstica<\/b> para la promoci\u00f3n del pluriling\u00fcismo dentro de la comunidad universitaria; la incorporaci\u00f3n al <b>programa UNAI de Naciones Unidas<\/b> para promover prioridades mundiales como la paz, los Derechos Humanos y el desarrollo sostenible; la puesta en pr\u00e1ctica del <b>II Plan de Igualdad entre Mujeres y Hombres<\/b>; el desarrollo de actividades en la nueva <b>sede Olavide en Sevilla \u2013 Centro<\/b>; y el apoyo del <b>Centro Andaluz de Emprendimiento del campus de la UPO<\/b> ser\u00e1 parte de la actualidad de la Universidad Pablo de Olavide durante el curso que empieza el lunes.<\/p>\n","protected":false},"excerpt":{"rendered":"<p>El lunes 17 de septiembre comenzaron oficialmente las clases en la Universidad Pablo de Olavide, que en este curso 2018\/19 contar\u00e1 con casi 12.000 estudiantes de grado y postgrado. Tras las sesiones de bienvenida que se celebraron la semana pasada para los estudiantes de primer curso e internacionales que visitan este curso la UPO, ha llegado el momento del encuentro entre el profesorado y el alumnado. La Universidad Pablo de Olavide oferta este nuevo curso un total de 40 grados y dobles grados, de los que 34 titulaciones se imparten en la Pablo de Olavide y 6 en el centro adscrito San Isidoro de CEADE. <\/p>\n","protected":false},"author":14,"featured_media":0,"comment_status":"closed","ping_status":"open","sticky":false,"template":"","format":"standard","meta":{"_monsterinsights_skip_tracking":false,"_monsterinsights_sitenote_active":false,"_monsterinsights_sitenote_note":"","_monsterinsights_sitenote_category":0,"footnotes":""},"categories":[6],"tags":[5489,107,862,5059,21,266,5490,199],"class_list":["post-28245120","post","type-post","status-publish","format-standard","hentry","category-institucional","tag-aulas","tag-campus","tag-clases","tag-curso-20182019","tag-estudiantes","tag-grados","tag-inicio-de-clases","tag-profesorado"],"_links":{"self":[{"href":"https:\/\/www.upo.es\/diario\/wp-json\/wp\/v2\/posts\/28245120","targetHints":{"allow":["GET"]}}],"collection":[{"href":"https:\/\/www.upo.es\/diario\/wp-json\/wp\/v2\/posts"}],"about":[{"href":"https:\/\/www.upo.es\/diario\/wp-json\/wp\/v2\/types\/post"}],"author":[{"embeddable":true,"href":"https:\/\/www.upo.es\/diario\/wp-json\/wp\/v2\/users\/14"}],"replies":[{"embeddable":true,"href":"https:\/\/www.upo.es\/diario\/wp-json\/wp\/v2\/comments?post=28245120"}],"version-history":[{"count":9,"href":"https:\/\/www.upo.es\/diario\/wp-json\/wp\/v2\/posts\/28245120\/revisions"}],"predecessor-version":[{"id":28314480,"href":"https:\/\/www.upo.es\/diario\/wp-json\/wp\/v2\/posts\/28245120\/revisions\/28314480"}],"wp:attachment":[{"href":"https:\/\/www.upo.es\/diario\/wp-json\/wp\/v2\/media?parent=28245120"}],"wp:term":[{"taxonomy":"category","embeddable":true,"href":"https:\/\/www.upo.es\/diario\/wp-json\/wp\/v2\/categories?post=28245120"},{"taxonomy":"post_tag","embeddable":true,"href":"https:\/\/www.upo.es\/diario\/wp-json\/wp\/v2\/tags?post=28245120"}],"curies":[{"name":"wp","href":"https:\/\/api.w.org\/{rel}","templated":true}]}}