{"id":28287409,"date":"2018-09-17T12:23:32","date_gmt":"2018-09-17T12:23:32","guid":{"rendered":"https:\/\/www.upo.es\/diario\/?p=28287409"},"modified":"2018-09-18T06:33:42","modified_gmt":"2018-09-18T06:33:42","slug":"inaugurado-en-los-museos-vaticanos-el-simposio-a-la-luz-de-roma-santos-y-santidad-en-el-barroco-iberoamericano","status":"publish","type":"post","link":"https:\/\/www.upo.es\/diario\/institucional\/2018\/09\/inaugurado-en-los-museos-vaticanos-el-simposio-a-la-luz-de-roma-santos-y-santidad-en-el-barroco-iberoamericano\/","title":{"rendered":"Inaugurado en los Museos Vaticanos el Simposio \u201cA la luz de Roma: Santos y santidad en el Barroco Iberoamericano\u201d"},"content":{"rendered":"<figure id=\"attachment_28287410\" aria-describedby=\"caption-attachment-28287410\" style=\"width: 600px\" class=\"wp-caption aligncenter\"><a href=\"https:\/\/www.upo.es\/diario\/wp-content\/uploads\/2018\/09\/Simposio_AlaLuzdeRoma.jpg\"><img loading=\"lazy\" decoding=\"async\" class=\"size-large wp-image-28287410\" alt=\"De izquierda a derecha: Jos\u00e9 J. Garc\u00eda Bernal, Marcello Fagiolo, Barbara Jatta, Paolo Broggio y Fernando Garc\u00eda Quiles\" src=\"https:\/\/www.upo.es\/diario\/wp-content\/uploads\/2018\/09\/Simposio_AlaLuzdeRoma-600x387.jpg\" width=\"600\" height=\"387\" srcset=\"https:\/\/www.upo.es\/diario\/wp-content\/uploads\/2018\/09\/Simposio_AlaLuzdeRoma-600x387.jpg 600w, https:\/\/www.upo.es\/diario\/wp-content\/uploads\/2018\/09\/Simposio_AlaLuzdeRoma-320x206.jpg 320w, https:\/\/www.upo.es\/diario\/wp-content\/uploads\/2018\/09\/Simposio_AlaLuzdeRoma.jpg 1600w\" sizes=\"auto, (max-width: 600px) 100vw, 600px\" \/><\/a><figcaption id=\"caption-attachment-28287410\" class=\"wp-caption-text\">De izquierda a derecha: Jos\u00e9 J. Garc\u00eda Bernal, Marcello Fagiolo, Barbara Jatta, Paolo Broggio y Fernando Garc\u00eda Quiles<\/figcaption><\/figure>\n<p>El lunes 17 de septiembre se inaugur\u00f3 en los Museos Vaticanos el <b>Simposio Internacional \u201cA la luz de Roma: Santos y santidad en el Barroco Iberoamericano\u201d<\/b> que ha sido organizado por el \u00c1rea de Historia del Arte de la Universidad Pablo de Olavide junto con el Departamento de Historia Moderna de la Universidad de Sevilla, el Dipartamento de Studi Umanistici de la Universit\u00e0 degli Studi Roma Tre y el Centro di Studi Sulla Cultura e I\u00cdmmagine de Roma.<\/p>\n<p>El acto estuvo presidido por la directora de los Museos Vaticanos <b>Barbara Jatta<\/b> y cont\u00f3 con la conferencia magistral del historiador de la arquitectura <b>Marcello Fagiolo<\/b> \u201cIntroduzione al gran teatro barocco della Santit\u00e0 Iberoamericana\u201d. Adem\u00e1s, cont\u00f3 con la presencia de <b>Fernando Quiles Garc\u00eda<\/b>, del Departamento de Geograf\u00eda, Historia y Filosof\u00eda de la UPO; <b>Jos\u00e9 Jaime Garc\u00eda Bernal<\/b>, del Departamento de Historia Moderna de la Universidad de Sevilla; y <b>Paolo Broggio<\/b>, del Dipartamento de Studi Umanistici de la Universit\u00e0 degli Studi Roma Tre.<\/p>\n<p>Hasta el pr\u00f3ximo jueves, 88 especialistas de 46 ciudades de 15 pa\u00edses \u2013Italia, Espa\u00f1a, Alemania, Francia, B\u00e9lgica, Pa\u00edses Bajos, Suiza, Estados Unidos, M\u00e9xico, Brasil, Per\u00fa, Colombia, Bolivia, Argentina y Chile- debatir\u00e1n sobre la santidad en el Barroco Iberoamericano en este simposio que se seguir\u00e1 desarrollando en la Universit\u00e0 degli Studi Roma Tre y en la Real Academia de Espa\u00f1a en Roma en torno a cuatro ejes tem\u00e1ticos bajo los t\u00edtulos: \u201cAutoridad. Santidad Femenina\u201d; \u201cFlorido Jard\u00edn Emblem\u00e1tico\u201d; \u201cT\u00f3rtolas, Palomas, Cirios\u201d; y \u201cDe Nuevos y Viejos Santorales\u201d. Las comunicaciones tratar\u00e1n los procesos de canonizaci\u00f3n de santos y santas en el territorio italiano, espa\u00f1ol y latinoamericano tras el Concilio de Trento y su reflejo tanto en la sociedad como en la producci\u00f3n art\u00edstica contempor\u00e1nea.<\/p>\n<p>El jueves a las 17:30 horas tendr\u00e1 lugar la clausura del simposio en la Real Academia de Espa\u00f1a en Roma, que contar\u00e1 con la presencia de la directora de la misma, <b>Mar\u00eda \u00c1ngeles Albert de Le\u00f3n<\/b>; y contar\u00e1 con la ponencia magistral \u201cRoma Barocca: scena di un teatro che \u00e8 il mondo, sacro e pol\u00edtico\u201d de <b>Delf\u00edn Rodr\u00edguez Ruiz<\/b>, de la Universidad Complutense de Madrid. Finalmente, se presentar\u00e1 la segunda edici\u00f3n del Simposio Internacional, que se celebrar\u00e1 en Lima y Puebla en 2020.<\/p>\n<ul>\n<li>Programa completo del <a href=\"https:\/\/www.upo.es\/historia_arte\/export\/sites\/historia_arte\/Actividades\/Congresos\/Simposio_A_la_luz_de_Roma\/Simposio_A_la_luz_de_Roma_2018.pdf\">Simposio Internacional \u201cA la luz de Roma: Santos y santidad en el Barroco Iberoamericano\u201d<\/a>.<\/li>\n<\/ul>\n","protected":false},"excerpt":{"rendered":"<p>El lunes 17 de septiembre se inaugur\u00f3 en los Museos Vaticanos el Simposio Internacional \u201cA la luz de Roma: Santos y santidad en el Barroco Iberoamericano\u201d que ha sido organizado por el \u00c1rea de Historia del Arte de la Universidad Pablo de Olavide junto con el Departamento de Historia Moderna de la Universidad de Sevilla, el Dipartamento de Studi Umanistici de la Universit\u00e0 degli Studi Roma Tre y el Centro di Studi Sulla Cultura e I\u00cdmmagine de Roma. <\/p>\n","protected":false},"author":14,"featured_media":0,"comment_status":"closed","ping_status":"open","sticky":false,"template":"","format":"standard","meta":{"_monsterinsights_skip_tracking":false,"_monsterinsights_sitenote_active":false,"_monsterinsights_sitenote_note":"","_monsterinsights_sitenote_category":0,"footnotes":""},"categories":[6],"tags":[5493,5496,259,5492,1262,5494,5495,5491],"class_list":["post-28287409","post","type-post","status-publish","format-standard","hentry","category-institucional","tag-barroco-iberoamericano","tag-fernando-garcia-quiles","tag-area-de-historia-del-arte","tag-museos-vaticanos","tag-roma","tag-santidad","tag-santos","tag-simposio-internacional"],"_links":{"self":[{"href":"https:\/\/www.upo.es\/diario\/wp-json\/wp\/v2\/posts\/28287409","targetHints":{"allow":["GET"]}}],"collection":[{"href":"https:\/\/www.upo.es\/diario\/wp-json\/wp\/v2\/posts"}],"about":[{"href":"https:\/\/www.upo.es\/diario\/wp-json\/wp\/v2\/types\/post"}],"author":[{"embeddable":true,"href":"https:\/\/www.upo.es\/diario\/wp-json\/wp\/v2\/users\/14"}],"replies":[{"embeddable":true,"href":"https:\/\/www.upo.es\/diario\/wp-json\/wp\/v2\/comments?post=28287409"}],"version-history":[{"count":3,"href":"https:\/\/www.upo.es\/diario\/wp-json\/wp\/v2\/posts\/28287409\/revisions"}],"predecessor-version":[{"id":28287412,"href":"https:\/\/www.upo.es\/diario\/wp-json\/wp\/v2\/posts\/28287409\/revisions\/28287412"}],"wp:attachment":[{"href":"https:\/\/www.upo.es\/diario\/wp-json\/wp\/v2\/media?parent=28287409"}],"wp:term":[{"taxonomy":"category","embeddable":true,"href":"https:\/\/www.upo.es\/diario\/wp-json\/wp\/v2\/categories?post=28287409"},{"taxonomy":"post_tag","embeddable":true,"href":"https:\/\/www.upo.es\/diario\/wp-json\/wp\/v2\/tags?post=28287409"}],"curies":[{"name":"wp","href":"https:\/\/api.w.org\/{rel}","templated":true}]}}