{"id":28300052,"date":"2018-09-18T06:08:11","date_gmt":"2018-09-18T06:08:11","guid":{"rendered":"https:\/\/www.upo.es\/diario\/?p=28300052"},"modified":"2018-09-21T11:20:00","modified_gmt":"2018-09-21T11:20:00","slug":"teatro-flamenco-y-musica-abierto-el-plazo-de-inscripcion-para-el-programa-artes-y-formacion-de-la-upo","status":"publish","type":"post","link":"https:\/\/www.upo.es\/diario\/cultura\/2018\/09\/teatro-flamenco-y-musica-abierto-el-plazo-de-inscripcion-para-el-programa-artes-y-formacion-de-la-upo\/","title":{"rendered":"Teatro, flamenco y m\u00fasica: abierto el plazo de inscripci\u00f3n para el Programa \u201cArtes y Formaci\u00f3n\u201d de la UPO"},"content":{"rendered":"<figure id=\"attachment_28300053\" aria-describedby=\"caption-attachment-28300053\" style=\"width: 600px\" class=\"wp-caption aligncenter\"><a href=\"https:\/\/www.upo.es\/diario\/wp-content\/uploads\/2018\/09\/Estreno-Punto-Ciego.jpg\"><img loading=\"lazy\" decoding=\"async\" class=\"size-large wp-image-28300053\" alt=\"Estreno de la obra &quot;Punto ciego&quot; de La Escalera Teatro\" src=\"https:\/\/www.upo.es\/diario\/wp-content\/uploads\/2018\/09\/Estreno-Punto-Ciego-600x400.jpg\" width=\"600\" height=\"400\" srcset=\"https:\/\/www.upo.es\/diario\/wp-content\/uploads\/2018\/09\/Estreno-Punto-Ciego-600x400.jpg 600w, https:\/\/www.upo.es\/diario\/wp-content\/uploads\/2018\/09\/Estreno-Punto-Ciego-320x213.jpg 320w, https:\/\/www.upo.es\/diario\/wp-content\/uploads\/2018\/09\/Estreno-Punto-Ciego.jpg 1599w\" sizes=\"auto, (max-width: 600px) 100vw, 600px\" \/><\/a><figcaption id=\"caption-attachment-28300053\" class=\"wp-caption-text\">Estreno de la obra \u00abPunto ciego\u00bb de La Escalera Teatro<\/figcaption><\/figure>\n<p>La Universidad Pablo de Olavide ha abierto el plazo de inscripci\u00f3n para el programa cultural \u201c<b>Artes y Formaci\u00f3n<\/b>\u201d en el que se incluyen los proyectos de formaci\u00f3n en el \u00e1mbito de las artes y sus relaciones con la sociedad de <b>La Escalera Teatro<\/b>, <b>el Coro de la UPO<\/b>, el <b>Coro South Gospel<\/b> y <b>la Pe\u00f1a Universitaria Sentir Flamenco<\/b>. A su vez, estos espacios de formaci\u00f3n dirigidos a la comunidad universitaria y a la sociedad en general, operan como asociaciones culturales que desarrollan sus propias creaciones.<\/p>\n<p>El martes 2 de octubre a las 14:00 horas en el Espacio Cultural El Entreamado (edificio 42) tendr\u00e1 lugar la <b>presentaci\u00f3n de estas actividades<\/b> a las personas inscritas e igualmente este encuentro estar\u00e1 abierto a quienes tengan inter\u00e9s en conocer el funcionamiento y tipo de acciones que se desarrollar\u00e1n a lo largo de este curso 2018\/19.<\/p>\n<p>Artes y Formaci\u00f3n es uno de los programas m\u00e1s veterano del Servicio de Extensi\u00f3n Cultural del Vicerrectorado de Cultura y Compromiso Social de la Universidad Pablo de Olavide, que desarrolla su labor a lo largo de todo el curso acad\u00e9mico, ofreciendo formaci\u00f3n especializada de la mano de artistas y docentes en activo. Adem\u00e1s, al acceder a este programa, los alumnos y alumnas tienen la opci\u00f3n de <b>convalidar 1.5 ECTS<\/b> por su participaci\u00f3n, tras una evaluaci\u00f3n por parte del profesorado.<\/p>\n<p>En el campo de las artes esc\u00e9nicas, La Escalera Teatro ofrece formaci\u00f3n te\u00f3rico\/pr\u00e1ctica sin que sea necesaria experiencia anterior. Su plazo de inscripci\u00f3n estar\u00e1 abierto hasta el viernes 28 de septiembre para las 35 plazas que se ofertan -25 para la comunidad UPO y 10 para el resto-. La directora art\u00edstica es la profesora <b>Mariana Gonz\u00e1lez Roberts<\/b>.<\/p>\n<p>En el apartado musical, la UPO ofrece un acercamiento a la m\u00fasica barroca a trav\u00e9s del Coro de la UPO. La inscripci\u00f3n al Coro puede realizarse en cualquier fecha del curso pero cuenta con plazas limitadas dependiento de la necesidad de instrumentos de cuerda. Su director musical es <b>Jorge Rodr\u00edguez Morata<\/b> y el art\u00edstico <b>Miguel Rodr\u00edguez Rodr\u00edguez<\/b>. Por otra parte, la m\u00fasica negra norteamericana es la otra oferta de la Olavide a trav\u00e9s del Coro South Gospel, una entidad independiente con la que comparte un convenio de colaboraci\u00f3n. Su director musical es <b>Carlos Mondri<\/b> y la directora art\u00edstica <b>Mar\u00eda Luisa de Le\u00f3n<\/b>.<\/p>\n<p>Finalmente, el plazo de inscripci\u00f3n de la Pe\u00f1a Universitaria Sentir Flamenco est\u00e1 abierto durante todo el curso aunque las plazas son limitadas. Adem\u00e1s, la pe\u00f1a presidida por el profesor <b>Fernando Ruiz Morales<\/b> ofrece clases de baile flamenco, cante y guitarra.<\/p>\n<ul>\n<li>M\u00e1s informaci\u00f3n sobre el <a href=\"https:\/\/www.upo.es\/upsc\/extension_cultural\/artes-y-formacion\/\">Programa \u201cArtes y Formaci\u00f3n\u201d<\/a>.<\/li>\n<\/ul>\n","protected":false},"excerpt":{"rendered":"<p>La Universidad Pablo de Olavide ha abierto el plazo de inscripci\u00f3n para el programa cultural \u201cArtes y Formaci\u00f3n\u201d en el que se incluyen los proyectos de formaci\u00f3n en el \u00e1mbito de las artes y sus relaciones con la sociedad de La Escalera Teatro, el Coro de la UPO, el Coro South Gospel y la Pe\u00f1a Universitaria Sentir Flamenco. A su vez, estos espacios de formaci\u00f3n dirigidos a la comunidad universitaria y a la sociedad en general, operan como asociaciones culturales que desarrollan sus propias creaciones.<\/p>\n","protected":false},"author":14,"featured_media":0,"comment_status":"closed","ping_status":"open","sticky":false,"template":"","format":"standard","meta":{"_monsterinsights_skip_tracking":false,"_monsterinsights_sitenote_active":false,"_monsterinsights_sitenote_note":"","_monsterinsights_sitenote_category":0,"footnotes":""},"categories":[7],"tags":[71,4386,93,73,402,1142,4119,3746,95,2667],"class_list":["post-28300052","post","type-post","status-publish","format-standard","hentry","category-cultura","tag-coro","tag-coro-south-gospel","tag-flamenco","tag-la-escalera-teatro","tag-musica","tag-pena-sentir-flamenco","tag-programa-artes-y-formacion","tag-servicio-de-extension-cultural","tag-teatro","tag-vicerrectorado-de-cultura-y-compromiso-social"],"_links":{"self":[{"href":"https:\/\/www.upo.es\/diario\/wp-json\/wp\/v2\/posts\/28300052","targetHints":{"allow":["GET"]}}],"collection":[{"href":"https:\/\/www.upo.es\/diario\/wp-json\/wp\/v2\/posts"}],"about":[{"href":"https:\/\/www.upo.es\/diario\/wp-json\/wp\/v2\/types\/post"}],"author":[{"embeddable":true,"href":"https:\/\/www.upo.es\/diario\/wp-json\/wp\/v2\/users\/14"}],"replies":[{"embeddable":true,"href":"https:\/\/www.upo.es\/diario\/wp-json\/wp\/v2\/comments?post=28300052"}],"version-history":[{"count":4,"href":"https:\/\/www.upo.es\/diario\/wp-json\/wp\/v2\/posts\/28300052\/revisions"}],"predecessor-version":[{"id":28313315,"href":"https:\/\/www.upo.es\/diario\/wp-json\/wp\/v2\/posts\/28300052\/revisions\/28313315"}],"wp:attachment":[{"href":"https:\/\/www.upo.es\/diario\/wp-json\/wp\/v2\/media?parent=28300052"}],"wp:term":[{"taxonomy":"category","embeddable":true,"href":"https:\/\/www.upo.es\/diario\/wp-json\/wp\/v2\/categories?post=28300052"},{"taxonomy":"post_tag","embeddable":true,"href":"https:\/\/www.upo.es\/diario\/wp-json\/wp\/v2\/tags?post=28300052"}],"curies":[{"name":"wp","href":"https:\/\/api.w.org\/{rel}","templated":true}]}}