{"id":28315063,"date":"2018-09-20T06:10:01","date_gmt":"2018-09-20T06:10:01","guid":{"rendered":"https:\/\/www.upo.es\/diario\/?p=28315063"},"modified":"2018-09-21T06:32:20","modified_gmt":"2018-09-21T06:32:20","slug":"comienza-la-segunda-parte-de-la-programacion-de-cultura-minima-con-una-actuacion-del-coro-de-la-upo","status":"publish","type":"post","link":"https:\/\/www.upo.es\/diario\/cultura\/2018\/09\/comienza-la-segunda-parte-de-la-programacion-de-cultura-minima-con-una-actuacion-del-coro-de-la-upo\/","title":{"rendered":"Comienza la segunda parte de la programaci\u00f3n de \u201cCultura M\u00ednima\u201d con una actuaci\u00f3n del Coro de la UPO"},"content":{"rendered":"<p><a href=\"https:\/\/www.upo.es\/diario\/wp-content\/uploads\/2018\/09\/CulturaMinima_coro.jpg\"><img loading=\"lazy\" decoding=\"async\" class=\"alignright size-medium wp-image-28315065\" alt=\"CulturaMinima_coro\" src=\"https:\/\/www.upo.es\/diario\/wp-content\/uploads\/2018\/09\/CulturaMinima_coro-225x320.jpg\" width=\"225\" height=\"320\" srcset=\"https:\/\/www.upo.es\/diario\/wp-content\/uploads\/2018\/09\/CulturaMinima_coro-225x320.jpg 225w, https:\/\/www.upo.es\/diario\/wp-content\/uploads\/2018\/09\/CulturaMinima_coro-423x600.jpg 423w, https:\/\/www.upo.es\/diario\/wp-content\/uploads\/2018\/09\/CulturaMinima_coro.jpg 588w\" sizes=\"auto, (max-width: 225px) 100vw, 225px\" \/><\/a>Con la representaci\u00f3n de la conferencia-concierto \u201c<b>El nacimiento de la Polifon\u00eda<\/b>\u201d por parte del Coro de la Universidad Pablo de Olavide, <b>Cultura M\u00ednima<\/b> inicia la segunda parte de su programaci\u00f3n anual hoy jueves 20 de septiembre a las 19:30 horas en el espacio cultural \u201cEl Entramado\u201d (edificio 42). La entrada tiene un precio de 2 euros.<\/p>\n<p>En el programa propuesto, el Coro de la UPO interpretar\u00e1 obras de los dos c\u00f3dices m\u00e1s importantes de la Edad Media en Espa\u00f1a: el c\u00f3dice Calixtino y el Llivre Vermell de Monserrat. En algunos casos, ser\u00e1n piezas gregorianas a una sola voz y, en otras ocasiones, a varias voces. Adem\u00e1s, se intercalar\u00e1n explicaciones, a modo de conferencia\u2010concierto, para poner de manifiesto esta sutil evoluci\u00f3n desde el canto llano a la polifon\u00eda como yuxtaposici\u00f3n o entrelazo de dos o m\u00e1s melod\u00edas con el objetivo de producir un efecto arm\u00f3nico. La fusi\u00f3n de dos o m\u00e1s voces para cantar es un procedimiento muy antiguo que, adem\u00e1s, aparece en casi todas las culturas. En Europa, los primeros testimonios escritos de polifon\u00eda aparecen a mediados del siglo IX como una evoluci\u00f3n de la m\u00fasica vocal que se interpretaba en los oficios religiosos: el Gregoriano.<\/p>\n<p>La programaci\u00f3n de la convocatoria 2018 de Cultura M\u00ednima, la iniciativa de la Universidad Pablo de Olavide para el fomento de artistas y creadores emergentes, comenz\u00f3 en febrero. Con la apertura del curso 2018\/19, se completar\u00e1 con las actuaciones: <b>Colectivo Herederas de Salem<\/b> con \u201cRecital Herederas de Salem\u201d el 11 de octubre; <b>Asociaci\u00f3n Compa\u00f1\u00eda sin tel\u00f3n Teatro Espont\u00e1neo<\/b> con \u201cActuamos porque t\u00fa cuentas\u201d el 25 de octubre; <b>Asociaci\u00f3n La Casa Despierta<\/b> con \u201cHielo al sol\u201d el 8 de noviembre; <b>Purple Snake Blues<\/b> con \u201cPalabra de blues\u201d el 22 de noviembre; y <b>Teatro Circo La Plaza<\/b> con \u201cDonde habite el olvido\u201d el 13 de diciembre.<\/p>\n<p>En la programaci\u00f3n de Cultura M\u00ednima tienen cabida todo tipo de disciplinas art\u00edsticas \u2013artes esc\u00e9nicas, artes pl\u00e1sticas, m\u00fasica, literatura, flamenco, recitales de poes\u00eda, ac\u00fasticos de agrupaciones musicales o solistas, etc\u00e9tera\u2013 y proyectos culturales que partan o no de la comunidad universitaria, con la \u00fanica condici\u00f3n de que puedan llevarse a cabo en El Entramado, el espacio cultural de la Universidad Pablo de Olavide situado a la entrada del campus.<\/p>\n<p>Cultura M\u00ednima es una iniciativa del Vicerrectorado de Cultura y Compromiso Social de la UPO, a trav\u00e9s del <a href=\"https:\/\/www.upo.es\/upsc\/extension_cultural\/\">Servicio de Extensi\u00f3n Cultural<\/a>, que abre cada a\u00f1o durante el mes de enero el plazo para la presentaci\u00f3n de propuestas art\u00edsticas culturales.<\/p>\n","protected":false},"excerpt":{"rendered":"<p>Con la representaci\u00f3n de la conferencia-concierto \u201cEl nacimiento de la Polifon\u00eda\u201d por parte del Coro de la Universidad Pablo de Olavide, Cultura M\u00ednima inicia la segunda parte de su programaci\u00f3n anual.<\/p>\n","protected":false},"author":14,"featured_media":0,"comment_status":"closed","ping_status":"open","sticky":false,"template":"","format":"standard","meta":{"_monsterinsights_skip_tracking":false,"_monsterinsights_sitenote_active":false,"_monsterinsights_sitenote_note":"","_monsterinsights_sitenote_category":0,"footnotes":""},"categories":[7],"tags":[403,227,71,5834,3869,402,5502,3746],"class_list":["post-28315063","post","type-post","status-publish","format-standard","hentry","category-cultura","tag-concierto","tag-conferencia","tag-coro","tag-cultura","tag-cultura-minima","tag-musica","tag-polifonia","tag-servicio-de-extension-cultural"],"_links":{"self":[{"href":"https:\/\/www.upo.es\/diario\/wp-json\/wp\/v2\/posts\/28315063","targetHints":{"allow":["GET"]}}],"collection":[{"href":"https:\/\/www.upo.es\/diario\/wp-json\/wp\/v2\/posts"}],"about":[{"href":"https:\/\/www.upo.es\/diario\/wp-json\/wp\/v2\/types\/post"}],"author":[{"embeddable":true,"href":"https:\/\/www.upo.es\/diario\/wp-json\/wp\/v2\/users\/14"}],"replies":[{"embeddable":true,"href":"https:\/\/www.upo.es\/diario\/wp-json\/wp\/v2\/comments?post=28315063"}],"version-history":[{"count":5,"href":"https:\/\/www.upo.es\/diario\/wp-json\/wp\/v2\/posts\/28315063\/revisions"}],"predecessor-version":[{"id":28315067,"href":"https:\/\/www.upo.es\/diario\/wp-json\/wp\/v2\/posts\/28315063\/revisions\/28315067"}],"wp:attachment":[{"href":"https:\/\/www.upo.es\/diario\/wp-json\/wp\/v2\/media?parent=28315063"}],"wp:term":[{"taxonomy":"category","embeddable":true,"href":"https:\/\/www.upo.es\/diario\/wp-json\/wp\/v2\/categories?post=28315063"},{"taxonomy":"post_tag","embeddable":true,"href":"https:\/\/www.upo.es\/diario\/wp-json\/wp\/v2\/tags?post=28315063"}],"curies":[{"name":"wp","href":"https:\/\/api.w.org\/{rel}","templated":true}]}}