{"id":28342492,"date":"2018-09-22T00:19:25","date_gmt":"2018-09-22T00:19:25","guid":{"rendered":"https:\/\/www.upo.es\/diario\/?p=28342492"},"modified":"2018-09-26T10:44:18","modified_gmt":"2018-09-26T10:44:18","slug":"manana-sabado-se-celebra-el-encuentro-cultural-salento-andalucia-en-el-centro-civico-la-buhaira","status":"publish","type":"post","link":"https:\/\/www.upo.es\/diario\/institucional\/2018\/09\/manana-sabado-se-celebra-el-encuentro-cultural-salento-andalucia-en-el-centro-civico-la-buhaira\/","title":{"rendered":"La UPO participa en el Encuentro Cultural \u201cSalento-Andaluc\u00eda\u201d en el Centro C\u00edvico La Buhaira"},"content":{"rendered":"<figure id=\"attachment_28384762\" aria-describedby=\"caption-attachment-28384762\" style=\"width: 600px\" class=\"wp-caption aligncenter\"><a href=\"https:\/\/www.upo.es\/diario\/wp-content\/uploads\/2018\/09\/ZnIOzh6A.jpeg\"><img loading=\"lazy\" decoding=\"async\" class=\"size-large wp-image-28384762\" alt=\"Participantes en el Encuentro Cultural &quot;Salento-Andaluc\u00eda&quot;\" src=\"https:\/\/www.upo.es\/diario\/wp-content\/uploads\/2018\/09\/ZnIOzh6A-600x399.jpeg\" width=\"600\" height=\"399\" srcset=\"https:\/\/www.upo.es\/diario\/wp-content\/uploads\/2018\/09\/ZnIOzh6A-600x399.jpeg 600w, https:\/\/www.upo.es\/diario\/wp-content\/uploads\/2018\/09\/ZnIOzh6A-320x213.jpeg 320w, https:\/\/www.upo.es\/diario\/wp-content\/uploads\/2018\/09\/ZnIOzh6A.jpeg 1600w\" sizes=\"auto, (max-width: 600px) 100vw, 600px\" \/><\/a><figcaption id=\"caption-attachment-28384762\" class=\"wp-caption-text\">Participantes en el Encuentro Cultural \u00abSalento-Andaluc\u00eda\u00bb<\/figcaption><\/figure>\n<p>El Vicerrectorado de Relaciones Institucionales de la Universidad Pablo de Olavide, el Centro Culturale Italiano (CCI) y el Istituto di Cultura Salentina (ICS) han organizado \u201cSalento \u2013 Andaluc\u00eda: Un encuentro de culturas\u201d en el Centro C\u00edvico La Buhaira (Parque Jardines de La Buhaira, s\/n). El acto ha estado presidido por <b>Marina Sciarretta<\/b>, directora del CCI; <b>Myriam D\u00edaz Rodr\u00edguez<\/b>, delegada de Igualdad, Juventud y Relaciones con la Comunidad Universitaria del Ayuntamiento de Sevilla; <b>Pilar Rodr\u00edguez Reina<\/b>, vicerrectora de Relaciones Institucionales de la UPO; y <b>Annalaura Giannelli<\/b>, presidenta del ICS.<\/p>\n<p>Esta iniciativa nace de un acuerdo de colaboraci\u00f3n firmado en 2016 entre el CCI de Sevilla y el ICS con el prop\u00f3sito de crear un puente intercultural entre Italia y Espa\u00f1a y, en particular, entre Andaluc\u00eda y Salento, regi\u00f3n de la pen\u00ednsula italiana entre los mares J\u00f3nico y Adri\u00e1tico que ocupa la parte m\u00e1s meridional del tac\u00f3n de Italia, la Puglia.<\/p>\n<p>El encuentro ha contado con la participaci\u00f3n del escritor <b>Angelo Donno<\/b>, que ha presentado su novela hist\u00f3rica \u201cL&#8217;ultimo Re de Besa Editrice\u201d acompa\u00f1ado por el profesor de la UPO <b>Igor P\u00e9rez Tostado<\/b>; el fot\u00f3grafo y director <b>Aristide Mazzarella<\/b>, con el documental \u201cEl Parque Natural de Porto Selvaggio\u201d; y el productor y director cinematogr\u00e1fico <b>Attilio de Razza<\/b>, con la comedia ambientada en el Salento \u201cVengo anch\u2019io\u201d. Por otra parte, la escritora <b>Annalaura Giannelli<\/b> ha presentado su nueva obra \u201cViaggio in ombra de Adda Editore\u201d acompa\u00f1ada por el pintor sevillano <b>Jos\u00e9 Mar\u00eda Pe\u00f1a<\/b> -autor de la imagen de la portada- y la profesora <b>Pilar Rodr\u00edguez Reina<\/b>. Finalmente, se ha presentado el centro muse\u00edstico de Vaste (Poggiardo) con la presencia de su alcalde <b>Giuseppe Colafati<\/b> y del responsable para la Promoci\u00f3n Cultural del ICS <b>Valentino Tarsilla<\/b>.<\/p>\n<p>El Polit\u00e9cnico del <i>Made in Italy<\/i> -instituto salentino para la alta formaci\u00f3n t\u00e9cnica y de gesti\u00f3n de los sectores m\u00e1s significativos del dise\u00f1o italiano- ha estado representado en su presidente, el empresario salentino <b>Luciano Barbetta<\/b> y su director <b>Demetrio Manco<\/b>. Los estudiantes del Polit\u00e9cnico han realizado, para este evento, unos modelos de zapatos \u00fanicos y un video en el que se muestra el camino formativo\/profesional dentro de la escuela.<\/p>\n<p><a href=\"https:\/\/www.upo.es\/diario\/wp-content\/uploads\/2018\/09\/cartel_Salento.jpg\"><img loading=\"lazy\" decoding=\"async\" class=\"alignright size-medium wp-image-28342493\" alt=\"cartel_Salento\" src=\"https:\/\/www.upo.es\/diario\/wp-content\/uploads\/2018\/09\/cartel_Salento-226x320.jpg\" width=\"226\" height=\"320\" srcset=\"https:\/\/www.upo.es\/diario\/wp-content\/uploads\/2018\/09\/cartel_Salento-226x320.jpg 226w, https:\/\/www.upo.es\/diario\/wp-content\/uploads\/2018\/09\/cartel_Salento-424x600.jpg 424w, https:\/\/www.upo.es\/diario\/wp-content\/uploads\/2018\/09\/cartel_Salento-600x848.jpg 600w\" sizes=\"auto, (max-width: 226px) 100vw, 226px\" \/><\/a>El evento tambi\u00e9n ha contado con las expresiones art\u00edsticas m\u00e1s populares de cada una de estas regiones: la pizzica, con el grupo <b>Quartieri Spagnoli<\/b>; y el flamenco con los estudiantes de quinto curso del <b>Conservatorio Profesional de Danza de Sevilla Antonio Ruiz Soler<\/b>. Para clausurar el evento, la salentina afincada en Sevilla <b>Viviana Merola<\/b> ha declamado algunos versos del poeta Cosimo Russo, de la antolog\u00eda \u201cPer poco tempo\u201d de Manni Editore y el ICS ha entregado su primer <b>Premio Internacional<\/b>. Igualmente, el p\u00fablico asistente ha tenido ocasi\u00f3n de degustar algunas especialidades de las dos regiones.<\/p>\n<p>\u201cCreemos profundamente en la importancia de estrechar lazos entre culturas\u201d &#8211; ha afirmado la directora del CCI Marina Sciarretta-. \u201cItalia tiene mucho en com\u00fan con Espa\u00f1a pero gran parte de nuestro pa\u00eds y sus tesoros hist\u00f3ricos, art\u00edsticos y naturales son a\u00fan poco conocidos. Es el caso del Salento. Iniciativas como este encuentro, fruto del esfuerzo y de la colaboraci\u00f3n entre varias instituciones p\u00fablicas y privadas, nos ayudan a difundir nuestra cultura, a conocernos, a compartir experiencias y costumbres y a descubrir lugares maravillosos\u201d.<\/p>\n<p>Durante su estancia en Sevilla, la delegaci\u00f3n del Salento realizar\u00e1 una visita institucional al Ayuntamiento de Sevilla, a la sede de la Universidad Pablo de Olavide en Carmona y a la Fundaci\u00f3n Tres Culturas.<\/p>\n<p>\u201cSalento-Andaluc\u00eda: Un encuentro de culturas\u201d ha contado con la colaboraci\u00f3n del Ayuntamiento de Sevilla, el ISTRAD (Instituto Superior de Estudios Ling\u00fc\u00edsticos y Traducci\u00f3n) y la Fundaci\u00f3n Tres Culturas.<\/p>\n","protected":false},"excerpt":{"rendered":"<p>Esta iniciativa nace de un acuerdo de colaboraci\u00f3n firmado en 2016 entre el CCI de Sevilla y el ICS con el prop\u00f3sito de crear un puente intercultural entre Italia y Espa\u00f1a y, en particular, entre Andaluc\u00eda y Salento, regi\u00f3n de la pen\u00ednsula italiana entre los mares J\u00f3nico y Adri\u00e1tico que ocupa la parte m\u00e1s meridional del tac\u00f3n de Italia, la Puglia.<\/p>\n","protected":false},"author":14,"featured_media":0,"comment_status":"closed","ping_status":"open","sticky":false,"template":"","format":"standard","meta":{"_monsterinsights_skip_tracking":false,"_monsterinsights_sitenote_active":false,"_monsterinsights_sitenote_note":"","_monsterinsights_sitenote_category":0,"footnotes":""},"categories":[6],"tags":[621,5515,5513,5834,5510,3833,5514,5516,982,5511,5512],"class_list":["post-28342492","post","type-post","status-publish","format-standard","hentry","category-institucional","tag-ayuntamiento-de-sevilla","tag-centro-civico-la-buhaira","tag-centro-culturale-italiano","tag-cultura","tag-encuentro-cultural","tag-fundacion-tres-culturas","tag-istituto-di-cultura-salentina","tag-istrad","tag-italia","tag-salento","tag-vicerrectorado-de-relaciones-institucionales"],"_links":{"self":[{"href":"https:\/\/www.upo.es\/diario\/wp-json\/wp\/v2\/posts\/28342492","targetHints":{"allow":["GET"]}}],"collection":[{"href":"https:\/\/www.upo.es\/diario\/wp-json\/wp\/v2\/posts"}],"about":[{"href":"https:\/\/www.upo.es\/diario\/wp-json\/wp\/v2\/types\/post"}],"author":[{"embeddable":true,"href":"https:\/\/www.upo.es\/diario\/wp-json\/wp\/v2\/users\/14"}],"replies":[{"embeddable":true,"href":"https:\/\/www.upo.es\/diario\/wp-json\/wp\/v2\/comments?post=28342492"}],"version-history":[{"count":7,"href":"https:\/\/www.upo.es\/diario\/wp-json\/wp\/v2\/posts\/28342492\/revisions"}],"predecessor-version":[{"id":28381850,"href":"https:\/\/www.upo.es\/diario\/wp-json\/wp\/v2\/posts\/28342492\/revisions\/28381850"}],"wp:attachment":[{"href":"https:\/\/www.upo.es\/diario\/wp-json\/wp\/v2\/media?parent=28342492"}],"wp:term":[{"taxonomy":"category","embeddable":true,"href":"https:\/\/www.upo.es\/diario\/wp-json\/wp\/v2\/categories?post=28342492"},{"taxonomy":"post_tag","embeddable":true,"href":"https:\/\/www.upo.es\/diario\/wp-json\/wp\/v2\/tags?post=28342492"}],"curies":[{"name":"wp","href":"https:\/\/api.w.org\/{rel}","templated":true}]}}