{"id":2836620,"date":"2014-02-13T00:51:44","date_gmt":"2014-02-13T00:51:44","guid":{"rendered":"https:\/\/www.upo.es\/diario\/?p=2836620"},"modified":"2014-02-13T13:56:00","modified_gmt":"2014-02-13T13:56:00","slug":"la-upo-acoge-la-proxima-semana-las-primeras-jornadas-de-criminologia-una-mirada-a-la-delincuencia-juvenil","status":"publish","type":"post","link":"https:\/\/www.upo.es\/diario\/institucional\/2014\/02\/la-upo-acoge-la-proxima-semana-las-primeras-jornadas-de-criminologia-una-mirada-a-la-delincuencia-juvenil\/","title":{"rendered":"La UPO acoge la pr\u00f3xima semana las primeras jornadas de criminolog\u00eda \u201cUna Mirada a la Delincuencia Juvenil\u201d"},"content":{"rendered":"<figure id=\"attachment_2836621\" aria-describedby=\"caption-attachment-2836621\" style=\"width: 225px\" class=\"wp-caption alignright\"><a href=\"https:\/\/www.upo.es\/diario\/wp-content\/uploads\/2014\/02\/jorn-criminologia-cartel.png\"><img loading=\"lazy\" decoding=\"async\" class=\"size-medium wp-image-2836621\" alt=\"Jornadas de Criminolog\u00eda \u201cUna Mirada a la Delincuencia Juvenil\u201d\" src=\"https:\/\/www.upo.es\/diario\/wp-content\/uploads\/2014\/02\/jorn-criminologia-cartel-225x320.png\" width=\"225\" height=\"320\" srcset=\"https:\/\/www.upo.es\/diario\/wp-content\/uploads\/2014\/02\/jorn-criminologia-cartel-225x320.png 225w, https:\/\/www.upo.es\/diario\/wp-content\/uploads\/2014\/02\/jorn-criminologia-cartel.png 435w\" sizes=\"auto, (max-width: 225px) 100vw, 225px\" \/><\/a><figcaption id=\"caption-attachment-2836621\" class=\"wp-caption-text\">Asistir\u00e1n expertos del \u00e1mbito de la criminolog\u00eda y la psicolog\u00eda a nivel nacional e internacional<\/figcaption><\/figure>\n<p>Los pr\u00f3ximos d\u00edas<strong> jueves 20 y viernes 21 de febrero<\/strong> se celebrar\u00e1n en la Universidad Pablo de Olavide las primeras <strong>Jornadas de Criminolog\u00eda \u201c<i>Una Mirada a la Delincuencia Juvenil<\/i>\u201d<\/strong>, organizadas por la Asociaci\u00f3n Sevillana de Estudiantes de Criminolog\u00eda (ASEC) en colaboraci\u00f3n con el Grupo de Investigaci\u00f3n LISIS.<\/p>\n<p>Estas jornadas contar\u00e1n con la asistencia de expertos del \u00e1mbito de la criminolog\u00eda y la psicolog\u00eda a nivel nacional e internacional, quienes tratar\u00e1n de ahondar en la criminolog\u00eda desde un prisma psicol\u00f3gico, adem\u00e1s de abordar temas relacionados con esta disciplina como la victimolog\u00eda, los sistemas de tratamiento o la toxicolog\u00eda, adem\u00e1s de ense\u00f1ar a utilizar las herramientas que actualmente se aplican para calificar la probabilidad de reincidencia en determinados grupos delictivos, y se contar\u00e1n de primera mano las salidas profesionales\u00a0que tiene la titulaci\u00f3n en Criminolog\u00eda.<\/p>\n<p>A pesar de estar orientadas a estudiantes de Criminolog\u00eda, las jornadas est\u00e1n abiertas a todos los interesados. El evento se celebrar\u00e1 en el Paraninfo de la Universidad Pablo de Olavide y el programa est\u00e1 ya disponible en <a href=\"http:\/\/asecriminologia.blogspot.com.es\/\">http:\/\/asecriminologia.blogspot.com.es\/<\/a><\/p>\n","protected":false},"excerpt":{"rendered":"<p>Los pr\u00f3ximos d\u00edas jueves 20 y viernes 21 de febrero se celebrar\u00e1n en la Universidad Pablo de Olavide las primeras Jornadas de Criminolog\u00eda \u201cUna Mirada a la Delincuencia Juvenil\u201d, organizadas por la Asociaci\u00f3n Sevillana de Estudiantes de Criminolog\u00eda (ASEC) en colaboraci\u00f3n con el Grupo de Investigaci\u00f3n LISIS. <\/p>\n","protected":false},"author":6,"featured_media":0,"comment_status":"closed","ping_status":"open","sticky":false,"template":"","format":"standard","meta":{"_monsterinsights_skip_tracking":false,"_monsterinsights_sitenote_active":false,"_monsterinsights_sitenote_note":"","_monsterinsights_sitenote_category":0,"footnotes":""},"categories":[6],"tags":[532,87,21,680,84,391],"class_list":["post-2836620","post","type-post","status-publish","format-standard","hentry","category-institucional","tag-criminologia","tag-derecho","tag-estudiantes","tag-grado","tag-jornadas","tag-salidas-profesionales"],"_links":{"self":[{"href":"https:\/\/www.upo.es\/diario\/wp-json\/wp\/v2\/posts\/2836620","targetHints":{"allow":["GET"]}}],"collection":[{"href":"https:\/\/www.upo.es\/diario\/wp-json\/wp\/v2\/posts"}],"about":[{"href":"https:\/\/www.upo.es\/diario\/wp-json\/wp\/v2\/types\/post"}],"author":[{"embeddable":true,"href":"https:\/\/www.upo.es\/diario\/wp-json\/wp\/v2\/users\/6"}],"replies":[{"embeddable":true,"href":"https:\/\/www.upo.es\/diario\/wp-json\/wp\/v2\/comments?post=2836620"}],"version-history":[{"count":2,"href":"https:\/\/www.upo.es\/diario\/wp-json\/wp\/v2\/posts\/2836620\/revisions"}],"predecessor-version":[{"id":2836623,"href":"https:\/\/www.upo.es\/diario\/wp-json\/wp\/v2\/posts\/2836620\/revisions\/2836623"}],"wp:attachment":[{"href":"https:\/\/www.upo.es\/diario\/wp-json\/wp\/v2\/media?parent=2836620"}],"wp:term":[{"taxonomy":"category","embeddable":true,"href":"https:\/\/www.upo.es\/diario\/wp-json\/wp\/v2\/categories?post=2836620"},{"taxonomy":"post_tag","embeddable":true,"href":"https:\/\/www.upo.es\/diario\/wp-json\/wp\/v2\/tags?post=2836620"}],"curies":[{"name":"wp","href":"https:\/\/api.w.org\/{rel}","templated":true}]}}