{"id":2837058,"date":"2014-02-14T00:35:52","date_gmt":"2014-02-14T00:35:52","guid":{"rendered":"https:\/\/www.upo.es\/diario\/?p=2837058"},"modified":"2014-02-15T12:04:43","modified_gmt":"2014-02-15T12:04:43","slug":"manana-se-inaugura-en-la-universidad-pablo-de-olavide-el-curso-instrumentos-y-retos-de-la-administracion-local","status":"publish","type":"post","link":"https:\/\/www.upo.es\/diario\/institucional\/2014\/02\/manana-se-inaugura-en-la-universidad-pablo-de-olavide-el-curso-instrumentos-y-retos-de-la-administracion-local\/","title":{"rendered":"Hoy se inaugura en la Universidad Pablo de Olavide el curso \u201cInstrumentos y retos de la Administraci\u00f3n Local\u201d"},"content":{"rendered":"<figure id=\"attachment_2837059\" aria-describedby=\"caption-attachment-2837059\" style=\"width: 320px\" class=\"wp-caption alignright\"><a href=\"https:\/\/www.upo.es\/diario\/wp-content\/uploads\/2014\/02\/spain-cities.jpg\"><img loading=\"lazy\" decoding=\"async\" class=\"size-medium wp-image-2837059\" alt=\"mapa de espa\u00f1a con nombres de localidades\" src=\"https:\/\/www.upo.es\/diario\/wp-content\/uploads\/2014\/02\/spain-cities-320x228.jpg\" width=\"320\" height=\"228\" srcset=\"https:\/\/www.upo.es\/diario\/wp-content\/uploads\/2014\/02\/spain-cities-320x228.jpg 320w, https:\/\/www.upo.es\/diario\/wp-content\/uploads\/2014\/02\/spain-cities.jpg 400w\" sizes=\"auto, (max-width: 320px) 100vw, 320px\" \/><\/a><figcaption id=\"caption-attachment-2837059\" class=\"wp-caption-text\">El curso est\u00e1 dirigido principalmente a cargos electos, personal laboral y funcionarios de la Administraci\u00f3n Local. Ilustraci\u00f3n: Mohd Hasrullnizam Abu Hasan<\/figcaption><\/figure>\n<p>Hoy<strong> a las 17,00 horas, en la sala de prensa del Rectorado de la UPO<\/strong>, tendr\u00e1 lugar la<strong> inauguraci\u00f3n del curso \u201cInstrumentos y retos de la Administraci\u00f3n Local (I)\u201d<\/strong>, organizado por la Escuela de Administraci\u00f3n P\u00fablica de Andaluc\u00eda (EAPA) de la Universidad Pablo de Olavide, en colaboraci\u00f3n con la Consejer\u00eda de Administraci\u00f3n Local y Relaciones Institucionales y la Diputaci\u00f3n de Sevilla y que se extender\u00e1 hasta el pr\u00f3ximo s\u00e1bado.<\/p>\n<p>Dicho acto estar\u00e1 presidido por Vicente Guzm\u00e1n Fluja, rector de la Universidad Pablo de Olavide; Jos\u00e9 Luis P\u00e9rez Tapias, viceconsejero de Administraci\u00f3n Local y Relaciones Institucionales de la Junta de Andaluc\u00eda; Fernando Rodr\u00edguez Villalobos, presidente de la Diputaci\u00f3n Provincial de Sevilla; Miguel \u00c1ngel Gual Font, vicerrector de Postgrado, Formaci\u00f3n Permanente y Empleo de la UPO y Manuel Jos\u00e9 Terol Becerra, catedr\u00e1tico de Derecho Constitucional de la UPO y director de la EAPA.<\/p>\n<p>Tras el acto de inauguraci\u00f3n, el portavoz del PSOE y diputado del \u00c1rea de Concertaci\u00f3n de la Diputaci\u00f3n de Sevilla, Manuel Dom\u00ednguez Jim\u00e9nez, impartir\u00e1 la conferencia inaugural del curso, que llevar\u00e1 por nombre \u201cPresente y futuro de la autonom\u00eda local\u201d.<\/p>\n<p>El curso, que est\u00e1 dirigido principalmente a cargos electos, personal laboral y funcionarios de la Administraci\u00f3n Local, tiene como objetivo hacer un an\u00e1lisis de la actual situaci\u00f3n de los Ayuntamientos y dotar de los instrumentos y competencias necesarias a las personas encargadas de afrontar este contexto de crisis en las entidades locales de Andaluc\u00eda.<\/p>\n<p>Este nuevo curso que organiza la UPO es de car\u00e1cter presencial. <b>El plazo de inscripci\u00f3n se encuentra abierto. <\/b>La segunda parte del curso se impartir\u00e1 los pr\u00f3ximos d\u00edas 21 y 22 de febrero.<\/p>\n<p>Para m\u00e1s informaci\u00f3n, consultar el enlace: <a href=\"http:\/\/www.upo.es\/olavideencarmona\">www.upo.es\/olavideencarmona<\/a><\/p>\n<p>Para consultar el programa de los cursos m\u00e1s detalladamente, hacer clic en los siguientes enlaces:<\/p>\n<p><b><a href=\"http:\/\/www.upo.es\/olavideencarmona\/export\/sites\/upo_carmona\/eapa\/programas\/2014cc51.pdf\" target=\"_blank\">\u00abInstrumentos y retos de la administraci\u00f3n Local\u00bb (I), 14 y 15 de febrero de 2014. (15 horas).<\/a><\/b><\/p>\n<p><b><a href=\"http:\/\/www.upo.es\/olavideencarmona\/export\/sites\/upo_carmona\/eapa\/programas\/2014cc52.pdf\" target=\"_blank\">\u00abInstrumentos y retos de la administraci\u00f3n Local\u00bb (II), 21 y 22 de febrero de 2014. (10 horas).<\/a><\/b><\/p>\n<p>&nbsp;<\/p>\n","protected":false},"excerpt":{"rendered":"<p>Hoy a las 17,00 horas, en la sala de prensa del Rectorado de la UPO, tendr\u00e1 lugar la inauguraci\u00f3n del curso \u201cInstrumentos y retos de la Administraci\u00f3n Local (I)\u201d, organizado por la Escuela de Administraci\u00f3n P\u00fablica de Andaluc\u00eda (EAPA) de la Universidad Pablo de Olavide, en colaboraci\u00f3n con la Consejer\u00eda de Administraci\u00f3n Local y Relaciones Institucionales y la Diputaci\u00f3n de Sevilla y que se extender\u00e1 hasta el pr\u00f3ximo s\u00e1bado.<\/p>\n","protected":false},"author":6,"featured_media":0,"comment_status":"closed","ping_status":"open","sticky":false,"template":"","format":"standard","meta":{"_monsterinsights_skip_tracking":false,"_monsterinsights_sitenote_active":false,"_monsterinsights_sitenote_note":"","_monsterinsights_sitenote_category":0,"footnotes":""},"categories":[6],"tags":[1031,141,327,798,203,161],"class_list":["post-2837058","post","type-post","status-publish","format-standard","hentry","category-institucional","tag-consejeria-administracion-local","tag-curso","tag-diputacion","tag-eapa","tag-junta-de-andalucia","tag-sevilla"],"_links":{"self":[{"href":"https:\/\/www.upo.es\/diario\/wp-json\/wp\/v2\/posts\/2837058","targetHints":{"allow":["GET"]}}],"collection":[{"href":"https:\/\/www.upo.es\/diario\/wp-json\/wp\/v2\/posts"}],"about":[{"href":"https:\/\/www.upo.es\/diario\/wp-json\/wp\/v2\/types\/post"}],"author":[{"embeddable":true,"href":"https:\/\/www.upo.es\/diario\/wp-json\/wp\/v2\/users\/6"}],"replies":[{"embeddable":true,"href":"https:\/\/www.upo.es\/diario\/wp-json\/wp\/v2\/comments?post=2837058"}],"version-history":[{"count":4,"href":"https:\/\/www.upo.es\/diario\/wp-json\/wp\/v2\/posts\/2837058\/revisions"}],"predecessor-version":[{"id":2856813,"href":"https:\/\/www.upo.es\/diario\/wp-json\/wp\/v2\/posts\/2837058\/revisions\/2856813"}],"wp:attachment":[{"href":"https:\/\/www.upo.es\/diario\/wp-json\/wp\/v2\/media?parent=2837058"}],"wp:term":[{"taxonomy":"category","embeddable":true,"href":"https:\/\/www.upo.es\/diario\/wp-json\/wp\/v2\/categories?post=2837058"},{"taxonomy":"post_tag","embeddable":true,"href":"https:\/\/www.upo.es\/diario\/wp-json\/wp\/v2\/tags?post=2837058"}],"curies":[{"name":"wp","href":"https:\/\/api.w.org\/{rel}","templated":true}]}}