{"id":28424681,"date":"2018-09-27T08:15:45","date_gmt":"2018-09-27T08:15:45","guid":{"rendered":"https:\/\/www.upo.es\/diario\/?p=28424681"},"modified":"2018-09-27T08:16:23","modified_gmt":"2018-09-27T08:16:23","slug":"crue-solicita-una-nueva-ley-de-universidades-en-el-congreso-de-los-diputados","status":"publish","type":"post","link":"https:\/\/www.upo.es\/diario\/institucional\/2018\/09\/crue-solicita-una-nueva-ley-de-universidades-en-el-congreso-de-los-diputados\/","title":{"rendered":"Crue solicita una nueva Ley de Universidades en el Congreso de los Diputados"},"content":{"rendered":"<figure id=\"attachment_28424682\" aria-describedby=\"caption-attachment-28424682\" style=\"width: 600px\" class=\"wp-caption aligncenter\"><a href=\"https:\/\/www.upo.es\/diario\/wp-content\/uploads\/2018\/09\/2018.09.26-Comunicado-08.jpg\"><img loading=\"lazy\" decoding=\"async\" class=\"size-large wp-image-28424682\" alt=\"Roberto Fern\u00e1ndez lee el comunicado de Crue en la Sala Ernest Lluch del Congreso\" src=\"https:\/\/www.upo.es\/diario\/wp-content\/uploads\/2018\/09\/2018.09.26-Comunicado-08-600x399.jpg\" width=\"600\" height=\"399\" srcset=\"https:\/\/www.upo.es\/diario\/wp-content\/uploads\/2018\/09\/2018.09.26-Comunicado-08-600x399.jpg 600w, https:\/\/www.upo.es\/diario\/wp-content\/uploads\/2018\/09\/2018.09.26-Comunicado-08-320x213.jpg 320w, https:\/\/www.upo.es\/diario\/wp-content\/uploads\/2018\/09\/2018.09.26-Comunicado-08.jpg 1280w\" sizes=\"auto, (max-width: 600px) 100vw, 600px\" \/><\/a><figcaption id=\"caption-attachment-28424682\" class=\"wp-caption-text\">Roberto Fern\u00e1ndez lee el comunicado de Crue en la Sala Ernest Lluch del Congreso<\/figcaption><\/figure>\n<p><span style=\"text-decoration: underline;\">El presidente de Crue Universidades Espa\u00f1olas, Roberto Fern\u00e1ndez, ha dado lectura de un comunicado en la sala Ernest Lluch del Congreso de los Diputados en el que ha solicitado una nueva Ley de Universidades. El documento ha sido impulsado por Crue y la Conferencia de Consejos Sociales de Universidades y firmado por los principales agentes sociales.<\/span><\/p>\n<p><b>Comunicado de Crue por una nueva Ley Org\u00e1nica de Universidades:<\/b><\/p>\n<p><i>La universidad espa\u00f1ola es uno de nuestros principales activos para garantizar el continuo progreso de Espa\u00f1a. En buena medida, es la responsable del crecimiento econ\u00f3mico, el desarrollo social, la revitalizaci\u00f3n cultural, el equilibrio territorial, la equidad y la cohesi\u00f3n social fundamentales para alcanzar una prosperidad constante, sostenible y respetuosa con el medio ambiente. Su permanente utilidad respecto a la creaci\u00f3n de talento humano, de nuevos conocimientos cient\u00edficos y de capital tecnol\u00f3gico, ha sido ampliamente demostrada en los \u00faltimos cuarenta a\u00f1os, lo cual ha contribuido de manera decisiva a la extraordinaria transformaci\u00f3n positiva que ha protagonizado la sociedad espa\u00f1ola.<\/i><\/p>\n<p><i>Sin embargo, es igualmente cierto que una instituci\u00f3n de tal envergadura, complejidad y trascendencia estrat\u00e9gica, necesita una gran capacidad de innovaci\u00f3n para, en un entorno de competencia global sujeto a grandes cambios, conseguir su objetivo \u00faltimo, que es hacer frente a las necesidades presentes y futuras de la sociedad espa\u00f1ola, contribuyendo a alcanzar su bienestar. Es desde esta perspectiva que consideramos esencial un proceso de reformas para que la universidad se mantenga a la cabeza de los cambios que la sociedad precisa y as\u00ed poder hacer frente a la nueva econom\u00eda del conocimiento y a una globalizaci\u00f3n que debemos gestionar con inteligencia y eficacia si no queremos convertirnos en un pa\u00eds marginal en el concierto internacional.<\/i><\/p>\n<p><i>Eso significa que, en un cambio hist\u00f3rico de la magnitud del que se est\u00e1 produciendo, que ya no cabe calificar como una \u00e9poca de cambios sino como un cambio de \u00e9poca, se precisa una nueva regulaci\u00f3n legal que permita a la universidad afrontar con \u00e9xito los desaf\u00edos a los que continuamente tiene que enfrentarse, que no son otros que los retos que tiene ante s\u00ed la propia sociedad espa\u00f1ola. Por todo ello, los abajo firmantes, queremos manifestar ante la opini\u00f3n p\u00fablica lo siguiente:<\/i><\/p>\n<p><i>1. Solicitamos a todas las instancias pol\u00edticas parlamentarias que pongan a la universidad espa\u00f1ola en el frontispicio de su acci\u00f3n pol\u00edtica. Son precisamente ellas, depositarias de la soberan\u00eda popular, a quienes cabe la responsabilidad \u00faltima de elaborar un nuevo marco legal que permita a las universidades mejorar su funcionamiento. La universidad espa\u00f1ola debe convertirse en un tema prioritario y estrat\u00e9gico de la actuaci\u00f3n pol\u00edtica si queremos asegurar nuestro futuro individual y colectivo.<\/i><\/p>\n<p><i>2. Por ello, solicitamos a todas las fuerzas parlamentarias nacionales que dediquen sus esfuerzos a promover y aprobar una nueva Ley Org\u00e1nica de Universidades. Tres son las principales razones en las que se sustenta esta petici\u00f3n. La primera es que desde la \u00faltima reforma parcial de 2007 se han producido en el mundo cambios muy profundos en todos los \u00f3rdenes de la vida econ\u00f3mica, social y cultural, mudanzas que obligan a una urgente revisi\u00f3n de nuestro ordenamiento universitario. La segunda raz\u00f3n es que debemos organizar mejor las relaciones entre la universidad, los poderes pol\u00edticos y los agentes sociales y econ\u00f3micos, para de este modo conseguir m\u00e1s capacidad de transformaci\u00f3n de la realidad y una mayor reputaci\u00f3n institucional que aumente la potencialidad internacional de nuestras universidades. Y la tercera raz\u00f3n es que debemos profundizar en una verdadera y efectiva autonom\u00eda universitaria que, con una adecuada financiaci\u00f3n y la debida rendici\u00f3n de cuentas ante la sociedad, posibilite una mayor flexibilidad de actuaci\u00f3n a las universidades en sus modos de gobierno, su organizaci\u00f3n interna y sus pol\u00edticas acad\u00e9micas y de personal. Los docentes, investigadores y el personal de administraci\u00f3n y servicios son un activo fundamental que precisa de los recursos id\u00f3neos para continuar realizando su trabajo con su actual calidad contrastada y reconocida.<\/i><\/p>\n<p><i>3. Finalmente, deseamos que dicha ley sea elaborada y aprobada a trav\u00e9s de un amplio consenso parlamentario, que d\u00e9 lugar a un gran Pacto de Estado en el que participen las diversas fuerzas pol\u00edticas y en el que se solicite la colaboraci\u00f3n activa de todas aquellas instituciones, organizaciones sindicales y colectivos sociales que puedan aportar sus experiencias y sus ideas para seguir construyendo una universidad al servicio de la ciudadan\u00eda y que contribuya a fortalecer el desarrollo econ\u00f3mico y social de nuestro pa\u00eds y su mayor influencia en la esfera internacional.<\/i><\/p>\n<p><i>Por \u00faltimo, quienes suscribimos esta declaraci\u00f3n queremos manifestar nuestro m\u00e1s profundo convencimiento de que el futuro de Espa\u00f1a pasa tambi\u00e9n por darle un \u00f3ptimo futuro a nuestra universidad.<\/i><\/p>\n","protected":false},"excerpt":{"rendered":"<p>El presidente de Crue Universidades Espa\u00f1olas, Roberto Fern\u00e1ndez, ha dado lectura de un comunicado en la sala Ernest Lluch del Congreso de los Diputados en el que ha solicitado una nueva Ley de Universidades. El documento ha sido impulsado por Crue y la Conferencia de Consejos Sociales de Universidades y firmado por los principales agentes sociales.<\/p>\n","protected":false},"author":14,"featured_media":0,"comment_status":"closed","ping_status":"open","sticky":false,"template":"","format":"standard","meta":{"_monsterinsights_skip_tracking":false,"_monsterinsights_sitenote_active":false,"_monsterinsights_sitenote_note":"","_monsterinsights_sitenote_category":0,"footnotes":""},"categories":[6],"tags":[37,1874,243,5346,5537,5448],"class_list":["post-28424681","post","type-post","status-publish","format-standard","hentry","category-institucional","tag-comunicado","tag-congreso-de-los-diputados","tag-crue","tag-ley-de-universidades","tag-roberto-fernandez","tag-universidades-espanolas"],"_links":{"self":[{"href":"https:\/\/www.upo.es\/diario\/wp-json\/wp\/v2\/posts\/28424681","targetHints":{"allow":["GET"]}}],"collection":[{"href":"https:\/\/www.upo.es\/diario\/wp-json\/wp\/v2\/posts"}],"about":[{"href":"https:\/\/www.upo.es\/diario\/wp-json\/wp\/v2\/types\/post"}],"author":[{"embeddable":true,"href":"https:\/\/www.upo.es\/diario\/wp-json\/wp\/v2\/users\/14"}],"replies":[{"embeddable":true,"href":"https:\/\/www.upo.es\/diario\/wp-json\/wp\/v2\/comments?post=28424681"}],"version-history":[{"count":3,"href":"https:\/\/www.upo.es\/diario\/wp-json\/wp\/v2\/posts\/28424681\/revisions"}],"predecessor-version":[{"id":28424685,"href":"https:\/\/www.upo.es\/diario\/wp-json\/wp\/v2\/posts\/28424681\/revisions\/28424685"}],"wp:attachment":[{"href":"https:\/\/www.upo.es\/diario\/wp-json\/wp\/v2\/media?parent=28424681"}],"wp:term":[{"taxonomy":"category","embeddable":true,"href":"https:\/\/www.upo.es\/diario\/wp-json\/wp\/v2\/categories?post=28424681"},{"taxonomy":"post_tag","embeddable":true,"href":"https:\/\/www.upo.es\/diario\/wp-json\/wp\/v2\/tags?post=28424681"}],"curies":[{"name":"wp","href":"https:\/\/api.w.org\/{rel}","templated":true}]}}