{"id":28425849,"date":"2018-09-27T10:49:47","date_gmt":"2018-09-27T10:49:47","guid":{"rendered":"https:\/\/www.upo.es\/diario\/?p=28425849"},"modified":"2018-10-02T10:13:47","modified_gmt":"2018-10-02T10:13:47","slug":"cuando-se-ataca-a-la-universidad-se-ataca-a-un-conjunto-de-actividades-que-mejoran-la-vida-de-las-personas","status":"publish","type":"post","link":"https:\/\/www.upo.es\/diario\/institucional\/2018\/09\/cuando-se-ataca-a-la-universidad-se-ataca-a-un-conjunto-de-actividades-que-mejoran-la-vida-de-las-personas\/","title":{"rendered":"\u201cCuando se ataca a la universidad, se ataca a un conjunto de actividades que mejoran la vida de las personas\u201d"},"content":{"rendered":"<figure id=\"attachment_28425850\" aria-describedby=\"caption-attachment-28425850\" style=\"width: 600px\" class=\"wp-caption aligncenter\"><a href=\"https:\/\/www.upo.es\/diario\/wp-content\/uploads\/2018\/09\/PresentacionMilformasdemirar007.jpg\"><img loading=\"lazy\" decoding=\"async\" class=\"size-large wp-image-28425850\" alt=\"De izda. a dcha.: Elodia Hern\u00e1ndez, Vicente Guzm\u00e1n y Dolores Ferre\" src=\"https:\/\/www.upo.es\/diario\/wp-content\/uploads\/2018\/09\/PresentacionMilformasdemirar007-600x405.jpg\" width=\"600\" height=\"405\" srcset=\"https:\/\/www.upo.es\/diario\/wp-content\/uploads\/2018\/09\/PresentacionMilformasdemirar007-600x405.jpg 600w, https:\/\/www.upo.es\/diario\/wp-content\/uploads\/2018\/09\/PresentacionMilformasdemirar007-320x216.jpg 320w\" sizes=\"auto, (max-width: 600px) 100vw, 600px\" \/><\/a><figcaption id=\"caption-attachment-28425850\" class=\"wp-caption-text\">De izda. a dcha.: Elodia Hern\u00e1ndez, Vicente Guzm\u00e1n y Dolores Ferre<\/figcaption><\/figure>\n<p>El rector de la Universidad Pablo de Olavide, <b>Vicente Guzm\u00e1n Fluja<\/b>, ha inaugurado esta ma\u00f1ana en la Sala de Lectura de Tesis del edificio 45 el <b>VI Encuentro Mil Formas de Mirar y Hacer: Artes, Universidad y Dinamizaci\u00f3n Sociocultural en Barrios<\/b> que se desarrolla en el marco del <a href=\"http:\/\/www.arteycompromiso.com\/\">Proyecto Atalaya \u2018Arte y Compromiso. Experiencias para el Cambio Social\u2019<\/a> y que continuar\u00e1 hasta ma\u00f1ana viernes. Al acto tambi\u00e9n han asistido: <b>Dolores Ferre Cano<\/b>, directora general de Universidades de la Junta de Andaluc\u00eda; y <b>Elodia Hern\u00e1ndez Le\u00f3n<\/b>, vicerrectora de Cultura y Compromiso Social de la UPO.<\/p>\n<p><b>Vicente Guzm\u00e1n<\/b> ha destacado que la universidad es un espacio cr\u00edtico donde surgen las ideas que transforman la sociedad de manera positiva: \u201cCuando se realizan transformaciones sociales como la que se lleva a cabo en el Pol\u00edgono Sur, se hace porque se transfiere el conocimiento de la universidad\u201d.<\/p>\n<p>El rector ha mostrado su preocupaci\u00f3n ante universidades que se conciben como lugares \u201cseguros\u201d, al margen de los problemas de su sociedad y ha reivindicado la implicaci\u00f3n que debe tener la universidad con su entorno: \u201cLas universidades tenemos que intervenir para que el mundo cambie a mejor\u201d. Vicente Guzm\u00e1n ha defendido el papel del sistema universitario p\u00fablico: \u201cCuando se ataca a la universidad, y especialmente a la universidad p\u00fablica, se ataca a un conjunto de actuaciones que se despliegan para mejorar la vida de las personas\u201d.<\/p>\n<figure id=\"attachment_28426434\" aria-describedby=\"caption-attachment-28426434\" style=\"width: 320px\" class=\"wp-caption alignright\"><a href=\"https:\/\/www.upo.es\/diario\/wp-content\/uploads\/2018\/09\/PresentacionMilformasdemirar001.jpg\"><img loading=\"lazy\" decoding=\"async\" class=\"size-medium wp-image-28426434\" alt=\"Inauguraci\u00f3n del VI Encuentro Mil Formas de Mirar y Hacer\" src=\"https:\/\/www.upo.es\/diario\/wp-content\/uploads\/2018\/09\/PresentacionMilformasdemirar001-320x213.jpg\" width=\"320\" height=\"213\" srcset=\"https:\/\/www.upo.es\/diario\/wp-content\/uploads\/2018\/09\/PresentacionMilformasdemirar001-320x213.jpg 320w, https:\/\/www.upo.es\/diario\/wp-content\/uploads\/2018\/09\/PresentacionMilformasdemirar001-600x399.jpg 600w\" sizes=\"auto, (max-width: 320px) 100vw, 320px\" \/><\/a><figcaption id=\"caption-attachment-28426434\" class=\"wp-caption-text\">Inauguraci\u00f3n del VI Encuentro Mil Formas de Mirar y Hacer<\/figcaption><\/figure>\n<p>La Universidad Pablo de Olavide coordina esta iniciativa que se conforma como un espacio de reflexi\u00f3n e intercambio abierto a <b>investigadores y creadoras internacionales<\/b> para que compartan sus estudios y experiencias con la comunidad universitaria y la sociedad andaluza. En esta ocasi\u00f3n, la propuesta tem\u00e1tica aborda la relaci\u00f3n entre las artes, la universidad y la dinamizaci\u00f3n sociocultural en barrios con el objetivo de poner en valor las experiencias e investigaciones que est\u00e1n ocurriendo y que suponen nuevos retos para la consecuci\u00f3n de mejores pr\u00e1cticas en estos \u00e1mbitos.<\/p>\n<p>El encuentro ha comenzado con la conferencia inaugural \u201cUna mirada a la intervenci\u00f3n social desde las artes esc\u00e9nicas\u201d por parte de <b>Ana G\u00f3mez P\u00e9rez<\/b>, directora del Gabinete del Defensor del Pueblo Andaluz. Las dos jornadas del encuentro se completan con diferentes ponencias que abarcan expresiones art\u00edsticas comunitarias y que ser\u00e1n presentadas y analizadas por especialistas internacionales. Adem\u00e1s, bajo el t\u00edtulo \u201cArtes y dinamizaci\u00f3n de la participaci\u00f3n. Encarnando utop\u00edas\u201d se desarrollar\u00e1 una <b>mesa debate<\/b> que tendr\u00e1 lugar el viernes a las 16:00 horas y la profesora <b>Aurelia Chillemi<\/b> impartir\u00e1 el <b>taller te\u00f3rico vivencial<\/b> \u201cDanza comunitaria. El Arte como herramienta de inclusi\u00f3n social\u201d que se desarrollar\u00e1 durante el encuentro en el Espacio Cultural El Entramado de la UPO.<\/p>\n<p>Desde el curso 2013\/14, el Vicerrectorado de Cultura y Compromiso Social de la UPO, a trav\u00e9s del Servicio de Extensi\u00f3n Cultural, coordina esta actividad profundamente coherente con la filosof\u00eda de esta universidad, ligada directamente al compromiso con su entorno, entendido en todas sus dimensiones. El objetivo general que se persigue con el desarrollo del Proyecto Atalaya es poner la atenci\u00f3n en el esfuerzo com\u00fan y el trabajo en red de las <b>diez universidades p\u00fablicas andaluzas<\/b> para que, desde el \u00e1mbito universitario, se desarrolle una cultura nacida, programada y gestionada desde las propias universidades.<\/p>\n<ul>\n<li>M\u00e1s informaci\u00f3n sobre el <a href=\"https:\/\/www.arteycompromiso.com\/encuentros\/vi-encuentro\/\">VI Encuentro Mil Formas de Mirar y Hacer: Artes, Universidad y Dinamizaci\u00f3n Sociocultural en Barrios<\/a>.<\/li>\n<\/ul>\n","protected":false},"excerpt":{"rendered":"<p>El rector de la Universidad Pablo de Olavide, Vicente Guzm\u00e1n Fluja, ha inaugurado en la Sala de Lectura de Tesis del edificio 45 el VI Encuentro Mil Formas de Mirar y Hacer: Artes, Universidad y Dinamizaci\u00f3n Sociocultural en Barrios que se desarrolla en el marco del Proyecto Atalaya \u2018Arte y Compromiso. Experiencias para el Cambio Social\u2019. Vicente Guzm\u00e1n ha destacado que la universidad es un espacio cr\u00edtico donde surgen las ideas que transforman la sociedad de manera positiva: \u201cCuando se realizan transformaciones sociales como la que se lleva a cabo en el Pol\u00edgono Sur, se hace porque se transfiere el conocimiento de la universidad\u201d.<\/p>\n","protected":false},"author":14,"featured_media":0,"comment_status":"closed","ping_status":"open","sticky":false,"template":"","format":"standard","meta":{"_monsterinsights_skip_tracking":false,"_monsterinsights_sitenote_active":false,"_monsterinsights_sitenote_note":"","_monsterinsights_sitenote_category":0,"footnotes":""},"categories":[6],"tags":[4033,4316,5526,94,38,39,2667],"class_list":["post-28425849","post","type-post","status-publish","format-standard","hentry","category-institucional","tag-arte-y-compromiso","tag-artes","tag-dinamizacion-sociocultural","tag-proyecto-atalaya","tag-rector","tag-universidades","tag-vicerrectorado-de-cultura-y-compromiso-social"],"_links":{"self":[{"href":"https:\/\/www.upo.es\/diario\/wp-json\/wp\/v2\/posts\/28425849","targetHints":{"allow":["GET"]}}],"collection":[{"href":"https:\/\/www.upo.es\/diario\/wp-json\/wp\/v2\/posts"}],"about":[{"href":"https:\/\/www.upo.es\/diario\/wp-json\/wp\/v2\/types\/post"}],"author":[{"embeddable":true,"href":"https:\/\/www.upo.es\/diario\/wp-json\/wp\/v2\/users\/14"}],"replies":[{"embeddable":true,"href":"https:\/\/www.upo.es\/diario\/wp-json\/wp\/v2\/comments?post=28425849"}],"version-history":[{"count":6,"href":"https:\/\/www.upo.es\/diario\/wp-json\/wp\/v2\/posts\/28425849\/revisions"}],"predecessor-version":[{"id":28496568,"href":"https:\/\/www.upo.es\/diario\/wp-json\/wp\/v2\/posts\/28425849\/revisions\/28496568"}],"wp:attachment":[{"href":"https:\/\/www.upo.es\/diario\/wp-json\/wp\/v2\/media?parent=28425849"}],"wp:term":[{"taxonomy":"category","embeddable":true,"href":"https:\/\/www.upo.es\/diario\/wp-json\/wp\/v2\/categories?post=28425849"},{"taxonomy":"post_tag","embeddable":true,"href":"https:\/\/www.upo.es\/diario\/wp-json\/wp\/v2\/tags?post=28425849"}],"curies":[{"name":"wp","href":"https:\/\/api.w.org\/{rel}","templated":true}]}}