{"id":28484400,"date":"2018-10-01T13:13:43","date_gmt":"2018-10-01T13:13:43","guid":{"rendered":"https:\/\/www.upo.es\/diario\/?p=28484400"},"modified":"2018-10-03T12:26:42","modified_gmt":"2018-10-03T12:26:42","slug":"la-upo-caritas-obra-social-la-caixa-y-fundacion-persan-presentan-la-quinta-edicion-del-programa-la-rosa-blanca","status":"publish","type":"post","link":"https:\/\/www.upo.es\/diario\/institucional\/2018\/10\/la-upo-caritas-obra-social-la-caixa-y-fundacion-persan-presentan-la-quinta-edicion-del-programa-la-rosa-blanca\/","title":{"rendered":"La UPO, C\u00e1ritas, Obra Social La Caixa y Fundaci\u00f3n Pers\u00e1n presentan la quinta edici\u00f3n del programa \u00abLa Rosa Blanca\u00bb"},"content":{"rendered":"<figure id=\"attachment_28484401\" aria-describedby=\"caption-attachment-28484401\" style=\"width: 320px\" class=\"wp-caption alignright\"><a href=\"https:\/\/www.upo.es\/diario\/wp-content\/uploads\/2018\/10\/ConvenioCaritas_Caixa_Persan.jpg\"><img loading=\"lazy\" decoding=\"async\" class=\"size-medium wp-image-28484401\" alt=\"De izquierda a derecha en la mesa: Concepci\u00f3n Yoli, Vicente Guzm\u00e1n, Rafael Herrador y \u00c1lvaro Pereira.\" src=\"https:\/\/www.upo.es\/diario\/wp-content\/uploads\/2018\/10\/ConvenioCaritas_Caixa_Persan-320x215.jpg\" width=\"320\" height=\"215\" srcset=\"https:\/\/www.upo.es\/diario\/wp-content\/uploads\/2018\/10\/ConvenioCaritas_Caixa_Persan-320x215.jpg 320w, https:\/\/www.upo.es\/diario\/wp-content\/uploads\/2018\/10\/ConvenioCaritas_Caixa_Persan-600x404.jpg 600w\" sizes=\"auto, (max-width: 320px) 100vw, 320px\" \/><\/a><figcaption id=\"caption-attachment-28484401\" class=\"wp-caption-text\">De izquierda a derecha: Concepci\u00f3n Yoldi, Vicente Guzm\u00e1n, Rafael Herrador y \u00c1lvaro Pereira.<\/figcaption><\/figure>\n<p>El rector de la Universidad Pablo de Olavide, <b>Vicente Guzm\u00e1n<\/b>; el presidente de C\u00e1ritas Universitaria, <b>\u00c1lvaro Pereira<\/b>; el director territorial de CaixaBank en Andaluc\u00eda Occidental, <b>Rafael Herrador<\/b>; y la presidenta de la Fundaci\u00f3n Pers\u00e1n, <b>Concepci\u00f3n Yoldi<\/b>, han presentado\u00a0 el programa \u201cLa Rosa Blanca\u201d, que promueve ayudas a estudiantes de la UPO con dificultades sociales, econ\u00f3micas o familiares durante el curso 2018-19.<\/p>\n<p>Estas ayudas, 36 en total, con una dotaci\u00f3n econ\u00f3mica de 18.000 euros, son destinadas a estudiantes universitarios que, sin superar los 35 a\u00f1os de edad, se ven imposibilitados a culminar su titulaci\u00f3n universitaria por situaciones sobrevenidas u otro tipo de dificultades sociales, econ\u00f3micas o familiares.<\/p>\n<p>Vicente Guzm\u00e1n ha resaltado el compromiso de la Universidad Pablo de Olavide \u201cpara que los estudiantes tengan siempre una oportunidad cuando por razones de dificultades econ\u00f3micas, vean comprometidos sus estudios en la Universidad. Asimismo ha manifestado que la Universidad seguir\u00e1 trabajando e invirtiendo en este sentido, en el empe\u00f1o de que a trav\u00e9s de este programa, como parte de un proyecto m\u00e1s amplio, la pobreza y la exclusi\u00f3n social vayan desapareciendo poco a poco de la sociedad\u201d.<\/p>\n<p>Rafael Herrador por su parte ha resaltado la satisfacci\u00f3n de la Fundaci\u00f3n Bancaria La Caixa por ser parte de este proyecto un a\u00f1o m\u00e1s, \u201cnos sentimos muy satisfechos por colaborar ayudando a estos j\u00f3venes que de otro modo tendr\u00edan muy dif\u00edcil el acceso a los estudios universitarios. Con esta iniciativa La Obra Social La Caixa manifiesta una vez m\u00e1s la importancia que le da a la educaci\u00f3n en todos sus \u00e1mbitos\u201d, ha se\u00f1alado el director territorial.<\/p>\n<p>Concepci\u00f3n Yoldi, por su parte, ha mostrado el apoyo de la Fundaci\u00f3n Pers\u00e1n a este convenio porque favorece la igualdad de oportunidades. \u201cAunque existe la bonificaci\u00f3n de cr\u00e9ditos que ha puesto en marcha la Junta de Andaluc\u00eda, las necesidades entre los estudiantes siguen estando ah\u00ed, por el n\u00famero de solicitudes seguimos comprobando que la recuperaci\u00f3n a\u00fan no ha llegado a las familias\u201d.<\/p>\n<p>\u00c1lvaro Pereira, en nombre de C\u00e1ritas Universitaria, ha resaltado la importancia hoy d\u00eda de tener un t\u00edtulo universitario. \u201cDar estudios universitarios crea esperanza en los j\u00f3venes y contribuye a que su riesgo de pobreza disminuya\u201d.<\/p>\n<p>Existen <b>cuatro modalidades<\/b> de ayudas seg\u00fan las caracter\u00edsticas del alumnado: cinco ayudas-pr\u00e9stamo para estudiantes de primer curso de Grado con residencia familiar fuera de Sevilla capital y menores de 25 a\u00f1os; diez ayudas de transporte para estudiantes de Grado que hayan superado el 60% de los cr\u00e9ditos del curso precedente y residen fuera de Sevilla capital; seis ayudas para pago de matr\u00edcula de estudiantes que, habiendo superado el 60% de los cr\u00e9ditos del curso precedente y a quienes reste el 35% de los cr\u00e9ditos globales para finalizar sus estudios de Grado, no puedan acceder a ning\u00fan tipo de ayuda p\u00fablica; y quince ayudas destinadas a estudiantes de Grado que, habiendo superado el 60% de los cr\u00e9ditos del curso precedente y no teniendo posibilidad de recibir otras ayudas, demuestren que situaciones familiares sobrevenidas les hacen imposible afrontar la matr\u00edcula, la manutenci\u00f3n o el alojamiento.<\/p>\n<p>Para acceder a estas ayudas, supervisadas por el Vicerrectorado de Estudiantes, se deber\u00e1 presentar la solicitud correspondiente junto con los documentos requeridos en el Registro de la Universidad Pablo de Olavide o en el servicio universitario de registro electr\u00f3nico. Hay tres plazos establecidos para ello: antes del <b>31 de octubre, <\/b>del<b> 22 de febrero y <\/b>del<b> 31 de mayo<\/b>.<\/p>\n<p>En la edici\u00f3n anterior, el programa de ayudas \u201cLa Rosa Blanca\u201d\u00a0 recibi\u00f3 un total de 80 solicitudes; lo que ha supuesto una continuidad en el aumento de peticiones de atenci\u00f3n a estudiantes en serias dificultades econ\u00f3micas y ha posibilitado la continuaci\u00f3n o finalizaci\u00f3n de sus estudios universitarios.<\/p>\n","protected":false},"excerpt":{"rendered":"<p>El rector de la Universidad Pablo de Olavide, Vicente Guzm\u00e1n; el presidente de C\u00e1ritas Universitaria, \u00c1lvaro Pereira; el director territorial de CaixaBank en Andaluc\u00eda Occidental, Rafael Herrador; y la presidenta de la Fundaci\u00f3n Pers\u00e1n, Concepci\u00f3n Yoldi, han presentado el programa \u201cLa Rosa Blanca\u201d, que promueve ayudas a estudiantes de la UPO con dificultades sociales, econ\u00f3micas o familiares durante el curso 2018-19. <\/p>\n","protected":false},"author":4,"featured_media":0,"comment_status":"closed","ping_status":"open","sticky":false,"template":"","format":"standard","meta":{"_monsterinsights_skip_tracking":false,"_monsterinsights_sitenote_active":false,"_monsterinsights_sitenote_note":"","_monsterinsights_sitenote_category":0,"footnotes":""},"categories":[6],"tags":[5549,1239,3392,3717,5548],"class_list":["post-28484400","post","type-post","status-publish","format-standard","hentry","category-institucional","tag-ayudas-estudiantes","tag-caritas","tag-fundacion-persan","tag-obra-social-la-caixa","tag-programa-la-rosa-blanca"],"_links":{"self":[{"href":"https:\/\/www.upo.es\/diario\/wp-json\/wp\/v2\/posts\/28484400","targetHints":{"allow":["GET"]}}],"collection":[{"href":"https:\/\/www.upo.es\/diario\/wp-json\/wp\/v2\/posts"}],"about":[{"href":"https:\/\/www.upo.es\/diario\/wp-json\/wp\/v2\/types\/post"}],"author":[{"embeddable":true,"href":"https:\/\/www.upo.es\/diario\/wp-json\/wp\/v2\/users\/4"}],"replies":[{"embeddable":true,"href":"https:\/\/www.upo.es\/diario\/wp-json\/wp\/v2\/comments?post=28484400"}],"version-history":[{"count":5,"href":"https:\/\/www.upo.es\/diario\/wp-json\/wp\/v2\/posts\/28484400\/revisions"}],"predecessor-version":[{"id":28511556,"href":"https:\/\/www.upo.es\/diario\/wp-json\/wp\/v2\/posts\/28484400\/revisions\/28511556"}],"wp:attachment":[{"href":"https:\/\/www.upo.es\/diario\/wp-json\/wp\/v2\/media?parent=28484400"}],"wp:term":[{"taxonomy":"category","embeddable":true,"href":"https:\/\/www.upo.es\/diario\/wp-json\/wp\/v2\/categories?post=28484400"},{"taxonomy":"post_tag","embeddable":true,"href":"https:\/\/www.upo.es\/diario\/wp-json\/wp\/v2\/tags?post=28484400"}],"curies":[{"name":"wp","href":"https:\/\/api.w.org\/{rel}","templated":true}]}}