{"id":28526370,"date":"2018-10-09T15:59:09","date_gmt":"2018-10-09T15:59:09","guid":{"rendered":"https:\/\/www.upo.es\/diario\/?p=28526370"},"modified":"2018-10-10T08:03:30","modified_gmt":"2018-10-10T08:03:30","slug":"el-proximo-martes-9-de-octubre-tendra-lugar-el-maraton-de-la-peste-en-la-upo","status":"publish","type":"post","link":"https:\/\/www.upo.es\/diario\/cultura\/2018\/10\/el-proximo-martes-9-de-octubre-tendra-lugar-el-maraton-de-la-peste-en-la-upo\/","title":{"rendered":"La Universidad Pablo de Olavide inaugura el ciclo \u2018Los martes de La Peste\u2019"},"content":{"rendered":"<figure id=\"attachment_28600739\" aria-describedby=\"caption-attachment-28600739\" style=\"width: 600px\" class=\"wp-caption aligncenter\"><a href=\"https:\/\/www.upo.es\/diario\/wp-content\/uploads\/2018\/10\/Maraton-LaPeste_20181009.jpg\"><img loading=\"lazy\" decoding=\"async\" class=\"size-large wp-image-28600739\" alt=\"Jos\u00e9 Manuel Feria, Molinaro, Rafael Cobos y David Naranjo en la presentaci\u00f3n del marat\u00f3n de 'La Peste'\" src=\"https:\/\/www.upo.es\/diario\/wp-content\/uploads\/2018\/10\/Maraton-LaPeste_20181009-600x337.jpg\" width=\"600\" height=\"337\" srcset=\"https:\/\/www.upo.es\/diario\/wp-content\/uploads\/2018\/10\/Maraton-LaPeste_20181009-600x337.jpg 600w, https:\/\/www.upo.es\/diario\/wp-content\/uploads\/2018\/10\/Maraton-LaPeste_20181009-320x180.jpg 320w\" sizes=\"auto, (max-width: 600px) 100vw, 600px\" \/><\/a><figcaption id=\"caption-attachment-28600739\" class=\"wp-caption-text\">Jos\u00e9 Manuel Feria, Pablo Molinero, Rafael Cobos y David Naranjo en la presentaci\u00f3n del marat\u00f3n de &#8216;La Peste&#8217;<\/figcaption><\/figure>\n<p>Hoy martes 9 de octubre en el Paraninfo de la Universidad Pablo de Olavide se celebra el <strong>marat\u00f3n de la primera temporada de la serie original de Movistar+ \u2018La Peste\u2019. Desde las 15:00 y hasta las 21:00 horas, los asistentes podr\u00e1n visionar los seis episodios que conforman la primera temporada completa<\/strong> de esta serie ambientada en la Sevilla del siglo XVI.\u00a0La presentaci\u00f3n del marat\u00f3n ha contado con la participaci\u00f3n de\u00a0<strong>Rafael Cobos<\/strong>, guionista de la serie,y\u00a0<strong>Pablo Molinero<\/strong>, actor principal.<\/p>\n<p><a href=\"https:\/\/www.eventbrite.es\/e\/entradas-proyeccion-completa-de-la-temporada-1-de-la-peste-en-la-universidad-pablo-olavide-50434248194\"><img loading=\"lazy\" decoding=\"async\" class=\"alignright size-medium wp-image-28526371\" alt=\"Los martes de La Peste\" src=\"https:\/\/www.upo.es\/diario\/wp-content\/uploads\/2018\/10\/LaPeste_maraton_instagram_UPO-320x320.png\" width=\"320\" height=\"320\" srcset=\"https:\/\/www.upo.es\/diario\/wp-content\/uploads\/2018\/10\/LaPeste_maraton_instagram_UPO-320x320.png 320w, https:\/\/www.upo.es\/diario\/wp-content\/uploads\/2018\/10\/LaPeste_maraton_instagram_UPO-150x150.png 150w, https:\/\/www.upo.es\/diario\/wp-content\/uploads\/2018\/10\/LaPeste_maraton_instagram_UPO-600x600.png 600w, https:\/\/www.upo.es\/diario\/wp-content\/uploads\/2018\/10\/LaPeste_maraton_instagram_UPO.png 1080w\" sizes=\"auto, (max-width: 320px) 100vw, 320px\" \/><\/a>Con esta actividad, la Universidad Pablo de Olavide inaugura el <strong>ciclo \u2018Los martes de la Peste\u2019<\/strong>, un proyecto en el que participa junto al Ayuntamiento de Sevilla, la Universidad de Sevilla, Movistar + y At\u00edpica Films y que, adem\u00e1s de la proyecci\u00f3n de la primera temporada de esta producci\u00f3n en las dos universidades p\u00fablicas sevillanas, cuenta con iniciativas culturales y divulgativas que tendr\u00e1n lugar en distintos emplazamientos de la capital hispalense los martes durante los meses de octubre y noviembre.<\/p>\n<p>\u2018La peste\u2019 es un thriller de Alberto Rodr\u00edguez y Rafael Cobos que muestra la decadencia de Sevilla cuando era una de las ciudades m\u00e1s importantes del mundo occidental en la segunda mitad del siglo XVI. \u2018La palabra\u2019. \u2018El pacto\u2019, \u2018El impresor\u2019, \u2018El esclavo\u2019, \u2018El hijo\u2019 y \u2018El nuevo mundo\u2019 son los episodios que se proyectar\u00e1n ma\u00f1ana martes. Los cap\u00edtulos tienen una duraci\u00f3n aproximada de 50 minutos y el formato elegido para la proyecci\u00f3n permitir\u00e1 una pausa cada dos episodios.<\/p>\n<p>La entrada a la actividad es gratuita hasta completar aforo y est\u00e1 abierta a la comunidad universitaria y al p\u00fablico en general. Los interesados en participar en el marat\u00f3n pueden realizar la inscripci\u00f3n en el siguiente enlace:\u00a0<a href=\"https:\/\/bit.ly\/2y0dgN0\">https:\/\/bit.ly\/2y0dgN0<\/a><\/p>\n<p><b>Otras actividades<\/b><\/p>\n<p>Dentro del ciclo \u2018Los martes de La Peste\u2019, se van a llevar a cabo seis seminarios de diferentes tem\u00e1ticas, relacionadas con la \u00e9poca en la que se desarrolla \u2018La Peste\u2019. As\u00ed, la pr\u00f3xima semana, el Palacio de los Marqueses de la Algaba acoger\u00e1 un encuentro centrado en \u2018La Gardu\u00f1a. La Mafia sevillana\u2019. Debido a la buena acogida entre el p\u00fablico, ya se ha completado el aforo disponible. Por ello, ma\u00f1ana martes se abre la inscripci\u00f3n para el siguiente seminario, sobre \u2018El papel de la mujer en la cultura\u2019, previsto para el martes 23 de octubre a las 19.00 horas en el Paraninfo de la UPO.<\/p>\n<p>La entrada es gratuita hasta completar el aforo. La inscripci\u00f3n se puede realizar en: <a title=\"Protegido por Outlook: https:\/\/www.eventbrite.es\/e\/entradas-los-martes-de-la-peste-seminario-el-papel-de-la-mujer-en-la-cultura-49937969812. Haga clic o pulse para seguir el v\u00ednculo.\" href=\"https:\/\/eur03.safelinks.protection.outlook.com\/?url=https%3A%2F%2Fwww.eventbrite.es%2Fe%2Fentradas-los-martes-de-la-peste-seminario-el-papel-de-la-mujer-en-la-cultura-49937969812&amp;data=02%7C01%7C%7C281808f4b06743c6623508d62d12b25f%7C84df9e7fe9f640afb435aaaaaaaaaaaa%7C1%7C0%7C636745955650376013&amp;sdata=H5OqBlNrpBbqv0QpgemWWujCp5YLUCzLMQpy3ISH0bQ%3D&amp;reserved=0\" target=\"_blank\">https:\/\/www.eventbrite.es\/e\/entradas-los-martes-de-la-peste-seminario-el-papel-de-la-mujer-en-la-cultura-49937969812<\/a><\/p>\n","protected":false},"excerpt":{"rendered":"<p>Hoy martes 9 de octubre en el Paraninfo de la Universidad Pablo de Olavide se celebra el marat\u00f3n de la primera temporada de la serie original de Movistar+ \u2018La Peste\u2019. Desde las 15:00 y hasta las 21:00 horas, los asistentes podr\u00e1n visionar los seis episodios que conforman la primera temporada completa de esta serie ambientada en la Sevilla del siglo XVI. La presentaci\u00f3n del marat\u00f3n ha contado con la participaci\u00f3n de Rafael Cobos, guionista de la serie,y Pablo Molinero, actor principal.<\/p>\n","protected":false},"author":6,"featured_media":0,"comment_status":"closed","ping_status":"open","sticky":false,"template":"","format":"standard","meta":{"_monsterinsights_skip_tracking":false,"_monsterinsights_sitenote_active":false,"_monsterinsights_sitenote_note":"","_monsterinsights_sitenote_category":0,"footnotes":""},"categories":[7],"tags":[936,937,1684,3446],"class_list":["post-28526370","post","type-post","status-publish","format-standard","hentry","category-cultura","tag-ciclo","tag-cine","tag-paraninfo","tag-television"],"_links":{"self":[{"href":"https:\/\/www.upo.es\/diario\/wp-json\/wp\/v2\/posts\/28526370","targetHints":{"allow":["GET"]}}],"collection":[{"href":"https:\/\/www.upo.es\/diario\/wp-json\/wp\/v2\/posts"}],"about":[{"href":"https:\/\/www.upo.es\/diario\/wp-json\/wp\/v2\/types\/post"}],"author":[{"embeddable":true,"href":"https:\/\/www.upo.es\/diario\/wp-json\/wp\/v2\/users\/6"}],"replies":[{"embeddable":true,"href":"https:\/\/www.upo.es\/diario\/wp-json\/wp\/v2\/comments?post=28526370"}],"version-history":[{"count":10,"href":"https:\/\/www.upo.es\/diario\/wp-json\/wp\/v2\/posts\/28526370\/revisions"}],"predecessor-version":[{"id":28609517,"href":"https:\/\/www.upo.es\/diario\/wp-json\/wp\/v2\/posts\/28526370\/revisions\/28609517"}],"wp:attachment":[{"href":"https:\/\/www.upo.es\/diario\/wp-json\/wp\/v2\/media?parent=28526370"}],"wp:term":[{"taxonomy":"category","embeddable":true,"href":"https:\/\/www.upo.es\/diario\/wp-json\/wp\/v2\/categories?post=28526370"},{"taxonomy":"post_tag","embeddable":true,"href":"https:\/\/www.upo.es\/diario\/wp-json\/wp\/v2\/tags?post=28526370"}],"curies":[{"name":"wp","href":"https:\/\/api.w.org\/{rel}","templated":true}]}}