{"id":28540980,"date":"2018-10-05T01:37:43","date_gmt":"2018-10-05T01:37:43","guid":{"rendered":"https:\/\/www.upo.es\/diario\/?p=28540980"},"modified":"2018-10-05T12:43:12","modified_gmt":"2018-10-05T12:43:12","slug":"la-universidad-pablo-de-olavide-participa-en-las-iii-jornadas-de-politica-linguistica-de-la-crue","status":"publish","type":"post","link":"https:\/\/www.upo.es\/diario\/institucional\/2018\/10\/la-universidad-pablo-de-olavide-participa-en-las-iii-jornadas-de-politica-linguistica-de-la-crue\/","title":{"rendered":"La Universidad Pablo de Olavide participa en las III Jornadas de Pol\u00edtica Ling\u00fc\u00edstica de la CRUE"},"content":{"rendered":"<figure id=\"attachment_28540981\" aria-describedby=\"caption-attachment-28540981\" style=\"width: 240px\" class=\"wp-caption alignright\"><a href=\"https:\/\/www.upo.es\/diario\/wp-content\/uploads\/2018\/10\/politica-linguistica.jpg\"><img loading=\"lazy\" decoding=\"async\" class=\"size-medium wp-image-28540981\" alt=\"Ver\u00f3nica Pacheco ha particiapdo con la ponencia ha impartido la ponencia \u201cLa formaci\u00f3n ling\u00fc\u00edstica como instrumento de internacionalizaci\u00f3n del PAS\u201d\" src=\"https:\/\/www.upo.es\/diario\/wp-content\/uploads\/2018\/10\/politica-linguistica-240x320.jpg\" width=\"240\" height=\"320\" srcset=\"https:\/\/www.upo.es\/diario\/wp-content\/uploads\/2018\/10\/politica-linguistica-240x320.jpg 240w, https:\/\/www.upo.es\/diario\/wp-content\/uploads\/2018\/10\/politica-linguistica-450x600.jpg 450w, https:\/\/www.upo.es\/diario\/wp-content\/uploads\/2018\/10\/politica-linguistica-600x800.jpg 600w, https:\/\/www.upo.es\/diario\/wp-content\/uploads\/2018\/10\/politica-linguistica.jpg 1200w\" sizes=\"auto, (max-width: 240px) 100vw, 240px\" \/><\/a><figcaption id=\"caption-attachment-28540981\" class=\"wp-caption-text\">Ver\u00f3nica Pacheco ha particiapdo con la ponencia ha impartido la ponencia \u201cLa formaci\u00f3n ling\u00fc\u00edstica como instrumento de internacionalizaci\u00f3n del PAS\u201d<\/figcaption><\/figure>\n<p>La Universidad Pablo de Olavide ha participado en las <b>III Jornadas de Pol\u00edtica Ling\u00fc\u00edstica: el papel de las lenguas en los procesos de Internacionalizaci\u00f3n<\/b>, organizadas por la Sectorial CRUE Internacionalizaci\u00f3n y Cooperaci\u00f3n que se celebran en la Universidad de C\u00f3rdoba durante los d\u00edas 4 y 5 de octubre.<\/p>\n<p>Durante las jornadas se ha profundizado sobre el documento \u201cmarco de pol\u00edtica ling\u00fc\u00edstica para la internacionalizaci\u00f3n del sistema universitario espa\u00f1ol\u201d, elaborado por el subgrupo de Trabajo de Pol\u00edtica Ling\u00fc\u00edstica de la CRUE, reflexionando sobre las posibles consecuencias de su implantaci\u00f3n en cada instituci\u00f3n, as\u00ed como aportando ideas que permitan avanzar en las l\u00edneas ya iniciadas.<\/p>\n<p>Esta reflexi\u00f3n tambi\u00e9n ha abordado el papel de la lengua Espa\u00f1ola como elemento estrat\u00e9gico en el proceso de internacionalizaci\u00f3n; para ello se ha contado con la participaci\u00f3n de ponentes que han compartido su dilatada experiencia en la promoci\u00f3n de la lengua espa\u00f1ola como lengua de docencia y ciencia, as\u00ed como la puesta en pr\u00e1ctica y desarrollo de programas de Espa\u00f1ol como Lengua Extranjera y que han contribuido a la atracci\u00f3n y fidelizaci\u00f3n de estudiantes internacionales para sus instituciones.<\/p>\n<p>En este sentido, <b>la directora general de Idiomas y Estudiantes de la Universidad Pablo de Olavide, Ver\u00f3nica Pacheco \u2013en representaci\u00f3n del Vicerrectorado de Internacionalizaci\u00f3n\u2013, ha impartido la ponencia titulada \u201cLa formaci\u00f3n ling\u00fc\u00edstica como instrumento de internacionalizaci\u00f3n del PAS\u201d<\/b> que recoge el \u00e9xito de la estrategia del Vicerrectorado de Internacionalizaci\u00f3n \u00a0y el impuso de Gerencia en materia de Pol\u00edtica Ling\u00fc\u00edstica de la universidad a trav\u00e9s de la promoci\u00f3n de la formaci\u00f3n en otras lenguas y la movilidad del PAS.<\/p>\n<p>La internacionalizaci\u00f3n de la Educaci\u00f3n Superior es un concepto que abarca m\u00faltiples facetas. Tradicionalmente, la internacionalizaci\u00f3n ha estado vinculada, principalmente, a la movilidad de los estudiantes; sobre todo, en las ya m\u00e1s de tres d\u00e9cadas de funcionamiento del programa Erasmus. En el caso espa\u00f1ol, el Servicio Espa\u00f1ol para la Internacionalizaci\u00f3n de la Educaci\u00f3n (SEPIE) se ha caracterizado por el fomento de estas movilidades, as\u00ed como las de docentes, investigadores y personal de administraci\u00f3n y servicios, haciendo de nuestro pa\u00eds uno de los l\u00edderes indiscutibles a la hora de hacer recuento del n\u00famero de movilidades efectuadas con \u00e9xito.<\/p>\n<p>En este proceso de internacionalizaci\u00f3n las lenguas son fundamentales. Los miembros de la comunidad universitaria que se desplazan a universidades de otros pa\u00edses deben afrontar, en la mayor\u00eda de los casos, procesos de adaptaci\u00f3n que tienen, sobre todo, un componente ling\u00fc\u00edstico. Por otra parte, para incorporarse al mercado laboral y actuar como ciudadanos cr\u00edticos y comprometidos en nuestro mundo globalizado cada vez m\u00e1s complejo, a\u00fan sin desplazarse, el conocimiento de lenguas extranjeras se ha convertido en competencia transversal esencial para todos.<\/p>\n","protected":false},"excerpt":{"rendered":"<p>La Universidad Pablo de Olavide ha participado en las III Jornadas de Pol\u00edtica Ling\u00fc\u00edstica: el papel de las lenguas en los procesos de Internacionalizaci\u00f3n, organizadas por la Sectorial CRUE Internacionalizaci\u00f3n y Cooperaci\u00f3n que se celebran en la Universidad de C\u00f3rdoba durante los d\u00edas 4 y 5 de octubre.<\/p>\n","protected":false},"author":6,"featured_media":0,"comment_status":"closed","ping_status":"open","sticky":false,"template":"","format":"standard","meta":{"_monsterinsights_skip_tracking":false,"_monsterinsights_sitenote_active":false,"_monsterinsights_sitenote_note":"","_monsterinsights_sitenote_category":0,"footnotes":""},"categories":[6],"tags":[243,35,925,84,682,1583,3620],"class_list":["post-28540980","post","type-post","status-publish","format-standard","hentry","category-institucional","tag-crue","tag-idiomas","tag-internacionalizacion","tag-jornadas","tag-pas","tag-universidad-de-cordoba","tag-vicerrectorado-de-internacionalizacion"],"_links":{"self":[{"href":"https:\/\/www.upo.es\/diario\/wp-json\/wp\/v2\/posts\/28540980","targetHints":{"allow":["GET"]}}],"collection":[{"href":"https:\/\/www.upo.es\/diario\/wp-json\/wp\/v2\/posts"}],"about":[{"href":"https:\/\/www.upo.es\/diario\/wp-json\/wp\/v2\/types\/post"}],"author":[{"embeddable":true,"href":"https:\/\/www.upo.es\/diario\/wp-json\/wp\/v2\/users\/6"}],"replies":[{"embeddable":true,"href":"https:\/\/www.upo.es\/diario\/wp-json\/wp\/v2\/comments?post=28540980"}],"version-history":[{"count":3,"href":"https:\/\/www.upo.es\/diario\/wp-json\/wp\/v2\/posts\/28540980\/revisions"}],"predecessor-version":[{"id":28541570,"href":"https:\/\/www.upo.es\/diario\/wp-json\/wp\/v2\/posts\/28540980\/revisions\/28541570"}],"wp:attachment":[{"href":"https:\/\/www.upo.es\/diario\/wp-json\/wp\/v2\/media?parent=28540980"}],"wp:term":[{"taxonomy":"category","embeddable":true,"href":"https:\/\/www.upo.es\/diario\/wp-json\/wp\/v2\/categories?post=28540980"},{"taxonomy":"post_tag","embeddable":true,"href":"https:\/\/www.upo.es\/diario\/wp-json\/wp\/v2\/tags?post=28540980"}],"curies":[{"name":"wp","href":"https:\/\/api.w.org\/{rel}","templated":true}]}}