{"id":2856810,"date":"2014-02-14T20:52:10","date_gmt":"2014-02-14T20:52:10","guid":{"rendered":"https:\/\/www.upo.es\/diario\/?p=2856810"},"modified":"2014-02-18T07:50:10","modified_gmt":"2014-02-18T07:50:10","slug":"las-administraciones-publicas-locales-son-garantes-de-la-igualdad-de-derechos-y-oportunidades-de-los-ciudadanos-segun-el-rector","status":"publish","type":"post","link":"https:\/\/www.upo.es\/diario\/institucional\/2014\/02\/las-administraciones-publicas-locales-son-garantes-de-la-igualdad-de-derechos-y-oportunidades-de-los-ciudadanos-segun-el-rector\/","title":{"rendered":"\u201cLas administraciones p\u00fablicas locales son garantes de la igualdad de derechos y oportunidades de los ciudadanos\u201d, seg\u00fan el rector"},"content":{"rendered":"<figure id=\"attachment_2856811\" aria-describedby=\"caption-attachment-2856811\" style=\"width: 320px\" class=\"wp-caption alignright\"><a href=\"https:\/\/www.upo.es\/diario\/wp-content\/uploads\/2014\/02\/inauguracion_eapa.jpg\"><img loading=\"lazy\" decoding=\"async\" class=\"size-medium wp-image-2856811\" alt=\"De izquierda a derecha: el vicerrector de Postgrado, Formaci\u00f3n Permanente y Empleo de la UPO, Miguel \u00c1ngel Gual Font; el presidente de la Diputaci\u00f3n de Sevilla, Fernado Rodr\u00edguez Villalobos; el rector de la UPO, Vicente Guzm\u00e1n Fluja; el viceconsejero de Administraci\u00f3n Local y Relaciones Institucionales, Jos\u00e9 Luis P\u00e9rez Tapias y el director de la EAPA, Manuel Jos\u00e9 Terol Becerra.\" src=\"https:\/\/www.upo.es\/diario\/wp-content\/uploads\/2014\/02\/inauguracion_eapa-320x213.jpg\" width=\"320\" height=\"213\" srcset=\"https:\/\/www.upo.es\/diario\/wp-content\/uploads\/2014\/02\/inauguracion_eapa-320x213.jpg 320w, https:\/\/www.upo.es\/diario\/wp-content\/uploads\/2014\/02\/inauguracion_eapa-600x400.jpg 600w, https:\/\/www.upo.es\/diario\/wp-content\/uploads\/2014\/02\/inauguracion_eapa.jpg 850w\" sizes=\"auto, (max-width: 320px) 100vw, 320px\" \/><\/a><figcaption id=\"caption-attachment-2856811\" class=\"wp-caption-text\">De izquierda a derecha: el vicerrector de Postgrado, Formaci\u00f3n Permanente y Empleo de la UPO, Miguel \u00c1ngel Gual Font; el presidente de la Diputaci\u00f3n de Sevilla, Fernado Rodr\u00edguez Villalobos; el rector de la UPO, Vicente Guzm\u00e1n Fluja; el viceconsejero de Administraci\u00f3n Local y Relaciones Institucionales, Jos\u00e9 Luis P\u00e9rez Tapias y el director de la EAPA, Manuel Jos\u00e9 Terol Becerra.<\/figcaption><\/figure>\n<p>Esta tarde ha sido inaugurado en la UPO el curso \u201cInstrumentos y retos de la Administraci\u00f3n Local (I)\u201d, organizado por la Escuela de Administraci\u00f3n P\u00fablica de Andaluc\u00eda (EAPA) de la Universidad Pablo de Olavide, en colaboraci\u00f3n con la Consejer\u00eda de Administraci\u00f3n Local y Relaciones Institucionales y la Diputaci\u00f3n de Sevilla y que se impartir\u00e1 durante las jornadas de hoy y ma\u00f1ana s\u00e1bado.<\/p>\n<p>Dicho acto ha estado presidido por Vicente Guzm\u00e1n Fluja, rector de la Universidad Pablo de Olavide; Jos\u00e9 Luis P\u00e9rez Tapias, viceconsejero de Administraci\u00f3n Local y Relaciones Institucionales de la Junta de Andaluc\u00eda; Fernando Rodr\u00edguez Villalobos, presidente de la Diputaci\u00f3n Provincial de Sevilla; Miguel \u00c1ngel Gual Font, vicerrector de Postgrado, Formaci\u00f3n Permanente y Empleo de la UPO y Manuel Jos\u00e9 Terol Becerra, catedr\u00e1tico de Derecho Constitucional de la UPO y director de la EAPA.<\/p>\n<p>Durante su intervenci\u00f3n, el rector de la UPO ha destacado el papel de las administraciones p\u00fablicas locales al servicio de los ciudadanos y ha agradecido la confianza y el apoyo de la Junta de Andaluc\u00eda, a trav\u00e9s de la Consejer\u00eda de Administraci\u00f3n Local y Relaciones Institucionales, y de la Diputaci\u00f3n de Sevilla en la EAPA \u201cun proyecto necesario para el estudio de las administraciones locales\u201d.<\/p>\n<p>Asimismo el vicerrectorde Postgrado, Formaci\u00f3n Permanente y Empleo ha agradecido al profesor Terol su esfuerzo y compromiso con esta Escuela que representa la \u201cinteracci\u00f3n necesaria entre la Universidad y las Administraciones P\u00fablicas\u201d.<\/p>\n<p>Por su parte, el viceconsejero de la Junta y el presidente de la Diputaci\u00f3n han agradecido a la Universidad esta iniciativa y se han mostrado esperanzados en que estos cursos permitan extraer conclusiones \u00fatiles para la mejora de la propia Administraci\u00f3n.<\/p>\n<p>Tras el acto de inauguraci\u00f3n, el portavoz del PSOE y diputado del \u00c1rea de Concertaci\u00f3n de la Diputaci\u00f3n de Sevilla, Manuel Dom\u00ednguez Jim\u00e9nez, ha impartido la conferencia inaugural, bajo el t\u00edtulo \u201cPresente y futuro de la autonom\u00eda local\u201d.<\/p>\n<p>El curso, que est\u00e1 dirigido principalmente a cargos electos, personal laboral y funcionarios de la Administraci\u00f3n Local, tiene como objetivo hacer un an\u00e1lisis de la actual situaci\u00f3n de los Ayuntamientos y dotar de los instrumentos y competencias necesarias a las personas encargadas de afrontar este contexto de crisis en las entidades locales de Andaluc\u00eda.<\/p>\n<p>La segunda parte del curso, que es de car\u00e1cter presencial, se impartir\u00e1 los pr\u00f3ximos d\u00edas 21 y 22 de febrero.<b> El plazo de inscripci\u00f3n se encuentra abierto.<\/b><\/p>\n<p>Para m\u00e1s informaci\u00f3n, consultar el enlace: <a href=\"http:\/\/www.upo.es\/olavideencarmona\">www.upo.es\/olavideencarmona<\/a><\/p>\n<p>Para consultar el programa de los cursos m\u00e1s detalladamente, hacer clic en los siguientes enlaces:<\/p>\n<ul>\n<li><b><a href=\"http:\/\/www.upo.es\/olavideencarmona\/export\/sites\/upo_carmona\/eapa\/programas\/2014cc51.pdf\" target=\"_blank\">\u00abInstrumentos y retos de la administraci\u00f3n Local\u00bb (I), 14 y 15 de febrero de 2014. (15 horas).<\/a><\/b><\/li>\n<li><b><a href=\"http:\/\/www.upo.es\/olavideencarmona\/export\/sites\/upo_carmona\/eapa\/programas\/2014cc52.pdf\" target=\"_blank\">\u00abInstrumentos y retos de la administraci\u00f3n Local\u00bb (II), 21 y 22 de febrero de 2014. (10 horas).<\/a><\/b><\/li>\n<\/ul>\n<p>&nbsp;<\/p>\n<p>&nbsp;<\/p>\n","protected":false},"excerpt":{"rendered":"<p>El rector de la Universidad Pablo de Olavide, Vicente Guzm\u00e1n Fluja, ha inaugurado el curso \u201cInstrumentos y retos de la administraci\u00f3n local\u201d. Durante su intervenci\u00f3n, el rector de la UPO ha destacado el papel de las administraciones p\u00fablicas locales al servicio de los ciudadanos y ha agradecido la confianza y el apoyo de la Junta de Andaluc\u00eda, a trav\u00e9s de la Consejer\u00eda de Administraci\u00f3n Local y Relaciones Institucionales, y de la Diputaci\u00f3n de Sevilla en la EAPA \u201cun proyecto necesario para el estudio de las administraciones locales\u201d.<\/p>\n","protected":false},"author":6,"featured_media":0,"comment_status":"closed","ping_status":"open","sticky":false,"template":"","format":"standard","meta":{"_monsterinsights_skip_tracking":false,"_monsterinsights_sitenote_active":false,"_monsterinsights_sitenote_note":"","_monsterinsights_sitenote_category":0,"footnotes":""},"categories":[6],"tags":[645,141,327,798,203,38,106],"class_list":["post-2856810","post","type-post","status-publish","format-standard","hentry","category-institucional","tag-ayuntamientos","tag-curso","tag-diputacion","tag-eapa","tag-junta-de-andalucia","tag-rector","tag-vicente-c-guzman"],"_links":{"self":[{"href":"https:\/\/www.upo.es\/diario\/wp-json\/wp\/v2\/posts\/2856810","targetHints":{"allow":["GET"]}}],"collection":[{"href":"https:\/\/www.upo.es\/diario\/wp-json\/wp\/v2\/posts"}],"about":[{"href":"https:\/\/www.upo.es\/diario\/wp-json\/wp\/v2\/types\/post"}],"author":[{"embeddable":true,"href":"https:\/\/www.upo.es\/diario\/wp-json\/wp\/v2\/users\/6"}],"replies":[{"embeddable":true,"href":"https:\/\/www.upo.es\/diario\/wp-json\/wp\/v2\/comments?post=2856810"}],"version-history":[{"count":2,"href":"https:\/\/www.upo.es\/diario\/wp-json\/wp\/v2\/posts\/2856810\/revisions"}],"predecessor-version":[{"id":2886515,"href":"https:\/\/www.upo.es\/diario\/wp-json\/wp\/v2\/posts\/2856810\/revisions\/2886515"}],"wp:attachment":[{"href":"https:\/\/www.upo.es\/diario\/wp-json\/wp\/v2\/media?parent=2856810"}],"wp:term":[{"taxonomy":"category","embeddable":true,"href":"https:\/\/www.upo.es\/diario\/wp-json\/wp\/v2\/categories?post=2856810"},{"taxonomy":"post_tag","embeddable":true,"href":"https:\/\/www.upo.es\/diario\/wp-json\/wp\/v2\/tags?post=2856810"}],"curies":[{"name":"wp","href":"https:\/\/api.w.org\/{rel}","templated":true}]}}