{"id":28594831,"date":"2018-10-08T07:18:01","date_gmt":"2018-10-08T07:18:01","guid":{"rendered":"https:\/\/www.upo.es\/diario\/?p=28594831"},"modified":"2018-10-09T07:22:19","modified_gmt":"2018-10-09T07:22:19","slug":"visita-a-la-upo-de-antiguos-alumnos-de-la-promocion-1979-1983-de-la-universidad-laboral-de-sevilla","status":"publish","type":"post","link":"https:\/\/www.upo.es\/diario\/institucional\/2018\/10\/visita-a-la-upo-de-antiguos-alumnos-de-la-promocion-1979-1983-de-la-universidad-laboral-de-sevilla\/","title":{"rendered":"Visita a la UPO de antiguos alumnos de la promoci\u00f3n 1979-1983 de la Universidad Laboral de Sevilla"},"content":{"rendered":"<figure id=\"attachment_28594832\" aria-describedby=\"caption-attachment-28594832\" style=\"width: 320px\" class=\"wp-caption alignright\"><a href=\"https:\/\/www.upo.es\/diario\/wp-content\/uploads\/2018\/10\/antiguosalumnos_ULaboral_061018.jpg\"><img loading=\"lazy\" decoding=\"async\" class=\"size-medium wp-image-28594832\" alt=\"La vicerrectora Pilar Rodr\u00edguez junto con los antiguos alumnos de la Universidad Laboral y acompa\u00f1antes.\" src=\"https:\/\/www.upo.es\/diario\/wp-content\/uploads\/2018\/10\/antiguosalumnos_ULaboral_061018-320x180.jpg\" width=\"320\" height=\"180\" srcset=\"https:\/\/www.upo.es\/diario\/wp-content\/uploads\/2018\/10\/antiguosalumnos_ULaboral_061018-320x180.jpg 320w, https:\/\/www.upo.es\/diario\/wp-content\/uploads\/2018\/10\/antiguosalumnos_ULaboral_061018-600x337.jpg 600w\" sizes=\"auto, (max-width: 320px) 100vw, 320px\" \/><\/a><figcaption id=\"caption-attachment-28594832\" class=\"wp-caption-text\">La vicerrectora Pilar Rodr\u00edguez junto con los antiguos alumnos de la Universidad Laboral y acompa\u00f1antes.<\/figcaption><\/figure>\n<p style=\"text-align: justify;\">La vicerrectora de Relaciones Institucionales y Comunicaci\u00f3n de la Universidad Pablo de Olavide, Pilar Rodr\u00edguez Reina, recibi\u00f3 el pasado s\u00e1bado 6 de octubre, a un grupo de antiguos alumnos de la promoci\u00f3n 1979-1983 de Bachillerato de la Universidad Laboral de Sevilla, que visitaron las instalaciones de la Universidad Pablo de Olavide, de Sevilla a lo largo de la ma\u00f1ana.<\/p>\n<p style=\"text-align: justify;\">Tras la bienvenida, los antiguos alumnos de la Universidad Laboral realizaron un recorrido por el campus de la Universidad Pablo de Olavide, acompa\u00f1ados por la vicerrectora de Relaciones Institucionales y Comunicaci\u00f3n junto al ayudante de servicio de la UPO Luis Bobadilla. Este grupo, formado por 34 antiguos alumnos de diversa procedencia geogr\u00e1fica, realiz\u00f3 una visita por el campus universitario, biblioteca, aulas inform\u00e1ticas, instalaciones deportivas y algunos de los edificios que constituyeron el internado donde residieron y estudiaron. Los integrantes del grupo comprobaron de primera mano c\u00f3mo ha cambiado el campus desde entonces.<\/p>\n","protected":false},"excerpt":{"rendered":"<p>La vicerrectora de Relaciones Institucionales y Comunicaci\u00f3n de la Universidad Pablo de Olavide, Pilar Rodr\u00edguez Reina, recibi\u00f3 el pasado s\u00e1bado 6 de octubre, a un grupo de antiguos alumnos de la promoci\u00f3n 1979-1983 de Bachillerato de la Universidad Laboral de Sevilla, que visitaron las instalaciones de la Universidad Pablo de Olavide, de Sevilla a lo largo de la ma\u00f1ana. <\/p>\n","protected":false},"author":4,"featured_media":0,"comment_status":"closed","ping_status":"open","sticky":false,"template":"","format":"standard","meta":{"_monsterinsights_skip_tracking":false,"_monsterinsights_sitenote_active":false,"_monsterinsights_sitenote_note":"","_monsterinsights_sitenote_category":0,"footnotes":""},"categories":[6],"tags":[153,1261,297],"class_list":["post-28594831","post","type-post","status-publish","format-standard","hentry","category-institucional","tag-alumni","tag-universidad-laboral","tag-visita"],"_links":{"self":[{"href":"https:\/\/www.upo.es\/diario\/wp-json\/wp\/v2\/posts\/28594831","targetHints":{"allow":["GET"]}}],"collection":[{"href":"https:\/\/www.upo.es\/diario\/wp-json\/wp\/v2\/posts"}],"about":[{"href":"https:\/\/www.upo.es\/diario\/wp-json\/wp\/v2\/types\/post"}],"author":[{"embeddable":true,"href":"https:\/\/www.upo.es\/diario\/wp-json\/wp\/v2\/users\/4"}],"replies":[{"embeddable":true,"href":"https:\/\/www.upo.es\/diario\/wp-json\/wp\/v2\/comments?post=28594831"}],"version-history":[{"count":3,"href":"https:\/\/www.upo.es\/diario\/wp-json\/wp\/v2\/posts\/28594831\/revisions"}],"predecessor-version":[{"id":28594835,"href":"https:\/\/www.upo.es\/diario\/wp-json\/wp\/v2\/posts\/28594831\/revisions\/28594835"}],"wp:attachment":[{"href":"https:\/\/www.upo.es\/diario\/wp-json\/wp\/v2\/media?parent=28594831"}],"wp:term":[{"taxonomy":"category","embeddable":true,"href":"https:\/\/www.upo.es\/diario\/wp-json\/wp\/v2\/categories?post=28594831"},{"taxonomy":"post_tag","embeddable":true,"href":"https:\/\/www.upo.es\/diario\/wp-json\/wp\/v2\/tags?post=28594831"}],"curies":[{"name":"wp","href":"https:\/\/api.w.org\/{rel}","templated":true}]}}