{"id":28597790,"date":"2018-10-09T12:35:56","date_gmt":"2018-10-09T12:35:56","guid":{"rendered":"https:\/\/www.upo.es\/diario\/?p=28597790"},"modified":"2018-10-09T12:35:56","modified_gmt":"2018-10-09T12:35:56","slug":"estudiantes-de-la-universidad-pablo-de-olavide-realizaran-practicas-en-emvisesa","status":"publish","type":"post","link":"https:\/\/www.upo.es\/diario\/institucional\/2018\/10\/estudiantes-de-la-universidad-pablo-de-olavide-realizaran-practicas-en-emvisesa\/","title":{"rendered":"Estudiantes de la Universidad Pablo de Olavide realizar\u00e1n pr\u00e1cticas en EMVISESA"},"content":{"rendered":"<figure id=\"attachment_28597792\" aria-describedby=\"caption-attachment-28597792\" style=\"width: 600px\" class=\"wp-caption aligncenter\"><a href=\"https:\/\/www.upo.es\/diario\/wp-content\/uploads\/2018\/10\/Conv_EMVISESA_UPO.jpg\"><img loading=\"lazy\" decoding=\"async\" class=\"size-large wp-image-28597792\" alt=\"Desde la izquierda, Felipe Castro, Vicente Guzm\u00e1n, Myriam D\u00edaz y Jos\u00e9 Mar\u00eda Seco\" src=\"https:\/\/www.upo.es\/diario\/wp-content\/uploads\/2018\/10\/Conv_EMVISESA_UPO-600x379.jpg\" width=\"600\" height=\"379\" srcset=\"https:\/\/www.upo.es\/diario\/wp-content\/uploads\/2018\/10\/Conv_EMVISESA_UPO-600x379.jpg 600w, https:\/\/www.upo.es\/diario\/wp-content\/uploads\/2018\/10\/Conv_EMVISESA_UPO-320x202.jpg 320w\" sizes=\"auto, (max-width: 600px) 100vw, 600px\" \/><\/a><figcaption id=\"caption-attachment-28597792\" class=\"wp-caption-text\">Desde la izquierda, Felipe Castro, Vicente Guzm\u00e1n, Myriam D\u00edaz y Jos\u00e9 Mar\u00eda Seco<\/figcaption><\/figure>\n<p>El rector de la Universidad Pablo de Olavide, <strong>Vicente Guzm\u00e1n Fluja<\/strong> y el gerente de la Empresa Municipal de la Vivienda, Suelo y Equipamiento de Sevilla (EMVISESA), <strong>Felipe Castro Berm\u00fadez-Coronel<\/strong>, han firmado esta ma\u00f1ana un convenio de cooperaci\u00f3n educativa que permitir\u00e1 a los estudiantes de la UPO realizar pr\u00e1cticas curriculares y extracurriculares en la empresa municipal y cuyo objetivo fundamental es completar la formaci\u00f3n y desarrollar la cualificaci\u00f3n profesional de los estudiantes universitarios.<\/p>\n<p>El acto de firma del convenio ha sido tambi\u00e9n ratificado por ambas instituciones, ejerciendo por parte de la Universidad Pablo de Olavide, el secretario general,<strong> Jos\u00e9 Mar\u00eda Seco Mart\u00ednez<\/strong>, y por parte de EMVISESA, la delegada de Igualdad, Juventud y Relaciones con la Comunidad Universitaria del Ayuntamiento de Sevilla, <strong>Myriam D\u00edaz Rodr\u00edguez<\/strong>. Adem\u00e1s, ha estado presente el vicepresidente ejecutivo de la Fundaci\u00f3n Universidad Pablo de Olavide, <strong>David Naranjo Gil<\/strong>.<\/p>\n<p>Durante el acto, el rector ha agradecido a la empresa p\u00fablica su compromiso para conseguir \u201cque los estudiantes salgan con la mejor formaci\u00f3n posible, ya que para ello se necesita de instituciones que den un sello de calidad a la formaci\u00f3n pr\u00e1ctica\u201d. Por su parte, Myriam D\u00edaz, ha destacado el buen momento por el que pasa la empresa p\u00fablica EMVISESA y la potencialidad como empresa para \u201cgenerar empleo y formaci\u00f3n a los estudiantes\u201d.<\/p>\n<p>El alumnado de la UPO podr\u00e1 realizar pr\u00e1cticas tanto curriculares como extracurriculares en EMVISESA, pr\u00e1cticas que ser\u00e1n tramitadas a trav\u00e9s de la Fundaci\u00f3n Universidad Pablo de Olavide, entidad que tiene el encargo de la Universidad para gestionar las pr\u00e1cticas formativas de los alumnos.<\/p>\n<p>EMVISESA es la Empresa Municipal de Vivienda, Suelo y Equipamiento de Sevilla, fundada en 1987 y cuyo objeto social es la promoci\u00f3n y construcci\u00f3n de viviendas y otros inmuebles con alg\u00fan r\u00e9gimen de protecci\u00f3n. Es, adem\u00e1s, un instrumento operativo de la corporaci\u00f3n municipal para desarrollar su pol\u00edtica de vivienda cuya misi\u00f3n fundamental es facilitar el acceso a la vivienda a las personas y familias cuyos niveles de renta son bajos o moderados.<\/p>\n","protected":false},"excerpt":{"rendered":"<p>El rector de la Universidad Pablo de Olavide, Vicente Guzm\u00e1n Fluja y el gerente de la Empresa Municipal de la Vivienda, Suelo y Equipamiento de Sevilla (EMVISESA), Felipe Castro Berm\u00fadez-Coronel, han firmado esta ma\u00f1ana un convenio de cooperaci\u00f3n educativa que permitir\u00e1 a los estudiantes de la UPO realizar pr\u00e1cticas curriculares y extracurriculares en la empresa municipal y cuyo objetivo fundamental es completar la formaci\u00f3n y desarrollar la cualificaci\u00f3n profesional de los estudiantes universitarios. <\/p>\n","protected":false},"author":6,"featured_media":0,"comment_status":"closed","ping_status":"open","sticky":false,"template":"","format":"standard","meta":{"_monsterinsights_skip_tracking":false,"_monsterinsights_sitenote_active":false,"_monsterinsights_sitenote_note":"","_monsterinsights_sitenote_category":0,"footnotes":""},"categories":[6],"tags":[621,326,4568,2474,65,38,106],"class_list":["post-28597790","post","type-post","status-publish","format-standard","hentry","category-institucional","tag-ayuntamiento-de-sevilla","tag-convenio","tag-david-naranjo-gil","tag-fundacion-universidad-pablo-de-olavide","tag-practicas","tag-rector","tag-vicente-c-guzman"],"_links":{"self":[{"href":"https:\/\/www.upo.es\/diario\/wp-json\/wp\/v2\/posts\/28597790","targetHints":{"allow":["GET"]}}],"collection":[{"href":"https:\/\/www.upo.es\/diario\/wp-json\/wp\/v2\/posts"}],"about":[{"href":"https:\/\/www.upo.es\/diario\/wp-json\/wp\/v2\/types\/post"}],"author":[{"embeddable":true,"href":"https:\/\/www.upo.es\/diario\/wp-json\/wp\/v2\/users\/6"}],"replies":[{"embeddable":true,"href":"https:\/\/www.upo.es\/diario\/wp-json\/wp\/v2\/comments?post=28597790"}],"version-history":[{"count":1,"href":"https:\/\/www.upo.es\/diario\/wp-json\/wp\/v2\/posts\/28597790\/revisions"}],"predecessor-version":[{"id":28597793,"href":"https:\/\/www.upo.es\/diario\/wp-json\/wp\/v2\/posts\/28597790\/revisions\/28597793"}],"wp:attachment":[{"href":"https:\/\/www.upo.es\/diario\/wp-json\/wp\/v2\/media?parent=28597790"}],"wp:term":[{"taxonomy":"category","embeddable":true,"href":"https:\/\/www.upo.es\/diario\/wp-json\/wp\/v2\/categories?post=28597790"},{"taxonomy":"post_tag","embeddable":true,"href":"https:\/\/www.upo.es\/diario\/wp-json\/wp\/v2\/tags?post=28597790"}],"curies":[{"name":"wp","href":"https:\/\/api.w.org\/{rel}","templated":true}]}}