{"id":28597791,"date":"2018-10-11T00:05:03","date_gmt":"2018-10-11T00:05:03","guid":{"rendered":"https:\/\/www.upo.es\/diario\/?p=28597791"},"modified":"2018-10-15T06:53:47","modified_gmt":"2018-10-15T06:53:47","slug":"la-pena-sentir-flamenco-de-la-universidad-pablo-de-olavide-participa-en-el-festival-de-las-naciones","status":"publish","type":"post","link":"https:\/\/www.upo.es\/diario\/cultura\/2018\/10\/la-pena-sentir-flamenco-de-la-universidad-pablo-de-olavide-participa-en-el-festival-de-las-naciones\/","title":{"rendered":"La Pe\u00f1a \u00abSentir Flamenco\u00bb de la Universidad Pablo de Olavide participa en el Festival de las Naciones"},"content":{"rendered":"<figure id=\"attachment_28626613\" aria-describedby=\"caption-attachment-28626613\" style=\"width: 320px\" class=\"wp-caption alignright\"><a href=\"https:\/\/www.upo.es\/diario\/wp-content\/uploads\/2018\/10\/DSC_0811.jpg\"><img loading=\"lazy\" decoding=\"async\" class=\"size-medium wp-image-28626613\" alt=\"Marta Rodr\u00edguez al baile, Kaveh Nassehi a la guitarra y Paco Mej\u00edas al cante.\" src=\"https:\/\/www.upo.es\/diario\/wp-content\/uploads\/2018\/10\/DSC_0811-320x212.jpg\" width=\"320\" height=\"212\" srcset=\"https:\/\/www.upo.es\/diario\/wp-content\/uploads\/2018\/10\/DSC_0811-320x212.jpg 320w, https:\/\/www.upo.es\/diario\/wp-content\/uploads\/2018\/10\/DSC_0811-600x398.jpg 600w\" sizes=\"auto, (max-width: 320px) 100vw, 320px\" \/><\/a><figcaption id=\"caption-attachment-28626613\" class=\"wp-caption-text\">Marta Rodr\u00edguez al baile, Vahan a la guitarra y Paco Mej\u00edas al cante.<\/figcaption><\/figure>\n<p style=\"text-align: justify;\">Con motivo de la celebraci\u00f3n del Festival de las Naciones, la <b>Pe\u00f1a \u201cSentir Flamenco\u201d de la Universidad Pablo de Olavide<\/b> particip\u00f3 el pasado mi\u00e9rcoles 10 de octubre\u00a0 con la actuaci\u00f3n de Marta Rodr\u00edguez al baile, Kaveh Nassehi y\u00a0Vahan a la guitarra y Paco Mej\u00edas al cante.<\/p>\n<p style=\"text-align: justify;\">Con su participaci\u00f3n en la <a href=\"http:\/\/festivaldelasnaciones.es\/\">25 edici\u00f3n del Festival de las Naciones<\/a>, la Pe\u00f1a Universitaria \u201cSentir Flamenco\u201d de la UPO cumple uno de sus objetivos de difusi\u00f3n y fomento del flamenco dentro y fuera de la universidad, a trav\u00e9s de charlas o actuaciones art\u00edsticas como la que se ha podido disfrutar en el festival.<\/p>\n<p style=\"text-align: justify;\">Integrada por profesorado, alumnado, personal de administraci\u00f3n y personas ajenas a la Universidad, la <a href=\"http:\/\/pfsentirflamenco.blogspot.com.es\/\">Pe\u00f1a \u201cSentir Flamenco\u201d<\/a> de la UPO es una iniciativa que busca el acercamiento de la universidad al flamenco y viceversa. Con el apoyo del Vicerrectorado de Cultura y Compromiso Social, esta pe\u00f1a, considerando las dimensiones antropol\u00f3gicas del flamenco, organiza conferencias, encuentros con artistas, cine, presentaciones de libros, actuaciones y cursos de guitarra y de baile.<\/p>\n","protected":false},"excerpt":{"rendered":"<p>Con motivo de la celebraci\u00f3n del Festival de las Naciones, la Pe\u00f1a \u201cSentir Flamenco\u201d de la Universidad Pablo de Olavide particip\u00f3 el pasado mi\u00e9rcoles 10 de octubre  con la actuaci\u00f3n de Marta Rodr\u00edguez al baile, Kaveh Nassehi y Vahan a la guitarra y Paco Mej\u00edas al cante.<\/p>\n","protected":false},"author":4,"featured_media":0,"comment_status":"closed","ping_status":"open","sticky":false,"template":"","format":"standard","meta":{"_monsterinsights_skip_tracking":false,"_monsterinsights_sitenote_active":false,"_monsterinsights_sitenote_note":"","_monsterinsights_sitenote_category":0,"footnotes":""},"categories":[7],"tags":[3458,93,1142],"class_list":["post-28597791","post","type-post","status-publish","format-standard","hentry","category-cultura","tag-festival-de-las-naciones","tag-flamenco","tag-pena-sentir-flamenco"],"_links":{"self":[{"href":"https:\/\/www.upo.es\/diario\/wp-json\/wp\/v2\/posts\/28597791","targetHints":{"allow":["GET"]}}],"collection":[{"href":"https:\/\/www.upo.es\/diario\/wp-json\/wp\/v2\/posts"}],"about":[{"href":"https:\/\/www.upo.es\/diario\/wp-json\/wp\/v2\/types\/post"}],"author":[{"embeddable":true,"href":"https:\/\/www.upo.es\/diario\/wp-json\/wp\/v2\/users\/4"}],"replies":[{"embeddable":true,"href":"https:\/\/www.upo.es\/diario\/wp-json\/wp\/v2\/comments?post=28597791"}],"version-history":[{"count":14,"href":"https:\/\/www.upo.es\/diario\/wp-json\/wp\/v2\/posts\/28597791\/revisions"}],"predecessor-version":[{"id":28597796,"href":"https:\/\/www.upo.es\/diario\/wp-json\/wp\/v2\/posts\/28597791\/revisions\/28597796"}],"wp:attachment":[{"href":"https:\/\/www.upo.es\/diario\/wp-json\/wp\/v2\/media?parent=28597791"}],"wp:term":[{"taxonomy":"category","embeddable":true,"href":"https:\/\/www.upo.es\/diario\/wp-json\/wp\/v2\/categories?post=28597791"},{"taxonomy":"post_tag","embeddable":true,"href":"https:\/\/www.upo.es\/diario\/wp-json\/wp\/v2\/tags?post=28597791"}],"curies":[{"name":"wp","href":"https:\/\/api.w.org\/{rel}","templated":true}]}}