{"id":28626015,"date":"2018-10-11T12:09:01","date_gmt":"2018-10-11T10:09:01","guid":{"rendered":"https:\/\/www.upo.es\/diario\/?p=28626015"},"modified":"2018-12-19T09:23:06","modified_gmt":"2018-12-19T08:23:06","slug":"concierto-de-zarzuela-con-motivo-de-la-apertura-del-curso-2018-2019-de-la-universidad-pablo-de-olavide-2","status":"publish","type":"post","link":"https:\/\/www.upo.es\/diario\/cultura\/2018\/10\/concierto-de-zarzuela-con-motivo-de-la-apertura-del-curso-2018-2019-de-la-universidad-pablo-de-olavide-2\/","title":{"rendered":"Concierto de Zarzuela con motivo de la Apertura del Curso 2018-2019 de la Universidad Pablo de Olavide"},"content":{"rendered":"<figure id=\"attachment_28626016\" aria-describedby=\"caption-attachment-28626016\" style=\"width: 320px\" class=\"wp-caption alignright\"><a href=\"https:\/\/www.upo.es\/diario\/wp-content\/uploads\/2018\/10\/Zarzuela1.jpg\"><img loading=\"lazy\" decoding=\"async\" class=\"size-medium wp-image-28626016\" alt=\"De izquierda a derecha: Javier S\u00e1nchez-Rivas,presidende ejecutivo del Proyecto Social Cultural dela Compa\u00f1\u00eda Sevillana de Zarzuela; M\u00aa del Mar Gonz\u00e1lez, comisionada del Pol\u00edgono Sur; Pilar Rodr\u00edguez Reina, vicerrectora de Relaciones Institucionales y Comunicaci\u00f3n de la UPO, Elena Mart\u00ednez Delgado, directora de orquesta; y Francisco Guerrero, director del Centro Universitario EUSA \" src=\"https:\/\/www.upo.es\/diario\/wp-content\/uploads\/2018\/10\/Zarzuela1-320x213.jpg\" width=\"320\" height=\"213\" srcset=\"https:\/\/www.upo.es\/diario\/wp-content\/uploads\/2018\/10\/Zarzuela1-320x213.jpg 320w, https:\/\/www.upo.es\/diario\/wp-content\/uploads\/2018\/10\/Zarzuela1-600x400.jpg 600w, https:\/\/www.upo.es\/diario\/wp-content\/uploads\/2018\/10\/Zarzuela1.jpg 1800w\" sizes=\"auto, (max-width: 320px) 100vw, 320px\" \/><\/a><figcaption id=\"caption-attachment-28626016\" class=\"wp-caption-text\">De izquierda a derecha: Javier S\u00e1nchez-Rivas,presidende ejecutivo del Proyecto Social Cultural dela Compa\u00f1\u00eda Sevillana de Zarzuela; M\u00aa del Mar Gonz\u00e1lez, comisionada del Pol\u00edgono Sur; Pilar Rodr\u00edguez, vicerrectora de Relaciones Institucionales de la UPO; Elena Mart\u00ednez, directora de orquesta; y Francisco Guerrero, director del Centro Universitario EUSA.<\/figcaption><\/figure>\n<p style=\"text-align: justify;\">El Paraninfo de la Universidad Pablo de Olavide acogi\u00f3 ayer por la noche la celebraci\u00f3n del <b>Concierto de Apertura del Curso 2018-2019, titulado \u201cLa vuelta al Mundo de Magallanes a trav\u00e9s de la Zarzuela\u201d<\/b>\u00a0 a cargo de la <b>Orquesta Titular del Proyecto Socio-Cultural de la Compa\u00f1\u00eda Sevillana de Zarzuela<\/b>.<\/p>\n<p style=\"text-align: justify;\">El concierto, que logr\u00f3 un lleno absoluto, se enmarca en la conmemoraci\u00f3n del 500 aniversario de la primera circunnavegaci\u00f3n a los mundos capitaneada por los hispanolusos Fernando Magallanes y Juan Sebasti\u00e1n Elcano. El acto estuvo presentado por el presidente ejecutivo del Proyecto Socio-Cultural de la Compa\u00f1\u00eda Sevillana de Zarzuela, el profesor Javier S\u00e1nchez-Rivas, y a cargo de la direcci\u00f3n musical la primera directora de orquesta de Sevilla, Elena Mart\u00ednez Delgado.<\/p>\n<figure id=\"attachment_286260\" aria-describedby=\"caption-attachment-286260\" style=\"width: 320px\" class=\"wp-caption alignright\"><a href=\"https:\/\/www.upo.es\/diario\/wp-content\/uploads\/2018\/10\/Zarzuela.jpg\"><img loading=\"lazy\" decoding=\"async\" class=\"size-medium wp-image-28626017\" alt=\"Zarzuela\" src=\"https:\/\/www.upo.es\/diario\/wp-content\/uploads\/2018\/10\/Zarzuela-320x213.jpg\" width=\"320\" height=\"213\" srcset=\"https:\/\/www.upo.es\/diario\/wp-content\/uploads\/2018\/10\/Zarzuela-320x213.jpg 320w, https:\/\/www.upo.es\/diario\/wp-content\/uploads\/2018\/10\/Zarzuela-600x400.jpg 600w, https:\/\/www.upo.es\/diario\/wp-content\/uploads\/2018\/10\/Zarzuela.jpg 1800w\" sizes=\"auto, (max-width: 320px) 100vw, 320px\" \/><\/a><figcaption id=\"caption-attachment-286260\" class=\"wp-caption-text\">Orquesta Titular del Proyecto Socio-Cultural de la Compa\u00f1\u00eda Sevillana de Zarzuela.<\/figcaption><\/figure>\n<p style=\"text-align: justify;\">El programa del concierto estuvo conformado por un amplio repertorio de obras, las cuales hac\u00edan referencia a la vuelta al mundo de Magallanes: La partida con la obra Preludio de la Torre del Oro del Maestro Gim\u00e9nez; Islas Canarias con Fol\u00eda Canaria (Las Leandras) del Maestro Alonso; Traves\u00eda Atl\u00e1ntica con Vals de Neptuno (A\u00f1o pasado por agua), del Maestro Chueca; La Patagonia con El Tangolio (El Sobre Verde) del Maestro Guerrero; R\u00edo de la Plata con La Zamacueca (Los Sobrinos del Capit\u00e1n Grant) del Maestro Fern\u00e1ndez Caballero; Costa andina-Cabo Deseado con el\u00a0 Preludio El C\u00f3ndor pasa del Maestro Alom\u00eda;\u00a0\u00a0\u00a0Traves\u00eda por el Pac\u00edfico con el \u00a0Vals del fondo del mar (Los Sobrinos del Capit\u00e1n Grant) del Maestro Fern\u00e1ndez Caballero; Muerte de Magallanes-Elcano Capit\u00e1n con Preludio de la Bruja del Maestro Chap\u00ed; El Cabo de Buena Esperanza con la Canci\u00f3n Andaluza (El D\u00fao de la Africana) del Maestro Fern\u00e1ndez Caballero; Isla Molucas con la \u00a0Estudiantina Portuguesa (La hechicera en Palacio) del Maestro Padilla; Sanl\u00facar con el Preludio del Baile de Luis Alonso del Maestro Gim\u00e9nez; y por \u00faltimo el Regreso a Sevilla con La primorosa (El barbero de Sevilla) del Maestro Guerrero.<\/p>\n<p style=\"text-align: justify;\">Por cuarto a\u00f1o consecutivo, la Orquesta Titular del Proyecto Socio-Cultural de la Compa\u00f1\u00eda Sevillana de Zarzuela est\u00e1 presente en este acto institucional de la Universidad Pablo de Olavide, que se ha convertido en una cita se\u00f1alada en el calendario cultural de oto\u00f1o de la ciudad de Sevilla.<\/p>\n<p>&nbsp;<\/p>\n","protected":false},"excerpt":{"rendered":"<p>El Paraninfo de la Universidad Pablo de Olavide acogi\u00f3 la celebraci\u00f3n del Concierto de Apertura del Curso 2018-2019, titulado \u201cLa vuelta al Mundo de Magallanes a trav\u00e9s de la Zarzuela\u201d  a cargo de la Orquesta Titular del Proyecto Socio-Cultural de la Compa\u00f1\u00eda Sevillana de Zarzuela.  <\/p>\n","protected":false},"author":4,"featured_media":0,"comment_status":"closed","ping_status":"open","sticky":false,"template":"","format":"standard","meta":{"_monsterinsights_skip_tracking":false,"_monsterinsights_sitenote_active":false,"_monsterinsights_sitenote_note":"","_monsterinsights_sitenote_category":0,"footnotes":""},"categories":[7],"tags":[5324,5563,5512,3609],"class_list":["post-28626015","post","type-post","status-publish","format-standard","hentry","category-cultura","tag-compania-sevillana-de-zarzuela","tag-concierto-de-apertura","tag-vicerrectorado-de-relaciones-institucionales","tag-zarzuela"],"_links":{"self":[{"href":"https:\/\/www.upo.es\/diario\/wp-json\/wp\/v2\/posts\/28626015","targetHints":{"allow":["GET"]}}],"collection":[{"href":"https:\/\/www.upo.es\/diario\/wp-json\/wp\/v2\/posts"}],"about":[{"href":"https:\/\/www.upo.es\/diario\/wp-json\/wp\/v2\/types\/post"}],"author":[{"embeddable":true,"href":"https:\/\/www.upo.es\/diario\/wp-json\/wp\/v2\/users\/4"}],"replies":[{"embeddable":true,"href":"https:\/\/www.upo.es\/diario\/wp-json\/wp\/v2\/comments?post=28626015"}],"version-history":[{"count":6,"href":"https:\/\/www.upo.es\/diario\/wp-json\/wp\/v2\/posts\/28626015\/revisions"}],"predecessor-version":[{"id":28626019,"href":"https:\/\/www.upo.es\/diario\/wp-json\/wp\/v2\/posts\/28626015\/revisions\/28626019"}],"wp:attachment":[{"href":"https:\/\/www.upo.es\/diario\/wp-json\/wp\/v2\/media?parent=28626015"}],"wp:term":[{"taxonomy":"category","embeddable":true,"href":"https:\/\/www.upo.es\/diario\/wp-json\/wp\/v2\/categories?post=28626015"},{"taxonomy":"post_tag","embeddable":true,"href":"https:\/\/www.upo.es\/diario\/wp-json\/wp\/v2\/tags?post=28626015"}],"curies":[{"name":"wp","href":"https:\/\/api.w.org\/{rel}","templated":true}]}}