{"id":28697385,"date":"2018-10-16T00:35:26","date_gmt":"2018-10-16T00:35:26","guid":{"rendered":"https:\/\/www.upo.es\/diario\/?p=28697385"},"modified":"2018-10-22T13:28:10","modified_gmt":"2018-10-22T13:28:10","slug":"mas-de-950-mayores-de-21-municipios-de-la-provincia-de-sevilla-comienzan-el-curso-del-aula-abierta-de-la-upo","status":"publish","type":"post","link":"https:\/\/www.upo.es\/diario\/institucional\/2018\/10\/mas-de-950-mayores-de-21-municipios-de-la-provincia-de-sevilla-comienzan-el-curso-del-aula-abierta-de-la-upo\/","title":{"rendered":"M\u00e1s de 950 mayores de 21 municipios de la provincia de Sevilla comienzan el curso del Aula Abierta de la UPO"},"content":{"rendered":"<figure id=\"attachment_28697386\" aria-describedby=\"caption-attachment-28697386\" style=\"width: 320px\" class=\"wp-caption alignright\"><a href=\"https:\/\/www.upo.es\/diario\/wp-content\/uploads\/2018\/10\/AulaAbiertaMayores.jpg\"><img loading=\"lazy\" decoding=\"async\" class=\"size-medium wp-image-28697386\" alt=\"En la mesa, la vicerrectora Elod\u00eda Hern\u00e1ndez, el rector Vicente Guzm\u00e1n, y el profesor Luis Amador Mu\u00f1oz.\" src=\"https:\/\/www.upo.es\/diario\/wp-content\/uploads\/2018\/10\/AulaAbiertaMayores-320x213.jpg\" width=\"320\" height=\"213\" srcset=\"https:\/\/www.upo.es\/diario\/wp-content\/uploads\/2018\/10\/AulaAbiertaMayores-320x213.jpg 320w, https:\/\/www.upo.es\/diario\/wp-content\/uploads\/2018\/10\/AulaAbiertaMayores-600x400.jpg 600w\" sizes=\"auto, (max-width: 320px) 100vw, 320px\" \/><\/a><figcaption id=\"caption-attachment-28697386\" class=\"wp-caption-text\">En la mesa, la vicerrectora Elod\u00eda Hern\u00e1ndez, el rector Vicente Guzm\u00e1n, y el profesor Luis Amador Mu\u00f1oz.<\/figcaption><\/figure>\n<p>M\u00e1s de 950 estudiantes de 21 municipios de la provincia de Sevilla comienzan el curso 2018-2019 del Aula Abierta de Mayores de la Universidad Pablo de Olavide, un programa universitario dirigido a personas mayores de 50 a\u00f1os que deseen ampliar su formaci\u00f3n e intercambiar experiencias. Como novedad, este curso se incorporan dos nuevas sedes, Dos Hermanas y Las Cabezas de San Juan.<\/p>\n<p>Esta ma\u00f1ana ha tenido lugar en la Olavide el acto de inauguraci\u00f3n, que ha estado presidido por el rector de la UPO Vicente Guzm\u00e1n Fluja, quien ha estado acompa\u00f1ado por Elodia Hern\u00e1ndez Le\u00f3n, vicerrectora de Cultura y Compromiso Social. El profesor\u00a0<b>Luis Vicente Amador Mu\u00f1oz\u00a0<\/b>del \u00c1rea de Teor\u00eda e Historia de la Educaci\u00f3n de la UPO ha pronunciado la <b>conferencia inaugural bajo el t\u00edtulo \u00a8Una aproximaci\u00f3n de las personas mayores al medio ambiente\u201d<\/b>. Tras la conferencia inaugural ha tenido lugar una actuaci\u00f3n musical a cargo de \u201cNTr\u00edo\u201d. Al acto tambi\u00e9n han asistido alcaldes y representantes de los distintos municipios.<\/p>\n<figure id=\"attachment_28697387\" aria-describedby=\"caption-attachment-28697387\" style=\"width: 320px\" class=\"wp-caption alignright\"><a href=\"https:\/\/www.upo.es\/diario\/wp-content\/uploads\/2018\/10\/AulaAbiertaMayores013.jpg\"><img loading=\"lazy\" decoding=\"async\" class=\"size-medium wp-image-28697387\" alt=\"Luis Amador Mu\u00f1oz ha pronunciado la conferencia inaugural\" src=\"https:\/\/www.upo.es\/diario\/wp-content\/uploads\/2018\/10\/AulaAbiertaMayores013-320x317.jpg\" width=\"320\" height=\"317\" srcset=\"https:\/\/www.upo.es\/diario\/wp-content\/uploads\/2018\/10\/AulaAbiertaMayores013-320x317.jpg 320w, https:\/\/www.upo.es\/diario\/wp-content\/uploads\/2018\/10\/AulaAbiertaMayores013-150x150.jpg 150w, https:\/\/www.upo.es\/diario\/wp-content\/uploads\/2018\/10\/AulaAbiertaMayores013-600x595.jpg 600w, https:\/\/www.upo.es\/diario\/wp-content\/uploads\/2018\/10\/AulaAbiertaMayores013.jpg 1681w\" sizes=\"auto, (max-width: 320px) 100vw, 320px\" \/><\/a><figcaption id=\"caption-attachment-28697387\" class=\"wp-caption-text\">Luis Vicente Amador Mu\u00f1oz ha pronunciado la conferencia inaugural<\/figcaption><\/figure>\n<p>En su intervenci\u00f3n, el rector ha enfatizado que \u201cnuestro compromiso social y personal es que, como universidad p\u00fablica, tenemos que ser capaces de llegar a todas las personas y a todos los lugares y hacerlo para intentar que las cosas sean un poquito mejor\u201d. En esta l\u00ednea, los estudiantes del Aula Abierta de Mayores de la UPO \u201cson part\u00edcipes de una filosof\u00eda en la que la Universidad quiere ser una universidad abierta y transmisora de valores\u201d. Asimismo el rector ha querido destacar que \u201ctendr\u00edamos que ser capaces de ampliar estos programas formativos con los municipios a otros aspectos como la salud, la nutrici\u00f3n, el ejercicio, el envejecimiento activo para que la calidad de vida de las personas sea mejor\u201d. Vicente Guzm\u00e1n ha puesto en valor el papel de las personas mayores en la sociedad: \u201cLa Universidad Pablo de Olavide desde que naci\u00f3 tuvo dos vocaciones: la internacionalista y la municipalista. En ese sentido, queremos ser un instrumento al servicio de los municipios porque ellos son la primera l\u00ednea de prestaci\u00f3n de servicios a las personas. Esta es nuestra forma de expresar respeto, admiraci\u00f3n y reconocimiento a nuestros mayores porque son el espejo donde debemos mirarnos\u201d.<\/p>\n<p>Los estudiantes que han asistido al acto de inauguraci\u00f3n celebrado hoy martes proceden de las sedes de Alcal\u00e1 de Guadaira, Almensilla, Bormujos, Gines, La Puebla de Cazalla, Mairena del Alcor, Salteras, Santiponce y Tomares.<\/p>\n<p>Ma\u00f1ana mi\u00e9rcoles d\u00eda 17 continuar\u00e1, de nuevo en el Paraninfo a las 10 horas, el acto de inauguraci\u00f3n para estudiantes de las sedes de Aznalc\u00f3llar, Castilleja de la Cuesta, Dos Hermanas, Gerena, Gilena, Herrera, La Algaba, La Puebla del R\u00edo, Las Cabezas de San Juan, Lebrija, Pedrera y Pilas. En esta ocasi\u00f3n, la profesora\u00a0<b>Carmen Monreal<\/b>\u00a0de \u00c1rea de Psicolog\u00eda Social\u00a0de la Universidad Pablo de Olavide impartir\u00e1 la <b>conferencia inaugural \u201cLa Educaci\u00f3n en valores, \u00bfHa sido olvidada?\u201d<\/b>. Tras la conferencia, a las 12 horas, tendr\u00e1 lugar una actividad cultural a cargo de la Pe\u00f1a Sentir Flamenco de la UPO.<\/p>\n<p>El Aula Abierta de Mayores de la <a href=\"http:\/\/www.upo.es\/portal\/impe\/web\/portada\">Universidad Pablo de Olavide<\/a> es un programa de intervenci\u00f3n socioeducativa para fomentar el acceso a la formaci\u00f3n permanente de las personas mayores de 50 a\u00f1os, para el que no se necesita titulaci\u00f3n previa. Las instituciones que colaboran, adem\u00e1s de la propia <a href=\"http:\/\/www.upo.es\/portal\/impe\/web\/portada\">Universidad Pablo de Olavide<\/a>,\u00a0 son la <a href=\"http:\/\/www.juntadeandalucia.es\/organismos\/igualdadsaludypoliticassociales.html\">Consejer\u00eda de Igualdad y Pol\u00edticas Sociales de la Junta de Andaluc\u00eda<\/a>, la <a href=\"http:\/\/www.dipusevilla.es\/\">Diputaci\u00f3n de Sevilla<\/a>, <a href=\"https:\/\/obrasociallacaixa.org\/es\/\">Obra Social \u201cLa Caixa\u201d<\/a> y los Ayuntamientos adscritos al programa.<\/p>\n<p>Los alumnos del Aula Abierta de Mayores de la UPO reciben formaci\u00f3n en materias como Arte y Humanidades; Ciencias Sociales; Ciencias de la Salud y Biosanitarias; Ciencias Experimentales, de la Tierra y del Medio Ambiente; Ciencias Tecnol\u00f3gicas y de la Comunicaci\u00f3n; Ciencias Jur\u00eddicas y Econ\u00f3micas; Ciencias de la Actividad F\u00edsica y del Deporte; M\u00e9todos y Modelos de Investigaci\u00f3n. El programa se estructura en dos ciclos, b\u00e1sico y de continuidad, cada uno de un m\u00ednimo de 135 horas. Durante este curso acad\u00e9mico participar\u00e1n un total de 120 profesores de la Universidad Pablo de Olavide y 120 profesores colaboradores de los respectivos municipios, as\u00ed como expertos en las distintas materias.<\/p>\n<p>&nbsp;<\/p>\n","protected":false},"excerpt":{"rendered":"<p>M\u00e1s de 950 estudiantes de 21 municipios de la provincia de Sevilla comienzan el curso 2018-2019 del Aula Abierta de Mayores de la Universidad Pablo de Olavide, un programa universitario dirigido a personas mayores de 50 a\u00f1os que deseen ampliar su formaci\u00f3n e intercambiar experiencias. Como novedad, este curso se incorporan dos nuevas sedes, Dos Hermanas y Las Cabezas de San Juan. <\/p>\n","protected":false},"author":4,"featured_media":0,"comment_status":"closed","ping_status":"open","sticky":false,"template":"","format":"standard","meta":{"_monsterinsights_skip_tracking":false,"_monsterinsights_sitenote_active":false,"_monsterinsights_sitenote_note":"","_monsterinsights_sitenote_category":0,"footnotes":""},"categories":[6],"tags":[996,38,2667],"class_list":["post-28697385","post","type-post","status-publish","format-standard","hentry","category-institucional","tag-aula-de-mayores","tag-rector","tag-vicerrectorado-de-cultura-y-compromiso-social"],"_links":{"self":[{"href":"https:\/\/www.upo.es\/diario\/wp-json\/wp\/v2\/posts\/28697385","targetHints":{"allow":["GET"]}}],"collection":[{"href":"https:\/\/www.upo.es\/diario\/wp-json\/wp\/v2\/posts"}],"about":[{"href":"https:\/\/www.upo.es\/diario\/wp-json\/wp\/v2\/types\/post"}],"author":[{"embeddable":true,"href":"https:\/\/www.upo.es\/diario\/wp-json\/wp\/v2\/users\/4"}],"replies":[{"embeddable":true,"href":"https:\/\/www.upo.es\/diario\/wp-json\/wp\/v2\/comments?post=28697385"}],"version-history":[{"count":8,"href":"https:\/\/www.upo.es\/diario\/wp-json\/wp\/v2\/posts\/28697385\/revisions"}],"predecessor-version":[{"id":28783246,"href":"https:\/\/www.upo.es\/diario\/wp-json\/wp\/v2\/posts\/28697385\/revisions\/28783246"}],"wp:attachment":[{"href":"https:\/\/www.upo.es\/diario\/wp-json\/wp\/v2\/media?parent=28697385"}],"wp:term":[{"taxonomy":"category","embeddable":true,"href":"https:\/\/www.upo.es\/diario\/wp-json\/wp\/v2\/categories?post=28697385"},{"taxonomy":"post_tag","embeddable":true,"href":"https:\/\/www.upo.es\/diario\/wp-json\/wp\/v2\/tags?post=28697385"}],"curies":[{"name":"wp","href":"https:\/\/api.w.org\/{rel}","templated":true}]}}