{"id":2879625,"date":"2014-02-17T17:22:12","date_gmt":"2014-02-17T17:22:12","guid":{"rendered":"https:\/\/www.upo.es\/diario\/?p=2879625"},"modified":"2014-02-19T14:17:54","modified_gmt":"2014-02-19T14:17:54","slug":"deportistas-y-expertos-abordan-el-olimpismo-en-la-xlvi-sesion-anual-de-la-academia-olimpica-espanola","status":"publish","type":"post","link":"https:\/\/www.upo.es\/diario\/institucional\/2014\/02\/deportistas-y-expertos-abordan-el-olimpismo-en-la-xlvi-sesion-anual-de-la-academia-olimpica-espanola\/","title":{"rendered":"Deportistas y expertos abordan el olimpismo en la XLVI sesi\u00f3n anual de la Academia Ol\u00edmpica Espa\u00f1ola"},"content":{"rendered":"<figure id=\"attachment_2879632\" aria-describedby=\"caption-attachment-2879632\" style=\"width: 320px\" class=\"wp-caption alignright\"><a href=\"https:\/\/www.upo.es\/diario\/wp-content\/uploads\/2014\/02\/uniolimpic2.jpeg\"><img loading=\"lazy\" decoding=\"async\" class=\"size-medium wp-image-2879632\" alt=\"El acto de inauguraci\u00f3n ha comenzado con el izado de la bandera ol\u00edmpica en la plaza de Am\u00e9rica\" src=\"https:\/\/www.upo.es\/diario\/wp-content\/uploads\/2014\/02\/uniolimpic2-320x208.jpeg\" width=\"320\" height=\"208\" srcset=\"https:\/\/www.upo.es\/diario\/wp-content\/uploads\/2014\/02\/uniolimpic2-320x208.jpeg 320w, https:\/\/www.upo.es\/diario\/wp-content\/uploads\/2014\/02\/uniolimpic2-600x391.jpeg 600w, https:\/\/www.upo.es\/diario\/wp-content\/uploads\/2014\/02\/uniolimpic2.jpeg 807w\" sizes=\"auto, (max-width: 320px) 100vw, 320px\" \/><\/a><figcaption id=\"caption-attachment-2879632\" class=\"wp-caption-text\">El acto de inauguraci\u00f3n ha comenzado con el izado de la bandera ol\u00edmpica en la plaza de Am\u00e9rica<\/figcaption><\/figure>\n<p>El rector de la Universidad Pablo de Olavide de Sevilla, Vicente Guzm\u00e1n, y el presidente de la Academia Ol\u00edmpica Espa\u00f1ola, Conrado Durantez, han inaugurado esta tarde la 46 sesi\u00f3n anual de la Academia Ol\u00edmpica Espa\u00f1ola, en un acto en el que se ha procedido al izado de la bandera ol\u00edmpica en la plaza de Am\u00e9rica del campus de la Olavide. A la inauguraci\u00f3n han asistido tambi\u00e9n el teniente de alcalde delegado de Deportes del Ayuntamiento de Dos Hermanas, Jos\u00e9 Manuel Carri\u00f3n, y el director del Centro de Estudios Ol\u00edmpicos de la UPO, Manuel Porras.<\/p>\n<p>En la apertura de la sesi\u00f3n anual de la Academia Ol\u00edmpica Espa\u00f1ola, el rector de la UPO ha mostrado su satisfacci\u00f3n por que esta joven instituci\u00f3n p\u00fablica pueda compartir con otras instituciones como la Academia Ol\u00edmpica Espa\u00f1ola principios fundamentales como es la transformaci\u00f3n de la sociedad para su mejora. Por su parte, Conrado Durantez tambi\u00e9n se ha felicitado por la colaboraci\u00f3n entre ambas entidades para promover los valores del olimpismo en la educaci\u00f3n de los j\u00f3venes.<\/p>\n<figure id=\"attachment_2879627\" aria-describedby=\"caption-attachment-2879627\" style=\"width: 320px\" class=\"wp-caption alignleft\"><a href=\"https:\/\/www.upo.es\/diario\/wp-content\/uploads\/2014\/02\/uniolimpic1.jpg\"><img loading=\"lazy\" decoding=\"async\" class=\"size-medium wp-image-2879627 \" alt=\"Desde la izquierda: el teniente de alcalde delegado de Deportes del Ayuntamiento de Dos Hermanas, Jos\u00e9 Manuel Carri\u00f3n, el rector Vicente Guzm\u00e1n, el presidente de la Academia, Conrado Durantez, y el director del Centro de Estudios Ol\u00edmpicos de la Olavide y organizador de esta sesi\u00f3n anual, Manuel Porras\" src=\"https:\/\/www.upo.es\/diario\/wp-content\/uploads\/2014\/02\/uniolimpic1-320x213.jpg\" width=\"320\" height=\"213\" srcset=\"https:\/\/www.upo.es\/diario\/wp-content\/uploads\/2014\/02\/uniolimpic1-320x213.jpg 320w, https:\/\/www.upo.es\/diario\/wp-content\/uploads\/2014\/02\/uniolimpic1-1024x682.jpg 1024w, https:\/\/www.upo.es\/diario\/wp-content\/uploads\/2014\/02\/uniolimpic1-600x400.jpg 600w\" sizes=\"auto, (max-width: 320px) 100vw, 320px\" \/><\/a><figcaption id=\"caption-attachment-2879627\" class=\"wp-caption-text\">Desde la izquierda: el teniente de alcalde delegado de Deportes del Ayuntamiento de Dos Hermanas, Jos\u00e9 Manuel Carri\u00f3n, el rector Vicente Guzm\u00e1n, el presidente de la Academia, Conrado Durantez, y el director del CEO-UPO, Manuel Porras<\/figcaption><\/figure>\n<p>La <a href=\"https:\/\/www1.upo.es\/estudios-olimpicos\">XLVI Sesi\u00f3n de la Academia Ol\u00edmpica Espa\u00f1ola<\/a>, que se celebra desde hoy 17 hasta el jueves 20 de febrero en la Universidad Pablo de Olavide, est\u00e1 organizada por la UPO y por la Academia Ol\u00edmpica Espa\u00f1ola. A lo largo de esta semana, deportistas y expertos abordar\u00e1n el olimpismo desde una perspectiva multidisciplinar.<\/p>\n<p>En la Universidad Pablo de Olavide ya se celebr\u00f3 la XXXVI Sesi\u00f3n de la Academia Ol\u00edmpica Nacional, organizada por la Academia y el Centro de Estudios Ol\u00edmpicos de la UPO (CEO-Olavide) que fue creado en el a\u00f1o 2003 por convenio entre el Comit\u00e9 Ol\u00edmpico Espa\u00f1ol y la Universidad Pablo de Olavide, con la intenci\u00f3n de extender el \u00e1mbito de actuaci\u00f3n de la Academia Ol\u00edmpica Espa\u00f1ola, por medio de la realizaci\u00f3n de actividades de difusi\u00f3n del movimiento ol\u00edmpico. De esta forma, la Academia Ol\u00edmpica Espa\u00f1ola persigue llegar a un mayor n\u00famero de personas, con la presencia en diferentes regiones del pa\u00eds, as\u00ed como acercar el movimiento ol\u00edmpico a los centros de educaci\u00f3n superior.<\/p>\n","protected":false},"excerpt":{"rendered":"<p>El rector de la Universidad Pablo de Olavide de Sevilla, Vicente Guzm\u00e1n, y el presidente de la Academia Ol\u00edmpica Espa\u00f1ola, Conrado Durantez, han inaugurado esta tarde la 46 sesi\u00f3n anual de la Academia Ol\u00edmpica Espa\u00f1ola, en un acto en el que se ha procedido al izado de la bandera ol\u00edmpica en la plaza de Am\u00e9rica del campus de la Olavide. A la inauguraci\u00f3n han asistido tambi\u00e9n el teniente de alcalde delegado de Deportes del Ayuntamiento de Dos Hermanas, Jos\u00e9 Manuel Carri\u00f3n, y el director del Centro de Estudios Ol\u00edmpicos de la UPO, Manuel Porras.<\/p>\n","protected":false},"author":6,"featured_media":0,"comment_status":"closed","ping_status":"open","sticky":false,"template":"","format":"standard","meta":{"_monsterinsights_skip_tracking":false,"_monsterinsights_sitenote_active":false,"_monsterinsights_sitenote_note":"","_monsterinsights_sitenote_category":0,"footnotes":""},"categories":[6],"tags":[25,28,1015,38,106],"class_list":["post-2879625","post","type-post","status-publish","format-standard","hentry","category-institucional","tag-jj-oo","tag-olimpiadas","tag-olimpismo","tag-rector","tag-vicente-c-guzman"],"_links":{"self":[{"href":"https:\/\/www.upo.es\/diario\/wp-json\/wp\/v2\/posts\/2879625","targetHints":{"allow":["GET"]}}],"collection":[{"href":"https:\/\/www.upo.es\/diario\/wp-json\/wp\/v2\/posts"}],"about":[{"href":"https:\/\/www.upo.es\/diario\/wp-json\/wp\/v2\/types\/post"}],"author":[{"embeddable":true,"href":"https:\/\/www.upo.es\/diario\/wp-json\/wp\/v2\/users\/6"}],"replies":[{"embeddable":true,"href":"https:\/\/www.upo.es\/diario\/wp-json\/wp\/v2\/comments?post=2879625"}],"version-history":[{"count":9,"href":"https:\/\/www.upo.es\/diario\/wp-json\/wp\/v2\/posts\/2879625\/revisions"}],"predecessor-version":[{"id":2899861,"href":"https:\/\/www.upo.es\/diario\/wp-json\/wp\/v2\/posts\/2879625\/revisions\/2899861"}],"wp:attachment":[{"href":"https:\/\/www.upo.es\/diario\/wp-json\/wp\/v2\/media?parent=2879625"}],"wp:term":[{"taxonomy":"category","embeddable":true,"href":"https:\/\/www.upo.es\/diario\/wp-json\/wp\/v2\/categories?post=2879625"},{"taxonomy":"post_tag","embeddable":true,"href":"https:\/\/www.upo.es\/diario\/wp-json\/wp\/v2\/tags?post=2879625"}],"curies":[{"name":"wp","href":"https:\/\/api.w.org\/{rel}","templated":true}]}}