{"id":28796500,"date":"2018-10-24T00:57:56","date_gmt":"2018-10-24T00:57:56","guid":{"rendered":"https:\/\/www.upo.es\/diario\/?p=28796500"},"modified":"2018-10-25T08:44:02","modified_gmt":"2018-10-25T08:44:02","slug":"la-historia-de-las-mujeres-analizada-en-torno-a-sus-creencias-y-disidencias-tema-de-un-coloquio-en-la-upo","status":"publish","type":"post","link":"https:\/\/www.upo.es\/diario\/institucional\/2018\/10\/la-historia-de-las-mujeres-analizada-en-torno-a-sus-creencias-y-disidencias-tema-de-un-coloquio-en-la-upo\/","title":{"rendered":"La historia de las mujeres analizada en torno a sus creencias y disidencias, tema de un coloquio en la UPO"},"content":{"rendered":"<figure id=\"attachment_28823858\" aria-describedby=\"caption-attachment-28823858\" style=\"width: 320px\" class=\"wp-caption alignright\"><a href=\"https:\/\/www.upo.es\/diario\/wp-content\/uploads\/2018\/10\/foto-historia-mujeres.jpg\"><img loading=\"lazy\" decoding=\"async\" class=\"size-medium wp-image-28823858\" alt=\"El coloquio ha sido inaugurado por la presidenta de la Asociaci\u00f3n \u00c1ngela Mu\u00f1oz, la vicerrectora Elodia Hern\u00e1ndez y la decana de la Facultad de Humanidades Rosario Moreno.\" src=\"https:\/\/www.upo.es\/diario\/wp-content\/uploads\/2018\/10\/foto-historia-mujeres-320x254.jpg\" width=\"320\" height=\"254\" srcset=\"https:\/\/www.upo.es\/diario\/wp-content\/uploads\/2018\/10\/foto-historia-mujeres-320x254.jpg 320w, https:\/\/www.upo.es\/diario\/wp-content\/uploads\/2018\/10\/foto-historia-mujeres-600x477.jpg 600w, https:\/\/www.upo.es\/diario\/wp-content\/uploads\/2018\/10\/foto-historia-mujeres.jpg 1181w\" sizes=\"auto, (max-width: 320px) 100vw, 320px\" \/><\/a><figcaption id=\"caption-attachment-28823858\" class=\"wp-caption-text\">El coloquio ha sido inaugurado por la presidenta de la Asociaci\u00f3n \u00c1ngela Mu\u00f1oz, la vicerrectora Elodia Hern\u00e1ndez y la decana de la Facultad de Humanidades Rosario Moreno (de izquierda a derecha).<\/figcaption><\/figure>\n<p>La Asociaci\u00f3n Espa\u00f1ola de Investigaci\u00f3n de Historia de las Mujeres (AEIHM) celebra desde hoy mi\u00e9rcoles, en la Universidad Pablo de Olavide su <b>XIX Coloquio Internacional <\/b>que en esta ocasi\u00f3n tiene como tem\u00e1tica <b>\u2018Creencias y disidencias. Experiencias pol\u00edticas, sociales, culturales y religiosas en la historia de las mujeres\u2019<\/b>. Con tal fin se dar\u00e1n cita en Sevilla hasta el pr\u00f3ximo viernes especialistas nacionales e internacionales del campo de la Historia de las Mujeres y la Historia de G\u00e9nero. El Coloquio ser\u00e1 inaugurado a las 16 horas en la sala de grados del edificio 7 del campus por Elodia Hern\u00e1ndez, vicerrectora de Cultura y Compromiso Social de la UPO; Rosario Moreno, decana de la Facultad de Humanidades; y \u00c1ngela Mu\u00f1oz, presidenta de la Asociaci\u00f3n.<\/p>\n<p>El Coloquio, que cuenta con la colaboraci\u00f3n y el patrocinio de la Universidad Pablo de Olavide, plantea los conceptos de \u2018creencias y disidencias\u2019 como l\u00edneas de indagaci\u00f3n acerca de la forma en que se articulan los discursos, las normas y las pr\u00e1cticas sociales de las mujeres dentro y fuera de las instituciones. Con tal fin se han organizado cuatro sesiones, m\u00e1s una de comunicaciones. Las dos primeras, \u2018Ideolog\u00edas y pr\u00e1cticas pol\u00edticas\u2019 y \u2018Creencias y pr\u00e1cticas religiosas\u2019, tendr\u00e1n lugar en la UPO \u2013edificio 7, sala de grados\u2013. El Coloquio se traslada a la Casa de la Provincia para la sesi\u00f3n de la tarde del jueves, \u2018Cuerpos, saberes y experiencias art\u00edsticas\u2019 y al Espacio Santa Clara del ICAS para la \u00faltima en la ma\u00f1ana del viernes d\u00eda 26, \u2018Normas, h\u00e1bitos y pr\u00e1cticas sociales\u2019.<\/p>\n<p>Desde 1991 la <a href=\"http:\/\/aeihm.org\/\">AEIHM<\/a>, perteneciente a la Federaci\u00f3n Internacional de Centros de Investigaci\u00f3n en Historia de las Mujeres (FICIHM), viene trabajando para coordinar\u00a0 la investigaci\u00f3n llevada a cabo en distintos centros de investigaci\u00f3n en Espa\u00f1a sobre la Historia de las Mujeres y del G\u00e9nero, proyectando los estudios de este campo tanto en el \u00e1mbito nacional como internacional.<\/p>\n<p><b>M\u00e1s informaci\u00f3n y programa del XIX Coloquio AEIHM:<\/b><br \/>\n<a href=\"http:\/\/aeihm.org\/actividades\/xix-coloquio-internacional-de-la-aeihm\">http:\/\/aeihm.org\/actividades\/xix-coloquio-internacional-de-la-aeihm<\/a><\/p>\n","protected":false},"excerpt":{"rendered":"<p>El XIX Coloquio AEIHM, que cuenta con la colaboraci\u00f3n y el patrocinio de la UPO, plantea los conceptos de \u2018creencias y disidencias\u2019 como l\u00edneas de indagaci\u00f3n acerca de la forma en que se articulan los discursos, las normas y las pr\u00e1cticas sociales de las mujeres en la historia.<\/p>\n","protected":false},"author":6,"featured_media":0,"comment_status":"closed","ping_status":"open","sticky":false,"template":"","format":"standard","meta":{"_monsterinsights_skip_tracking":false,"_monsterinsights_sitenote_active":false,"_monsterinsights_sitenote_note":"","_monsterinsights_sitenote_category":0,"footnotes":""},"categories":[6],"tags":[603,336,150,446,56,84],"class_list":["post-28796500","post","type-post","status-publish","format-standard","hentry","category-institucional","tag-coloquio","tag-genero","tag-historia","tag-internacional","tag-investigacion","tag-jornadas"],"_links":{"self":[{"href":"https:\/\/www.upo.es\/diario\/wp-json\/wp\/v2\/posts\/28796500","targetHints":{"allow":["GET"]}}],"collection":[{"href":"https:\/\/www.upo.es\/diario\/wp-json\/wp\/v2\/posts"}],"about":[{"href":"https:\/\/www.upo.es\/diario\/wp-json\/wp\/v2\/types\/post"}],"author":[{"embeddable":true,"href":"https:\/\/www.upo.es\/diario\/wp-json\/wp\/v2\/users\/6"}],"replies":[{"embeddable":true,"href":"https:\/\/www.upo.es\/diario\/wp-json\/wp\/v2\/comments?post=28796500"}],"version-history":[{"count":6,"href":"https:\/\/www.upo.es\/diario\/wp-json\/wp\/v2\/posts\/28796500\/revisions"}],"predecessor-version":[{"id":28823860,"href":"https:\/\/www.upo.es\/diario\/wp-json\/wp\/v2\/posts\/28796500\/revisions\/28823860"}],"wp:attachment":[{"href":"https:\/\/www.upo.es\/diario\/wp-json\/wp\/v2\/media?parent=28796500"}],"wp:term":[{"taxonomy":"category","embeddable":true,"href":"https:\/\/www.upo.es\/diario\/wp-json\/wp\/v2\/categories?post=28796500"},{"taxonomy":"post_tag","embeddable":true,"href":"https:\/\/www.upo.es\/diario\/wp-json\/wp\/v2\/tags?post=28796500"}],"curies":[{"name":"wp","href":"https:\/\/api.w.org\/{rel}","templated":true}]}}