{"id":28810813,"date":"2018-10-25T00:17:40","date_gmt":"2018-10-25T00:17:40","guid":{"rendered":"https:\/\/www.upo.es\/diario\/?p=28810813"},"modified":"2018-10-26T13:49:07","modified_gmt":"2018-10-26T13:49:07","slug":"manana-en-la-upo-sesion-de-teatro-espontaneo-a-cargo-de-la-compania-sin-telon","status":"publish","type":"post","link":"https:\/\/www.upo.es\/diario\/cultura\/2018\/10\/manana-en-la-upo-sesion-de-teatro-espontaneo-a-cargo-de-la-compania-sin-telon\/","title":{"rendered":"Sesi\u00f3n de Teatro Espont\u00e1neo a cargo de la Compa\u00f1\u00eda Sin Tel\u00f3n en la UPO"},"content":{"rendered":"<figure id=\"attachment_28810814\" aria-describedby=\"caption-attachment-28810814\" style=\"width: 320px\" class=\"wp-caption alignright\"><a href=\"https:\/\/www.upo.es\/diario\/wp-content\/uploads\/2018\/10\/Teatro-Espont\u00e1neo1.jpg\"><img loading=\"lazy\" decoding=\"async\" class=\"size-medium wp-image-28810814\" alt=\"Teatro Espont\u00e1neo por C\u00eda. Sin Tel\u00f3n\" src=\"https:\/\/www.upo.es\/diario\/wp-content\/uploads\/2018\/10\/Teatro-Espont\u00e1neo1-320x208.jpg\" width=\"320\" height=\"208\" srcset=\"https:\/\/www.upo.es\/diario\/wp-content\/uploads\/2018\/10\/Teatro-Espont\u00e1neo1-320x208.jpg 320w, https:\/\/www.upo.es\/diario\/wp-content\/uploads\/2018\/10\/Teatro-Espont\u00e1neo1-600x390.jpg 600w, https:\/\/www.upo.es\/diario\/wp-content\/uploads\/2018\/10\/Teatro-Espont\u00e1neo1.jpg 785w\" sizes=\"auto, (max-width: 320px) 100vw, 320px\" \/><\/a><figcaption id=\"caption-attachment-28810814\" class=\"wp-caption-text\">Teatro Espont\u00e1neo por C\u00eda. Sin Tel\u00f3n<\/figcaption><\/figure>\n<p>Contin\u00faa la programaci\u00f3n de Cultura M\u00ednima con la sesi\u00f3n de <b>Teatro Espont\u00e1neo \u201cPara sobrevivir, hay que contar historias\u201d a cargo de la Compa\u00f1\u00eda Sin Tel\u00f3n<\/b> hoy\u00a0<span style=\"text-decoration: underline;\">jueves 25 de octubre a las 19:30 horas en el espacio cultural \u201cEl Entramado\u201d (edificio 42) de la Universidad Pablo de Olavide<\/span>. La entrada tiene un precio de 2 euros.<\/p>\n<p><b>Teatro Espont\u00e1neo<\/b> es una modalidad teatral cuya particularidad reside en la representaci\u00f3n de relatos personales que cuenta el p\u00fablico asistente. Cada historia que se lleva a escena se convierte en un momento \u00fanico, y da comienzo a partir de la narraci\u00f3n por parte del protagonista de su historia personal. El grupo actoral pone vida a esas historias que habitan en el p\u00fablico. Existe una direcci\u00f3n que es el lazo entre actores\/actrices y el p\u00fablico, adem\u00e1s de una m\u00fasica y unas luces que nacen para cada escena por \u00fanica vez.<\/p>\n<p>Como en un espect\u00e1culo de magia, en pocos segundos se materializa una breve escena de la vida, cotidiana y humana, tan digna como cualquier gran tragedia, pero mucho m\u00e1s pr\u00f3xima y, por ello, mucho m\u00e1s emotiva. A veces es todo el grupo el que participa, movi\u00e9ndose por todo el escenario con gran alboroto, con atrezzo e incluso participantes del p\u00fablico; otras veces, son s\u00f3lo una o dos personas, contenidas, d\u00e1ndole a los m\u00ednimos gestos, a un detalle de expresi\u00f3n facial, el mayor de los sentidos.<\/p>\n<p>La programaci\u00f3n de la convocatoria 2018 de Cultura M\u00ednima, la iniciativa de la Universidad Pablo de Olavide para el fomento de artistas y creadores emergentes, comenz\u00f3 en febrero y continuar\u00e1 hasta diciembre con: <b>Asociaci\u00f3n La Casa Despierta<\/b> con \u201cHielo al sol\u201d el 8 de noviembre; <b>Purple Snake Blues<\/b> con \u201cPalabra de blues\u201d el 22 de noviembre; y <b>Teatro Circo La Plaza<\/b> con \u201cDonde habite el olvido\u201d el 13 de diciembre.<\/p>\n<p>En la <strong>programaci\u00f3n de Cultura M\u00ednima<\/strong> tienen cabida todo tipo de disciplinas art\u00edsticas \u2013artes esc\u00e9nicas, artes pl\u00e1sticas, m\u00fasica, literatura, flamenco, recitales de poes\u00eda, ac\u00fasticos de agrupaciones musicales o solistas, etc\u00e9tera\u2013 y proyectos culturales que partan o no de la comunidad universitaria, con la \u00fanica condici\u00f3n de que puedan llevarse a cabo en El Entramado, el espacio cultural de la Universidad Pablo de Olavide situado a la entrada del campus.<span style=\"font-size: medium;\"><br \/>\n<\/span><\/p>\n<p>Cultura M\u00ednima es una iniciativa del Vicerrectorado de Cultura y Compromiso Social de la UPO, a trav\u00e9s del <a href=\"https:\/\/www.upo.es\/upsc\/extension_cultural\/\">Servicio de Extensi\u00f3n Cultural<\/a>, que abre cada a\u00f1o durante el mes de enero el plazo para la presentaci\u00f3n de propuestas art\u00edsticas culturales.<\/p>\n<p>&nbsp;<\/p>\n","protected":false},"excerpt":{"rendered":"<p>La Universidad Pablo de Olavide contin\u00faa la programaci\u00f3n de Cultura M\u00ednima con la sesi\u00f3n de Teatro Espont\u00e1neo \u201cPara sobrevivir, hay que contar historias\u201d a cargo de la Compa\u00f1\u00eda Sin Tel\u00f3n. Teatro Espont\u00e1neo es una modalidad teatral cuya particularidad reside en la representaci\u00f3n de relatos personales que cuenta el p\u00fablico asistente. Cada historia que se lleva a escena se convierte en un momento \u00fanico, y da comienzo a partir de la narraci\u00f3n por parte del protagonista de su historia personal<\/p>\n","protected":false},"author":4,"featured_media":0,"comment_status":"closed","ping_status":"open","sticky":false,"template":"","format":"standard","meta":{"_monsterinsights_skip_tracking":false,"_monsterinsights_sitenote_active":false,"_monsterinsights_sitenote_note":"","_monsterinsights_sitenote_category":0,"footnotes":""},"categories":[7],"tags":[3869,3746,5574,2667],"class_list":["post-28810813","post","type-post","status-publish","format-standard","hentry","category-cultura","tag-cultura-minima","tag-servicio-de-extension-cultural","tag-teatro-espotaneo","tag-vicerrectorado-de-cultura-y-compromiso-social"],"_links":{"self":[{"href":"https:\/\/www.upo.es\/diario\/wp-json\/wp\/v2\/posts\/28810813","targetHints":{"allow":["GET"]}}],"collection":[{"href":"https:\/\/www.upo.es\/diario\/wp-json\/wp\/v2\/posts"}],"about":[{"href":"https:\/\/www.upo.es\/diario\/wp-json\/wp\/v2\/types\/post"}],"author":[{"embeddable":true,"href":"https:\/\/www.upo.es\/diario\/wp-json\/wp\/v2\/users\/4"}],"replies":[{"embeddable":true,"href":"https:\/\/www.upo.es\/diario\/wp-json\/wp\/v2\/comments?post=28810813"}],"version-history":[{"count":7,"href":"https:\/\/www.upo.es\/diario\/wp-json\/wp\/v2\/posts\/28810813\/revisions"}],"predecessor-version":[{"id":28823851,"href":"https:\/\/www.upo.es\/diario\/wp-json\/wp\/v2\/posts\/28810813\/revisions\/28823851"}],"wp:attachment":[{"href":"https:\/\/www.upo.es\/diario\/wp-json\/wp\/v2\/media?parent=28810813"}],"wp:term":[{"taxonomy":"category","embeddable":true,"href":"https:\/\/www.upo.es\/diario\/wp-json\/wp\/v2\/categories?post=28810813"},{"taxonomy":"post_tag","embeddable":true,"href":"https:\/\/www.upo.es\/diario\/wp-json\/wp\/v2\/tags?post=28810813"}],"curies":[{"name":"wp","href":"https:\/\/api.w.org\/{rel}","templated":true}]}}