{"id":28826857,"date":"2018-10-26T00:01:06","date_gmt":"2018-10-25T22:01:06","guid":{"rendered":"https:\/\/www.upo.es\/diario\/?p=28826857"},"modified":"2018-10-30T09:07:31","modified_gmt":"2018-10-30T08:07:31","slug":"la-universidad-pablo-de-olavide-acoge-manana-las-jornadas-delicuencia-economica-y-corrupcion","status":"publish","type":"post","link":"https:\/\/www.upo.es\/diario\/institucional\/2018\/10\/la-universidad-pablo-de-olavide-acoge-manana-las-jornadas-delicuencia-economica-y-corrupcion\/","title":{"rendered":"La Universidad Pablo de Olavide acoge las jornadas \u00abDelicuencia econ\u00f3mica y corrupci\u00f3n\u00bb"},"content":{"rendered":"<figure id=\"attachment_28838759\" aria-describedby=\"caption-attachment-28838759\" style=\"width: 320px\" class=\"wp-caption alignright\"><a href=\"https:\/\/www.upo.es\/diario\/wp-content\/uploads\/2018\/10\/Jornada_DelicuenciaEco002.jpg\"><img loading=\"lazy\" decoding=\"async\" class=\"size-medium wp-image-28838759\" alt=\"De izquierda a derecha: Antonio D\u00edaz, secretario regional de la Confederaci\u00f3n Espa\u00f1ola de Polic\u00eda en Andaluc\u00eda Occidental, el rector Vicente Guzm\u00e1n, y Ana Vel\u00e1zquez, secretaria de presidencia de CSIF Sevilla.\" src=\"https:\/\/www.upo.es\/diario\/wp-content\/uploads\/2018\/10\/Jornada_DelicuenciaEco002-320x178.jpg\" width=\"320\" height=\"178\" srcset=\"https:\/\/www.upo.es\/diario\/wp-content\/uploads\/2018\/10\/Jornada_DelicuenciaEco002-320x178.jpg 320w, https:\/\/www.upo.es\/diario\/wp-content\/uploads\/2018\/10\/Jornada_DelicuenciaEco002-600x333.jpg 600w\" sizes=\"auto, (max-width: 320px) 100vw, 320px\" \/><\/a><figcaption id=\"caption-attachment-28838759\" class=\"wp-caption-text\">De izquierda a derecha: Antonio D\u00edaz, secretario regional de la Confederaci\u00f3n Espa\u00f1ola de Polic\u00eda en Andaluc\u00eda Occidental, el rector Vicente Guzm\u00e1n, y Ana Vel\u00e1zquez, secretaria de presidencia de CSIF Sevilla.<\/figcaption><\/figure>\n<p>Las Jornadas \u2018Delincuencia Econ\u00f3mica y Corrupci\u00f3n\u2019, organizadas por la Confederaci\u00f3n Espa\u00f1ola de Polic\u00eda, han sido inauguradas hoy viernes 26 de octubre por el rector de la Universidad Pablo de Olavide, Vicente Guzm\u00e1n. A la presentaci\u00f3n han asistido Antonio D\u00edaz, secretario regional de la Confederaci\u00f3n Espa\u00f1ola de Polic\u00eda en Andaluc\u00eda Occidental y Ana Vel\u00e1zquez, secretaria de presidencia de CSIF Sevilla.<\/p>\n<p>Entre los ponentes de las Jornadas est\u00e1n el magistrado de la Audiencia Nacional Eloy Velasco as\u00ed como Pedro Horrach, abogado y exfiscal anticorrupci\u00f3n de Baleares. Como experto en Derecho Procesal intervendr\u00e1 el profesor de la Universidad Pablo de Olavide Ra\u00fal S\u00e1nchez. Por \u00faltimo, para aportar el punto de vista del trabajo policial, ha sido invitado Jorge Miguel Rodr\u00edguez, inspector jefe del Grupo de Delincuencia Econ\u00f3mica de la Polic\u00eda Nacional.<\/p>\n<p><b><span style=\"text-decoration: underline;\">JORNADAS \u2018DELICUENCIA ECON\u00d3MICA Y CORRUPCI\u00d3N\u2019<\/span><\/b><\/p>\n<p>Universidad Pablo de Olavide, Sevilla<\/p>\n<p>26 de octubre de 2018<\/p>\n<p>Edificio 7, sala de grados \u2013 De 9.30 a 14.30 horas<\/p>\n<p>Programa:<\/p>\n<p>Jorge Miguel Rodr\u00edguez, Grupo de Delincuencia Econ\u00f3mica de la Polic\u00eda Nacional<br \/>\n\u201cDelitos econ\u00f3micos: modalidades y enfoque policial\u201d<\/p>\n<p>Ra\u00fal S\u00e1nchez G\u00f3mez, profesor de Derecho Procesal, Universidad Pablo de Olavide<br \/>\n\u201cLa orden europea de investigaci\u00f3n\u201d<\/p>\n<p>Pedro Horrach Arrom, abogado y exfiscal anticorrupci\u00f3n<\/p>\n<p>\u201cDelitos de corrupci\u00f3n\u201d<\/p>\n<p>Eloy Velasco N\u00fa\u00f1ez, magistrado de la Audiencia Nacional<br \/>\n\u201cLa responsabilidad penal de las personas jur\u00eddicas\u201d<\/p>\n","protected":false},"excerpt":{"rendered":"<p>La Universidad Pablo de Olavide ha acogido las Jornadas \u2018Delincuencia Econ\u00f3mica y Corrupci\u00f3n\u2019, organizadas por la Confederaci\u00f3n Espa\u00f1ola de Polic\u00eda.  A la presentaci\u00f3n han asistido Antonio D\u00edaz, secretario regional de la Confederaci\u00f3n Espa\u00f1ola de Polic\u00eda en Andaluc\u00eda Occidental y Ana Vel\u00e1zquez, secretaria de presidencia de CSIF Sevilla.<\/p>\n","protected":false},"author":4,"featured_media":0,"comment_status":"closed","ping_status":"open","sticky":false,"template":"","format":"standard","meta":{"_monsterinsights_skip_tracking":false,"_monsterinsights_sitenote_active":false,"_monsterinsights_sitenote_note":"","_monsterinsights_sitenote_category":0,"footnotes":""},"categories":[6],"tags":[4518,5576,1173,5575,84],"class_list":["post-28826857","post","type-post","status-publish","format-standard","hentry","category-institucional","tag-area-de-derecho-procesal","tag-confederacion-espanola-de-policia","tag-corrupcion","tag-delicuencia","tag-jornadas"],"_links":{"self":[{"href":"https:\/\/www.upo.es\/diario\/wp-json\/wp\/v2\/posts\/28826857","targetHints":{"allow":["GET"]}}],"collection":[{"href":"https:\/\/www.upo.es\/diario\/wp-json\/wp\/v2\/posts"}],"about":[{"href":"https:\/\/www.upo.es\/diario\/wp-json\/wp\/v2\/types\/post"}],"author":[{"embeddable":true,"href":"https:\/\/www.upo.es\/diario\/wp-json\/wp\/v2\/users\/4"}],"replies":[{"embeddable":true,"href":"https:\/\/www.upo.es\/diario\/wp-json\/wp\/v2\/comments?post=28826857"}],"version-history":[{"count":8,"href":"https:\/\/www.upo.es\/diario\/wp-json\/wp\/v2\/posts\/28826857\/revisions"}],"predecessor-version":[{"id":28895037,"href":"https:\/\/www.upo.es\/diario\/wp-json\/wp\/v2\/posts\/28826857\/revisions\/28895037"}],"wp:attachment":[{"href":"https:\/\/www.upo.es\/diario\/wp-json\/wp\/v2\/media?parent=28826857"}],"wp:term":[{"taxonomy":"category","embeddable":true,"href":"https:\/\/www.upo.es\/diario\/wp-json\/wp\/v2\/categories?post=28826857"},{"taxonomy":"post_tag","embeddable":true,"href":"https:\/\/www.upo.es\/diario\/wp-json\/wp\/v2\/tags?post=28826857"}],"curies":[{"name":"wp","href":"https:\/\/api.w.org\/{rel}","templated":true}]}}