{"id":2887811,"date":"2014-02-18T06:46:35","date_gmt":"2014-02-18T06:46:35","guid":{"rendered":"https:\/\/www.upo.es\/diario\/?p=2887811"},"modified":"2014-02-19T14:18:53","modified_gmt":"2014-02-19T14:18:53","slug":"manana-en-la-upo-conferencia-de-cristina-jimenez-antigua-alumna-de-la-upo-sobre-su-experiencia-como-traductora-profesional","status":"publish","type":"post","link":"https:\/\/www.upo.es\/diario\/institucional\/2014\/02\/manana-en-la-upo-conferencia-de-cristina-jimenez-antigua-alumna-de-la-upo-sobre-su-experiencia-como-traductora-profesional\/","title":{"rendered":"Ma\u00f1ana en la UPO conferencia de Cristina Jim\u00e9nez, antigua alumna de la UPO, sobre su experiencia como traductora profesional"},"content":{"rendered":"<p style=\"text-align: justify;\">Ma\u00f1ana mi\u00e9rcoles 19 de febrero, a las 12 horas en la sala de grados del edificio 25B de la Universidad Pablo de Olavide, continuar\u00e1 el V Ciclo Internacional de Conferencias en Traducci\u00f3n e Interpretaci\u00f3n con la conferencia \u201cDiario de una traductora\u2026 \u00a1Siempre hay luz al final del t\u00fanel!\u201d impartida por Cristina Jim\u00e9nez \u00c1lvarez, antigua alumna de la licenciatura en Traducci\u00f3n e Interpretaci\u00f3n de la UPO y traductora y gestora de proyectos en <a href=\"http:\/\/www.morote.net\/webpublica\/index.asp\">Morote Traducciones<\/a>. La asistencia es libre hasta completar aforo.<\/p>\n<p style=\"text-align: justify;\">\u00a0Esta charla tiene como finalidad exponer las experiencias de una antigua alumna con varios a\u00f1os de trayectoria como traductora profesional con el fin de arrojar algo de luz sobre la profesi\u00f3n del traductor en la actualidad.<\/p>\n<p style=\"text-align: justify;\">Este ciclo, que se celebrar\u00e1 hasta el mes de abril, contin\u00faa el mi\u00e9rcoles 5 de marzo con la conferencia \u201cLa interpretaci\u00f3n y el lenguaje corporal\u201d impartida por Daniel Rodr\u00edguez Naranjo, traductor e int\u00e9rprete de dilatada trayectoria y profesor de la Universidad de Leipzig (Alemania).<\/p>\n<p style=\"text-align: justify;\">El V Ciclo Internacional de Conferencias en Traducci\u00f3n e Interpretaci\u00f3n, organizado por el Departamento de Filolog\u00eda y Traducci\u00f3n de la UPO, tiene como finalidad transmitir la realidad profesional del \u00e1mbito de la Traducci\u00f3n e Interpretaci\u00f3n en el siglo XXI. En este sentido, est\u00e1 dirigido a estudiantes y profesionales del campo de la Traducci\u00f3n e Interpretaci\u00f3n, as\u00ed como a toda la comunidad universitaria en general.<\/p>\n<p><span style=\"text-decoration: underline;\">\u00a0<\/span><\/p>\n","protected":false},"excerpt":{"rendered":"<p>Contin\u00faa el V Ciclo Internacional de Conferencias en Traducci\u00f3n e Interpretaci\u00f3n con la conferencia \u201cDiario de una traductora\u2026 \u00a1Siempre hay luz al final del t\u00fanel!\u201d impartida por Cristina Jim\u00e9nez \u00c1lvarez, antigua alumna de la licenciatura en Traducci\u00f3n e Interpretaci\u00f3n de la UPO. La asistencia es libre hasta completar aforo.<\/p>\n","protected":false},"author":4,"featured_media":0,"comment_status":"closed","ping_status":"open","sticky":false,"template":"","format":"standard","meta":{"_monsterinsights_skip_tracking":false,"_monsterinsights_sitenote_active":false,"_monsterinsights_sitenote_note":"","_monsterinsights_sitenote_category":0,"footnotes":""},"categories":[6],"tags":[227,1116,754,1117],"class_list":["post-2887811","post","type-post","status-publish","format-standard","hentry","category-institucional","tag-conferencia","tag-departamento-de-filologia-y-traduccion","tag-traduccion-e-interpretacion","tag-traductor"],"_links":{"self":[{"href":"https:\/\/www.upo.es\/diario\/wp-json\/wp\/v2\/posts\/2887811","targetHints":{"allow":["GET"]}}],"collection":[{"href":"https:\/\/www.upo.es\/diario\/wp-json\/wp\/v2\/posts"}],"about":[{"href":"https:\/\/www.upo.es\/diario\/wp-json\/wp\/v2\/types\/post"}],"author":[{"embeddable":true,"href":"https:\/\/www.upo.es\/diario\/wp-json\/wp\/v2\/users\/4"}],"replies":[{"embeddable":true,"href":"https:\/\/www.upo.es\/diario\/wp-json\/wp\/v2\/comments?post=2887811"}],"version-history":[{"count":6,"href":"https:\/\/www.upo.es\/diario\/wp-json\/wp\/v2\/posts\/2887811\/revisions"}],"predecessor-version":[{"id":2889129,"href":"https:\/\/www.upo.es\/diario\/wp-json\/wp\/v2\/posts\/2887811\/revisions\/2889129"}],"wp:attachment":[{"href":"https:\/\/www.upo.es\/diario\/wp-json\/wp\/v2\/media?parent=2887811"}],"wp:term":[{"taxonomy":"category","embeddable":true,"href":"https:\/\/www.upo.es\/diario\/wp-json\/wp\/v2\/categories?post=2887811"},{"taxonomy":"post_tag","embeddable":true,"href":"https:\/\/www.upo.es\/diario\/wp-json\/wp\/v2\/tags?post=2887811"}],"curies":[{"name":"wp","href":"https:\/\/api.w.org\/{rel}","templated":true}]}}