{"id":28898607,"date":"2018-10-30T09:47:38","date_gmt":"2018-10-30T08:47:38","guid":{"rendered":"https:\/\/www.upo.es\/diario\/?p=28898607"},"modified":"2018-10-31T09:08:20","modified_gmt":"2018-10-31T08:08:20","slug":"el-profesor-de-la-upo-juan-carlos-arboleda-participa-hoy-en-el-seminario-la-influencia-de-las-hermandades-y-cofradias-en-el-siglo-xvi","status":"publish","type":"post","link":"https:\/\/www.upo.es\/diario\/cultura\/2018\/10\/el-profesor-de-la-upo-juan-carlos-arboleda-participa-hoy-en-el-seminario-la-influencia-de-las-hermandades-y-cofradias-en-el-siglo-xvi\/","title":{"rendered":"El profesor de la UPO Juan Carlos Arboleda participa en el seminario \u2018La influencia de las hermandades y cofrad\u00edas en el siglo XVI\u2019"},"content":{"rendered":"<p><a href=\"https:\/\/www.upo.es\/diario\/wp-content\/uploads\/2018\/10\/Dqa1zbTX0AAjnhA.jpg\"><img loading=\"lazy\" decoding=\"async\" class=\"alignright size-medium wp-image-28899199\" alt=\"Dqa1zbTX0AAjnhA\" src=\"https:\/\/www.upo.es\/diario\/wp-content\/uploads\/2018\/10\/Dqa1zbTX0AAjnhA-320x317.jpg\" width=\"320\" height=\"317\" srcset=\"https:\/\/www.upo.es\/diario\/wp-content\/uploads\/2018\/10\/Dqa1zbTX0AAjnhA-320x317.jpg 320w, https:\/\/www.upo.es\/diario\/wp-content\/uploads\/2018\/10\/Dqa1zbTX0AAjnhA-150x150.jpg 150w, https:\/\/www.upo.es\/diario\/wp-content\/uploads\/2018\/10\/Dqa1zbTX0AAjnhA-600x595.jpg 600w, https:\/\/www.upo.es\/diario\/wp-content\/uploads\/2018\/10\/Dqa1zbTX0AAjnhA.jpg 1354w\" sizes=\"auto, (max-width: 320px) 100vw, 320px\" \/><\/a>El profesor de la Universidad Pablo de Olavide Juan Carlos Arboleda Goldaracena participa hoy en el seminario \u2018La influencia de las hermandades y cofrad\u00edas en el siglo XVI\u2019, una actividad organizada por la UPO,\u00a0 el Ayuntamiento de Sevilla , la Universidad de Sevilla, MoviStar+ y At\u00edpica Films, que comienza en el Paraninfo de la Universidad de Sevilla a las 19:00.<\/p>\n<p>Este seminario, que cuenta tambi\u00e9n con la participaci\u00f3n del profesor de la Universidad de Sevilla Jos\u00e9 Roda Pe\u00f1a, con Pedro \u00c1lvarez Molina, documentalista de la serie \u2018La Peste\u2019 y con Federico Aguado, actor de esta producci\u00f3n audiovisual, se enmarca dentro del ciclo \u2018Los martes de la Peste\u2019, un proyecto puesto en marcha por las instituciones mencionadas y que impulsa un programa de actividades culturales y divulgativas sobre la Sevilla del siglo XVI.<\/p>\n<p><b>Juan Carlos Arboleda Goldaracena<\/b>, doctor en Historia por la Universidad Pablo de Olavide, ha centrado sus investigaciones en la Edad Media castellana, con especial dedicaci\u00f3n a la historia de la Iglesia y de la religiosidad popular. Dentro de este \u00e1mbito destaca su inter\u00e9s por las hermandades y cofrad\u00edas andaluzas bajomedievales y modernas, a las que dedic\u00f3 su tesis doctoral y sobre las que ha publicado diversos trabajos.<\/p>\n<p>Por otro lado,<b> Jos\u00e9 Roda Pe\u00f1a<\/b> es profesor titular del departamento de Historia del Arte de la Universidad de Sevilla. Entre sus principales l\u00edneas de investigaci\u00f3n se encuentran la historia de la escultura y del retablo, as\u00ed como el estudio del patrimonio art\u00edstico perteneciente a las \u00f3rdenes religiosas y hermandades establecidas en el antiguo Reino de Sevilla.<\/p>\n<p><b>Pedro \u00c1lvarez Molina<\/b> es documentalista de la serie La Peste y bibliotecario en la Universidad de Sevilla, licenciado en Filolog\u00eda Inglesa, Lengua y Literatura con m\u00e1ster en Literatura general y comparada.<\/p>\n<p>Por \u00faltimo, <b>Federico Aguado<\/b> es un actor espa\u00f1ol conocido por interpretar a Inocencio Bonilla en \u2018Amar en tiempos revueltos\u2019 y \u2018Amar es para siempre\u2019. \u00a0Actualmente, forma parte del elenco de protagonistas en la serie de \u2018La Peste\u2019 en su segunda temporada.<\/p>\n<p>\u2018La influencia de las hermandades y cofrad\u00edas en el siglo XVI\u2019 es el tercer seminario que se ha desarrollado en el ciclo de \u2018Los martes de la Peste\u2019. Las actividades culturales celebradas durante este mes fueron \u2018El papel de la mujer en el siglo XVI\u2019, que fue acogido en el Paraninfo de la UPO, y \u2018La Gardu\u00f1a. La mafia sevillana\u2019, que tuvo lugar en el Palacio de los Marqueses de la Algaba. El pr\u00f3ximo mes de noviembre continuar\u00e1 la programaci\u00f3n de seminarios que analizan diferentes aspectos de la \u00e9poca en la que se ambienta esta serie de Movistar+.<\/p>\n<p>&nbsp;<\/p>\n","protected":false},"excerpt":{"rendered":"<p>\u2018La influencia de las hermandades y cofrad\u00edas en el siglo XVI\u2019 es el tercer seminario que se ha desarrollado en el ciclo de \u2018Los martes de la Peste\u2019. Las actividades culturales celebradas durante este mes fueron \u2018El papel de la mujer en el siglo XVI\u2019, que fue acogido en el Paraninfo de la UPO, y \u2018La Gardu\u00f1a. La mafia sevillana\u2019, que tuvo lugar en el Palacio de los Marqueses de la Algaba. El pr\u00f3ximo mes de noviembre continuar\u00e1 la programaci\u00f3n de seminarios que analizan diferentes aspectos de la \u00e9poca en la que se ambienta esta serie de Movistar+.<\/p>\n","protected":false},"author":6,"featured_media":0,"comment_status":"closed","ping_status":"open","sticky":false,"template":"","format":"standard","meta":{"_monsterinsights_skip_tracking":false,"_monsterinsights_sitenote_active":false,"_monsterinsights_sitenote_note":"","_monsterinsights_sitenote_category":0,"footnotes":""},"categories":[7],"tags":[936,5553,3446],"class_list":["post-28898607","post","type-post","status-publish","format-standard","hentry","category-cultura","tag-ciclo","tag-los-martes-de-la-peste","tag-television"],"_links":{"self":[{"href":"https:\/\/www.upo.es\/diario\/wp-json\/wp\/v2\/posts\/28898607","targetHints":{"allow":["GET"]}}],"collection":[{"href":"https:\/\/www.upo.es\/diario\/wp-json\/wp\/v2\/posts"}],"about":[{"href":"https:\/\/www.upo.es\/diario\/wp-json\/wp\/v2\/types\/post"}],"author":[{"embeddable":true,"href":"https:\/\/www.upo.es\/diario\/wp-json\/wp\/v2\/users\/6"}],"replies":[{"embeddable":true,"href":"https:\/\/www.upo.es\/diario\/wp-json\/wp\/v2\/comments?post=28898607"}],"version-history":[{"count":3,"href":"https:\/\/www.upo.es\/diario\/wp-json\/wp\/v2\/posts\/28898607\/revisions"}],"predecessor-version":[{"id":28910942,"href":"https:\/\/www.upo.es\/diario\/wp-json\/wp\/v2\/posts\/28898607\/revisions\/28910942"}],"wp:attachment":[{"href":"https:\/\/www.upo.es\/diario\/wp-json\/wp\/v2\/media?parent=28898607"}],"wp:term":[{"taxonomy":"category","embeddable":true,"href":"https:\/\/www.upo.es\/diario\/wp-json\/wp\/v2\/categories?post=28898607"},{"taxonomy":"post_tag","embeddable":true,"href":"https:\/\/www.upo.es\/diario\/wp-json\/wp\/v2\/tags?post=28898607"}],"curies":[{"name":"wp","href":"https:\/\/api.w.org\/{rel}","templated":true}]}}