{"id":28998960,"date":"2018-11-05T22:23:59","date_gmt":"2018-11-05T22:23:59","guid":{"rendered":"https:\/\/www.upo.es\/diario\/?p=28998960"},"modified":"2018-11-07T13:50:09","modified_gmt":"2018-11-07T13:50:09","slug":"la-universidad-de-jaen-acoge-la-entrega-de-los-premios-de-emprendimiento-de-las-universidades-publicas-de-andalucia","status":"publish","type":"post","link":"https:\/\/www.upo.es\/diario\/institucional\/2018\/11\/la-universidad-de-jaen-acoge-la-entrega-de-los-premios-de-emprendimiento-de-las-universidades-publicas-de-andalucia\/","title":{"rendered":"La Universidad de Ja\u00e9n acoge la entrega de los Premios de Emprendimiento de las Universidades P\u00fablicas de Andaluc\u00eda"},"content":{"rendered":"<figure id=\"attachment_28998961\" aria-describedby=\"caption-attachment-28998961\" style=\"width: 600px\" class=\"wp-caption aligncenter\"><a href=\"https:\/\/www.upo.es\/diario\/wp-content\/uploads\/2018\/11\/foto_premiados_Fundecor.jpg\"><img loading=\"lazy\" decoding=\"async\" class=\"size-large wp-image-28998961\" alt=\"Los proyectos \u2018BIOFY\u2019 ,  \u2018ADWALK\u2019  y  \u2018SMARTPV\u2019, Premios de Emprendimiento de las Universidades P\u00fablicas de Andaluc\u00eda 2018\" src=\"https:\/\/www.upo.es\/diario\/wp-content\/uploads\/2018\/11\/foto_premiados_Fundecor-600x400.jpg\" width=\"600\" height=\"400\" srcset=\"https:\/\/www.upo.es\/diario\/wp-content\/uploads\/2018\/11\/foto_premiados_Fundecor-600x400.jpg 600w, https:\/\/www.upo.es\/diario\/wp-content\/uploads\/2018\/11\/foto_premiados_Fundecor-320x213.jpg 320w, https:\/\/www.upo.es\/diario\/wp-content\/uploads\/2018\/11\/foto_premiados_Fundecor.jpg 1575w\" sizes=\"auto, (max-width: 600px) 100vw, 600px\" \/><\/a><figcaption id=\"caption-attachment-28998961\" class=\"wp-caption-text\">Los proyectos \u2018BIOFY\u2019 , \u2018ADWALK\u2019 y \u2018SMARTPV\u2019, Premios de Emprendimiento de las Universidades P\u00fablicas de Andaluc\u00eda 2018<\/figcaption><\/figure>\n<p>El rector de la Universidad de Ja\u00e9n, <b>Juan G\u00f3mez Ortega<\/b>, y la consejera de Conocimiento, Investigaci\u00f3n y Universidad de la Junta de Andaluc\u00eda, <b>Lina G\u00e1lvez Mu\u00f1oz<\/b>, han hecho entrega de los <strong>Premios de Emprendimiento de las Universidades P\u00fablicas Andaluzas<\/strong>, en un acto que se ha celebrado este lunes en el Campus de Las Lagunillas de la UJA.<\/p>\n<p>El primer premio, dotado con 6.000 euros, ha sido para <b>\u2018BIOFY\u2019<\/b>, de la Universidad de M\u00e1laga, que ha desarrollado un nuevo sistema de reciclaje para residuos pl\u00e1sticos que actualmente no pueden ser reciclados, convirti\u00e9ndolos en combustible. El segundo premio, dotado con 3.000 euros, ha sido para <b>\u2018ADWALK\u2019<\/b>, de la Universidad de Sevilla, que ha desarrollado realidad aumentada sin que el cliente porte ning\u00fan dispositivo para su visualizaci\u00f3n. Y el tercer premio, dotado con 1.500 euros, ha sido para <b>\u2018SMARTPV\u2019<\/b>, de la Universidad de Ja\u00e9n, que aprovecha una tecnolog\u00eda espacial para \u2018interactivizar\u2019 los procedimientos de las empresas con una aplicaci\u00f3n m\u00f3vil que incrementar\u00e1 su eficacia a la hora de ejecutar tareas que est\u00e1n controladas por procedimientos.<\/p>\n<p>En su intervenci\u00f3n, el rector de la Universidad de Ja\u00e9n ha recalcado la apuesta de las universidades p\u00fablicas de Andaluc\u00eda por apoyar y potenciar la cultura del emprendimiento. \u201cFormamos a las nuevas generaciones y generamos el conocimiento. Ambos conceptos ligados son m\u00e1s s\u00f3lidos\u201d, ha comentado el rector antes de la entrega de estos reconocimientos, \u201ccon los que nos posicionamos en favor del emprendimiento, que va m\u00e1s all\u00e1 del simple hecho de montar una empresa, sino que es una actitud vital de asumir riegos, el inter\u00e9s por la mejora continuada, distintivo de una sociedad madura y un elemento fundamental para el futuro de nuestra comunidad\u201d. Adem\u00e1s, ha agradecido tanto a Fundecor como a la Universidad de C\u00f3rdoba esta iniciativa, que se ha puesto en marcha para lo<\/p>\n<p>Por su parte, la consejera de Conocimiento, Investigaci\u00f3n y Universidad de la Junta de Andaluc\u00eda ha explicado que se trata de premiar aquellas propuestas seleccionadas por cada una de las universidades y \u201cmostrar el talento tan bueno que hay en Andaluc\u00eda, que desde las universidades y la Junta de Andaluc\u00eda se trabaja por promover\u201d. En este sentido, incidi\u00f3 en que \u201ccon estas propuestas se ve que en Andaluc\u00eda hay mucho talento, mucha gente preparada y tambi\u00e9n oportunidades para desarrollar empresarialmente esas ideas\u201d. Junto a ambos, tambi\u00e9n intervinieron en el acto de entrega de premios <b>Librado Carrasco Otero<\/b>, presidente ejecutivo de FUNDECOR, y <b>Enrique Quesada Morago<\/b>, vicerrector de Investigaci\u00f3n y Desarrollo Territorial de la Universidad de C\u00f3rdoba.<\/p>\n<p>Los Premios de Emprendimiento de las Universidades Andaluzas, impulsados desde la Universidad de C\u00f3rdoba, la Fundaci\u00f3n FUNDECOR y la Consejer\u00eda de Conocimiento, Investigaci\u00f3n y Universidad, han estado dirigidos al alumnado que finaliz\u00f3 sus estudios de 2015 a 2017 que, tras la convocatoria, presentaron sus proyectos o ideas en las diferentes universidades andaluzas. El jurado ha valorado en estos proyectos para la selecci\u00f3n de los premiados los siguientes aspectos como la idea de negocio, la originalidad y el car\u00e1cter innovador, la viabilidad, la incorporaci\u00f3n de nuevas tecnolog\u00edas, el aprovechamiento de recursos end\u00f3genos y la sostenibilidad medioambiental.<\/p>\n<figure id=\"attachment_28998962\" aria-describedby=\"caption-attachment-28998962\" style=\"width: 320px\" class=\"wp-caption alignright\"><a href=\"https:\/\/www.upo.es\/diario\/wp-content\/uploads\/2018\/11\/foto_galardonados_Fundecor.jpg\"><img loading=\"lazy\" decoding=\"async\" class=\"size-medium wp-image-28998962\" alt=\"Los premiados y los finalistas de la edici\u00f3n 2018\" src=\"https:\/\/www.upo.es\/diario\/wp-content\/uploads\/2018\/11\/foto_galardonados_Fundecor-320x213.jpg\" width=\"320\" height=\"213\" srcset=\"https:\/\/www.upo.es\/diario\/wp-content\/uploads\/2018\/11\/foto_galardonados_Fundecor-320x213.jpg 320w, https:\/\/www.upo.es\/diario\/wp-content\/uploads\/2018\/11\/foto_galardonados_Fundecor-600x400.jpg 600w, https:\/\/www.upo.es\/diario\/wp-content\/uploads\/2018\/11\/foto_galardonados_Fundecor.jpg 1575w\" sizes=\"auto, (max-width: 320px) 100vw, 320px\" \/><\/a><figcaption id=\"caption-attachment-28998962\" class=\"wp-caption-text\">Los premiados y los finalistas de la edici\u00f3n 2018<\/figcaption><\/figure>\n<p>As\u00ed, <strong>cada una de las universidades seleccion\u00f3 un premiado, proyectos que tambi\u00e9n han recogido sus diplomas de finalistas<\/strong>. Adem\u00e1s de los tres primeros premios, el resto de proyectos finalistas han sido: \u2018Artesanas y Econom\u00eda Comunicatira\u2019, a trav\u00e9s de producci\u00f3n de artesan\u00edas utilizando como materia prima la fibra de maguey; \u2018Enjoy!\u2019, es el desarrollo de una herramienta (aplicaci\u00f3n web\/m\u00f3vil) de marketing que permite centralizar objetivos como la captaci\u00f3n, fidelizaci\u00f3n, visibilidad, experiencia de usuario y publicidad; \u2018Gas Biker\u2019, aplicaci\u00f3n m\u00f3vil destinada a la mejora de la seguridad de los motoristas; \u2018Lista del Cole\u2019, una web que nace con el objetivo principal de agrupar paquetes de material escolar fungible en funci\u00f3n del colegio y curso, siendo cada uno personalizado por el profesorado; \u2018Open Therapi\u2019, ofrece un servicio profesional integral que permite al psic\u00f3logo ofrecer terapia online de alta calidad, eficiente y segura, gracias a una plataforma que act\u00faa de canal de comunicaci\u00f3n entre psic\u00f3logos y pacientes; \u2018Update\u2019, una empresa de dise\u00f1o, montaje y comercializaci\u00f3n de smartphones a medida, que busca satisfacer unas necesidades concretas de la poblaci\u00f3n que no est\u00e1n satisfechas en la actualidad; \u2018Vitaesoft\u2019, una herramienta de gesti\u00f3n online de congresos, eventos y actividades formativas dentro del \u00e1mbito acad\u00e9mico e investigador.<\/p>\n","protected":false},"excerpt":{"rendered":"<p>El rector de la Universidad de Ja\u00e9n, Juan G\u00f3mez Ortega, y la consejera de Conocimiento, Investigaci\u00f3n y Universidad de la Junta de Andaluc\u00eda, Lina G\u00e1lvez Mu\u00f1oz, han hecho entrega de los Premios de Emprendimiento de las Universidades P\u00fablicas Andaluzas, en un acto que se ha celebrado este lunes en el Campus de Las Lagunillas de la UJA. El primer premio recae en el proyecto \u2018BIOFY\u2019 de la Universidad de M\u00e1laga, el segundo en \u2018ADWALK\u2019 de la Universidad de Sevilla y el tercero en \u2018SMARTPV\u2019 de la Universidad de Ja\u00e9n.<\/p>\n","protected":false},"author":6,"featured_media":0,"comment_status":"closed","ping_status":"open","sticky":false,"template":"","format":"standard","meta":{"_monsterinsights_skip_tracking":false,"_monsterinsights_sitenote_active":false,"_monsterinsights_sitenote_note":"","_monsterinsights_sitenote_category":0,"footnotes":""},"categories":[6],"tags":[190,689,2843,203,898,1030,1453,39],"class_list":["post-28998960","post","type-post","status-publish","format-standard","hentry","category-institucional","tag-andalucia","tag-emprendimiento","tag-fundecor","tag-junta-de-andalucia","tag-lina-galvez","tag-premios","tag-universidad-de-jaen","tag-universidades"],"_links":{"self":[{"href":"https:\/\/www.upo.es\/diario\/wp-json\/wp\/v2\/posts\/28998960","targetHints":{"allow":["GET"]}}],"collection":[{"href":"https:\/\/www.upo.es\/diario\/wp-json\/wp\/v2\/posts"}],"about":[{"href":"https:\/\/www.upo.es\/diario\/wp-json\/wp\/v2\/types\/post"}],"author":[{"embeddable":true,"href":"https:\/\/www.upo.es\/diario\/wp-json\/wp\/v2\/users\/6"}],"replies":[{"embeddable":true,"href":"https:\/\/www.upo.es\/diario\/wp-json\/wp\/v2\/comments?post=28998960"}],"version-history":[{"count":5,"href":"https:\/\/www.upo.es\/diario\/wp-json\/wp\/v2\/posts\/28998960\/revisions"}],"predecessor-version":[{"id":29013778,"href":"https:\/\/www.upo.es\/diario\/wp-json\/wp\/v2\/posts\/28998960\/revisions\/29013778"}],"wp:attachment":[{"href":"https:\/\/www.upo.es\/diario\/wp-json\/wp\/v2\/media?parent=28998960"}],"wp:term":[{"taxonomy":"category","embeddable":true,"href":"https:\/\/www.upo.es\/diario\/wp-json\/wp\/v2\/categories?post=28998960"},{"taxonomy":"post_tag","embeddable":true,"href":"https:\/\/www.upo.es\/diario\/wp-json\/wp\/v2\/tags?post=28998960"}],"curies":[{"name":"wp","href":"https:\/\/api.w.org\/{rel}","templated":true}]}}