{"id":29000154,"date":"2018-11-06T12:19:50","date_gmt":"2018-11-06T12:19:50","guid":{"rendered":"https:\/\/www.upo.es\/diario\/?p=29000154"},"modified":"2018-11-07T13:50:42","modified_gmt":"2018-11-07T13:50:42","slug":"la-universidad-pablo-de-olavide-acoge-la-exposicion-cuerpos-simbolicos-antagonias-y-significados","status":"publish","type":"post","link":"https:\/\/www.upo.es\/diario\/cultura\/2018\/11\/la-universidad-pablo-de-olavide-acoge-la-exposicion-cuerpos-simbolicos-antagonias-y-significados\/","title":{"rendered":"La Universidad Pablo de Olavide acoge la exposici\u00f3n \u00abCuerpos simb\u00f3licos, antagon\u00edas y significados\u00bb"},"content":{"rendered":"<figure id=\"attachment_29000155\" aria-describedby=\"caption-attachment-29000155\" style=\"width: 320px\" class=\"wp-caption alignright\"><a href=\"https:\/\/www.upo.es\/diario\/wp-content\/uploads\/2018\/11\/cuerpossimbolicos1003.jpg\"><img loading=\"lazy\" decoding=\"async\" class=\"size-medium wp-image-29000155\" alt=\"Memorias cortantes de Angie Mora\" src=\"https:\/\/www.upo.es\/diario\/wp-content\/uploads\/2018\/11\/cuerpossimbolicos1003-320x220.jpg\" width=\"320\" height=\"220\" srcset=\"https:\/\/www.upo.es\/diario\/wp-content\/uploads\/2018\/11\/cuerpossimbolicos1003-320x220.jpg 320w, https:\/\/www.upo.es\/diario\/wp-content\/uploads\/2018\/11\/cuerpossimbolicos1003-600x414.jpg 600w\" sizes=\"auto, (max-width: 320px) 100vw, 320px\" \/><\/a><figcaption id=\"caption-attachment-29000155\" class=\"wp-caption-text\">Memorias cortantes de Angie Mora<\/figcaption><\/figure>\n<p style=\"text-align: justify;\"><span style=\"text-decoration: underline;\">El \u00c1rea de Exposiciones de la Biblioteca\/CRAI de la Universidad Pablo de Olavide acoge hasta el pr\u00f3ximo 15 de noviembre<\/span> la exposici\u00f3n \u201c<b>Cuerpos simb\u00f3licos, antagon\u00edas y significados<\/b>\u201d, una muestra constituida por ocho fotograf\u00edas y una secuencia de ocho v\u00eddeos de corta duraci\u00f3n y posters explicativos. Se trata de una reflexi\u00f3n en torno al cuerpo por cinco mujeres artistas emergentes en el oriente colombiano. La exposici\u00f3n puede visitarse de lunes a viernes de 8:30 a 21 horas<\/p>\n<p style=\"text-align: justify;\">La muestra est\u00e1 organizada por el \u00c1rea de Historia del Arte, Programa de Doctorado de Historia y Estudios Human\u00edsticos: Am\u00e9rica, Europa, Arte y Lenguas y Departamento de Geograf\u00eda, Hisotoria y Filosof\u00eda\u00a0de la Universidad Pablo de Olavide, y coordinada por la profesora Sandra Bautista de la Universidad de Pamplona (Colombia).<\/p>\n<p style=\"text-align: justify;\">En esta exposici\u00f3n se puede ver a trav\u00e9s de las artistas emergentes Leilani Josymar Quintero, Angie Mora, Nataly Rodr\u00edguez, Jessica Jaimes y Roc\u00edo Morinell\u00ed que el cuerpo, m\u00e1s que protagonista de las reflexiones, es materia sensible y transformada por su posici\u00f3n anal\u00edtica.<\/p>\n<p style=\"text-align: justify;\"><a href=\"https:\/\/www.upo.es\/diario\/wp-content\/uploads\/2018\/11\/cuerpossimbolicos1006.jpg\"><img loading=\"lazy\" decoding=\"async\" class=\"alignright size-medium wp-image-29000156\" alt=\"cuerpossimbolicos1006\" src=\"https:\/\/www.upo.es\/diario\/wp-content\/uploads\/2018\/11\/cuerpossimbolicos1006-320x207.jpg\" width=\"320\" height=\"207\" srcset=\"https:\/\/www.upo.es\/diario\/wp-content\/uploads\/2018\/11\/cuerpossimbolicos1006-320x207.jpg 320w, https:\/\/www.upo.es\/diario\/wp-content\/uploads\/2018\/11\/cuerpossimbolicos1006-600x388.jpg 600w\" sizes=\"auto, (max-width: 320px) 100vw, 320px\" \/><\/a>Dentro del conjunto de obras, se abren dos ejes tem\u00e1ticos principales: el cuerpo en <b>lo emocional<\/b> y en <b>lo social<\/b>. Ocupando este primer aspecto, tres propuestas que parten de lo autorreferencial: <b><i>40\u00b060.00 espacio indeterminado<\/i><\/b> de Leilani Josymar Quintero, <b><i>Memorias cortantes<\/i><\/b> de Angie Mora, <b><i>Mi mam\u00e1 prestada y yo<\/i> <\/b>de Jessica Jaimes. Y en el segundo la visi\u00f3n social de la corporalidad en: <b><i>Musa objeto vende<\/i><\/b>de Nataly Rodr\u00edguez y <b><i>Comiendo Mentiras<\/i><\/b>\u00a0de Rocio Morinelli.<\/p>\n<p style=\"text-align: justify;\">Todas ellas denotan cuerpos vulnerables, que no solo son afectados por las caracter\u00edsticas del contexto sino que reaccionan frente a \u00e9l. En este sentido, Mora y Jaimes reflejan la violencia ejercida en el n\u00facleo familiar; Quintero evidencia la secuela de trastorno alimenticio, y Morinelli y Rodr\u00edguez abordan su posici\u00f3n frente al imaginario social del cuerpo desde la mirada cr\u00edtica, revelando estrategias de dominaci\u00f3n que se activan para \u00e9ste, en el marco del consumo. En el caso de Morinelli demuestra de manera ir\u00f3nica los efectos que la alimentaci\u00f3n industrializada causa en el cuerpo. Por su parte, Rodr\u00edguez nos evidencia que es el mismo estereotipo del cuerpo una fabricaci\u00f3n artificiosa.<\/p>\n<p style=\"text-align: justify;\">El conjunto de las cinco propuestas art\u00edsticas han sido generadas en el programa de Artes Visuales de la Universidad de Pamplona en Colombia.<\/p>\n","protected":false},"excerpt":{"rendered":"<p>El \u00c1rea de Exposiciones de la Biblioteca\/CRAI de la Universidad Pablo de Olavide acoge hasta el pr\u00f3ximo 15 de noviembre la exposici\u00f3n \u201cCuerpos simb\u00f3licos, antagon\u00edas y significados\u201d, una muestra constituida por ocho fotograf\u00edas y una secuencia de ocho v\u00eddeos de corta duraci\u00f3n y posters explicativos. Se trata de una reflexi\u00f3n en torno al cuerpo por cinco mujeres artistas emergentes en el oriente colombiano. La exposici\u00f3n puede visitarse de lunes a viernes de 8:30 a 21 horas <\/p>\n","protected":false},"author":4,"featured_media":0,"comment_status":"closed","ping_status":"open","sticky":false,"template":"","format":"standard","meta":{"_monsterinsights_skip_tracking":false,"_monsterinsights_sitenote_active":false,"_monsterinsights_sitenote_note":"","_monsterinsights_sitenote_category":0,"footnotes":""},"categories":[7],"tags":[2622,946,5591,74,259,5592],"class_list":["post-29000154","post","type-post","status-publish","format-standard","hentry","category-cultura","tag-bibliotecacrai","tag-colombia","tag-cuerpos-simbolicos","tag-exposiciones","tag-area-de-historia-del-arte","tag-universidad-de-pamplona"],"_links":{"self":[{"href":"https:\/\/www.upo.es\/diario\/wp-json\/wp\/v2\/posts\/29000154","targetHints":{"allow":["GET"]}}],"collection":[{"href":"https:\/\/www.upo.es\/diario\/wp-json\/wp\/v2\/posts"}],"about":[{"href":"https:\/\/www.upo.es\/diario\/wp-json\/wp\/v2\/types\/post"}],"author":[{"embeddable":true,"href":"https:\/\/www.upo.es\/diario\/wp-json\/wp\/v2\/users\/4"}],"replies":[{"embeddable":true,"href":"https:\/\/www.upo.es\/diario\/wp-json\/wp\/v2\/comments?post=29000154"}],"version-history":[{"count":4,"href":"https:\/\/www.upo.es\/diario\/wp-json\/wp\/v2\/posts\/29000154\/revisions"}],"predecessor-version":[{"id":29013779,"href":"https:\/\/www.upo.es\/diario\/wp-json\/wp\/v2\/posts\/29000154\/revisions\/29013779"}],"wp:attachment":[{"href":"https:\/\/www.upo.es\/diario\/wp-json\/wp\/v2\/media?parent=29000154"}],"wp:term":[{"taxonomy":"category","embeddable":true,"href":"https:\/\/www.upo.es\/diario\/wp-json\/wp\/v2\/categories?post=29000154"},{"taxonomy":"post_tag","embeddable":true,"href":"https:\/\/www.upo.es\/diario\/wp-json\/wp\/v2\/tags?post=29000154"}],"curies":[{"name":"wp","href":"https:\/\/api.w.org\/{rel}","templated":true}]}}