{"id":29001346,"date":"2018-11-07T10:23:57","date_gmt":"2018-11-07T10:23:57","guid":{"rendered":"https:\/\/www.upo.es\/diario\/?p=29001346"},"modified":"2018-11-07T11:19:00","modified_gmt":"2018-11-07T11:19:00","slug":"un-seminario-analiza-manana-en-la-upo-la-trata-de-personas-en-africa","status":"publish","type":"post","link":"https:\/\/www.upo.es\/diario\/institucional\/2018\/11\/un-seminario-analiza-manana-en-la-upo-la-trata-de-personas-en-africa\/","title":{"rendered":"Un seminario analiza hoy en la UPO la trata de personas en \u00c1frica"},"content":{"rendered":"<figure id=\"attachment_29012575\" aria-describedby=\"caption-attachment-29012575\" style=\"width: 600px\" class=\"wp-caption aligncenter\"><a href=\"https:\/\/www.upo.es\/diario\/wp-content\/uploads\/2018\/11\/Sem-Trata-Africa_20181107.jpg\"><img loading=\"lazy\" decoding=\"async\" class=\"size-large wp-image-29012575\" alt=\"asdfsadf\" src=\"https:\/\/www.upo.es\/diario\/wp-content\/uploads\/2018\/11\/Sem-Trata-Africa_20181107-600x400.jpg\" width=\"600\" height=\"400\" srcset=\"https:\/\/www.upo.es\/diario\/wp-content\/uploads\/2018\/11\/Sem-Trata-Africa_20181107-600x400.jpg 600w, https:\/\/www.upo.es\/diario\/wp-content\/uploads\/2018\/11\/Sem-Trata-Africa_20181107-320x213.jpg 320w\" sizes=\"auto, (max-width: 600px) 100vw, 600px\" \/><\/a><figcaption id=\"caption-attachment-29012575\" class=\"wp-caption-text\">N\u00e9stor Fern\u00e1ndez, Vicente Guzm\u00e1n y Nuria Cordero durante la presentaci\u00f3n del Seminario<\/figcaption><\/figure>\n<p>El rector de la Universidad Pablo de Olavide, <b>Vicente Guzm\u00e1n<\/b>, y el director de la Agencia Andaluza de Cooperaci\u00f3n Internacional para el Desarrollo (AACID) de la Junta de Andaluc\u00eda, <b>N\u00e9stor Fern\u00e1ndez<\/b>, han presentado esta ma\u00f1ana el <a href=\"https:\/\/eventos.upo.es\/26727\/detail\/trata-de-personas-percepciones-desde-africa-y-andalucia.html\">Seminario \u2018\u00c1frica y la Trata de personas. Miradas y enfoques desde la diversidad territorial\u2019<\/a>, organizado en el marco del proyecto de cooperaci\u00f3n internacional de la UPO \u2018Buenas pr\u00e1cticas en acci\u00f3n social con mujeres migrantes pr\u00f3ximas a redes de trata en tr\u00e1nsito de Marruecos hacia Andaluc\u00eda\u2019, financiado por la AACID. A la presentaci\u00f3n tambi\u00e9n ha asistido la Nuria Cordero, profesora de la Facultad de Ciencias Sociales y directora del Proyecto.<\/p>\n<p><a href=\"https:\/\/www.upo.es\/diario\/wp-content\/uploads\/2018\/11\/sem-trata-africa-andalucia.jpg\"><img loading=\"lazy\" decoding=\"async\" class=\"alignright size-medium wp-image-29001347\" alt=\"sem-trata-africa-andalucia\" src=\"https:\/\/www.upo.es\/diario\/wp-content\/uploads\/2018\/11\/sem-trata-africa-andalucia-320x139.jpg\" width=\"320\" height=\"139\" srcset=\"https:\/\/www.upo.es\/diario\/wp-content\/uploads\/2018\/11\/sem-trata-africa-andalucia-320x139.jpg 320w, https:\/\/www.upo.es\/diario\/wp-content\/uploads\/2018\/11\/sem-trata-africa-andalucia.jpg 460w\" sizes=\"auto, (max-width: 320px) 100vw, 320px\" \/><\/a>Ounnir Abdallah, profesor de la Universidad de T\u00e1nger, abrir\u00e1 el seminario con la <b>conferencia \u2018Derechos Humanos en el contexto africano\u2019<\/b>. Tras su intervenci\u00f3n, a las 12 horas tendr\u00e1 lugar la <b>mesa redonda \u2018Trata de personas y diversidad territorial\u2019<\/b> que brindar\u00e1 la oportunidad de escuchar \u00a0a representantes de organizaciones provenientes de \u00c1frica \u2013Camer\u00fan y Marruecos\u2013 \u00a0y de Andaluc\u00eda, con la moderaci\u00f3n de Nuria Cordero. La jornada terminar\u00e1 con la participaci\u00f3n de Zingui Messomo, de la <i>Association for children, youth, and the future<\/i>, quien impartir\u00e1 la <b>conferencia\u2018\u00c1frica y la Trata de Personas, el caso de Camer\u00fan\u2019<\/b>.<\/p>\n<p>El proyecto <b>\u2018Buenas pr\u00e1cticas en acci\u00f3n social con mujeres migrantes pr\u00f3ximas a redes de trata en tr\u00e1nsito de Marruecos hacia Andaluc\u00eda\u2019<\/b>tiene como objetivo crear espacios de encuentro entre las organizaciones de la sociedad civil, las instituciones p\u00fablicas y las universidades para la generaci\u00f3n de conocimiento colectivo, a partir del an\u00e1lisis de las necesidades y los potenciales de las mujeres subsaharianas vinculadas a redes de trata, con el fin de generar una gu\u00eda de buenas pr\u00e1cticas identificadas en los pa\u00edses de origen, en Marruecos y en Andaluc\u00eda.<\/p>\n","protected":false},"excerpt":{"rendered":"<p>Ounnir Abdallah, profesor de la Universidad de T\u00e1nger, abrir\u00e1 el seminario con la conferencia \u2018Derechos Humanos en el contexto africano\u2019. Tras su intervenci\u00f3n, a las 12 horas tendr\u00e1 lugar la mesa redonda \u2018Trata de personas y diversidad territorial\u2019 que brindar\u00e1 la oportunidad de escuchar  a representantes de organizaciones provenientes de \u00c1frica \u2013Camer\u00fan y Marruecos\u2013  y de Andaluc\u00eda, con la moderaci\u00f3n de Nuria Cordero, directora del proyecto y profesora de la Universidad Pablo de Olavide. La jornada terminar\u00e1 con la participaci\u00f3n de Zingui Messomo, de la Association for children, youth, and the future, quien impartir\u00e1 la conferencia \u2018\u00c1frica y la Trata de Personas, el caso de Camer\u00fan\u2019.<\/p>\n","protected":false},"author":6,"featured_media":0,"comment_status":"closed","ping_status":"open","sticky":false,"template":"","format":"standard","meta":{"_monsterinsights_skip_tracking":false,"_monsterinsights_sitenote_active":false,"_monsterinsights_sitenote_note":"","_monsterinsights_sitenote_category":0,"footnotes":""},"categories":[6],"tags":[4507,911,190,624,92,446,78,106],"class_list":["post-29001346","post","type-post","status-publish","format-standard","hentry","category-institucional","tag-aacid","tag-africa","tag-andalucia","tag-cooperacion","tag-derechos-humanos","tag-internacional","tag-seminario","tag-vicente-c-guzman"],"_links":{"self":[{"href":"https:\/\/www.upo.es\/diario\/wp-json\/wp\/v2\/posts\/29001346","targetHints":{"allow":["GET"]}}],"collection":[{"href":"https:\/\/www.upo.es\/diario\/wp-json\/wp\/v2\/posts"}],"about":[{"href":"https:\/\/www.upo.es\/diario\/wp-json\/wp\/v2\/types\/post"}],"author":[{"embeddable":true,"href":"https:\/\/www.upo.es\/diario\/wp-json\/wp\/v2\/users\/6"}],"replies":[{"embeddable":true,"href":"https:\/\/www.upo.es\/diario\/wp-json\/wp\/v2\/comments?post=29001346"}],"version-history":[{"count":5,"href":"https:\/\/www.upo.es\/diario\/wp-json\/wp\/v2\/posts\/29001346\/revisions"}],"predecessor-version":[{"id":29012574,"href":"https:\/\/www.upo.es\/diario\/wp-json\/wp\/v2\/posts\/29001346\/revisions\/29012574"}],"wp:attachment":[{"href":"https:\/\/www.upo.es\/diario\/wp-json\/wp\/v2\/media?parent=29001346"}],"wp:term":[{"taxonomy":"category","embeddable":true,"href":"https:\/\/www.upo.es\/diario\/wp-json\/wp\/v2\/categories?post=29001346"},{"taxonomy":"post_tag","embeddable":true,"href":"https:\/\/www.upo.es\/diario\/wp-json\/wp\/v2\/tags?post=29001346"}],"curies":[{"name":"wp","href":"https:\/\/api.w.org\/{rel}","templated":true}]}}