{"id":29086565,"date":"2018-11-05T13:57:31","date_gmt":"2018-11-05T13:57:31","guid":{"rendered":"https:\/\/www.upo.es\/diario\/?p=29086565"},"modified":"2018-11-12T14:15:32","modified_gmt":"2018-11-12T14:15:32","slug":"la-upo-participa-en-la-iii-semana-cultural-de-japon-en-sevilla","status":"publish","type":"post","link":"https:\/\/www.upo.es\/diario\/institucional\/2018\/11\/la-upo-participa-en-la-iii-semana-cultural-de-japon-en-sevilla\/","title":{"rendered":"La UPO participa en la III Semana Cultural de Jap\u00f3n en Sevilla"},"content":{"rendered":"<figure id=\"attachment_29086569\" aria-describedby=\"caption-attachment-29086569\" style=\"width: 320px\" class=\"wp-caption alignright\"><a href=\"https:\/\/www.upo.es\/diario\/wp-content\/uploads\/2018\/11\/semanajapon1.jpg\"><img loading=\"lazy\" decoding=\"async\" class=\"size-medium wp-image-29086569\" alt=\"La vicerrectora de Relaciones Institucionales junto con el alcalde de Sevilla, elEmbajador de Jap\u00f3n, el c\u00f3nsul de Jap\u00f3n, y otras autoridades.\" src=\"https:\/\/www.upo.es\/diario\/wp-content\/uploads\/2018\/11\/semanajapon1-320x213.jpg\" width=\"320\" height=\"213\" srcset=\"https:\/\/www.upo.es\/diario\/wp-content\/uploads\/2018\/11\/semanajapon1-320x213.jpg 320w, https:\/\/www.upo.es\/diario\/wp-content\/uploads\/2018\/11\/semanajapon1-600x400.jpg 600w, https:\/\/www.upo.es\/diario\/wp-content\/uploads\/2018\/11\/semanajapon1.jpg 1299w\" sizes=\"auto, (max-width: 320px) 100vw, 320px\" \/><\/a><figcaption id=\"caption-attachment-29086569\" class=\"wp-caption-text\">La vicerrectora de Relaciones Institucionales junto con el alcalde de Sevilla, el embajador de Jap\u00f3n, el c\u00f3nsul de Jap\u00f3n, y otras autoridades.<\/figcaption><\/figure>\n<p>La vicerrectora de Relaciones Institucionales de la Universidad Pablo de Olavide, Pilar Rodr\u00edguez Reina, ha asistido a la inauguraci\u00f3n oficial de la <b>III Semana Cultural de Jap\u00f3n en Sevilla<\/b>, celebrada en la Fundaci\u00f3n Cajasol.<\/p>\n<p>El acto ha contado con la presentaci\u00f3n de\u00a0<b>Masashi Mizukami<\/b>, embajador de Jap\u00f3n en Espa\u00f1a, y la actuaci\u00f3n de\u00a0<b>Taiko Enishi<\/b>. La vicerrectora Pilar Rodr\u00edguez en su intervenci\u00f3n ha destacado la \u201coportunidad brindada a la Universidad Pablo de Olavide a participar en la Semana Cultural de Jap\u00f3n\u201d y\u00a0 ha resaltado la vertiente internacional y la presencia del japon\u00e9s en la UPO a trav\u00e9s del Servicio de Idiomas y del Centro Universitario Internacional (CUI).<\/p>\n<p>Por primera vez, la Universidad Pablo de Olavide participa en la III Semana Cultural de Jap\u00f3n en Sevilla, que se celebra del 5 al 12 de noviembre, con dos conferencias en el campus universitario bajo los t\u00edtulos \u201cUna huella singular de la Embajada Keicho en Espa\u00f1a: los Jap\u00f3n de Coria del R\u00edo\u201d, impartida por el profesor Juan Manuel Su\u00e1rez Jap\u00f3n y \u201cEstudiar en Jap\u00f3n\u201d, por Paloma Valor de la Embajada de Jap\u00f3n.<\/p>\n<p>&nbsp;<\/p>\n","protected":false},"excerpt":{"rendered":"<p>La vicerrectora de Relaciones Institucionales de la Universidad Pablo de Olavide, Pilar Rodr\u00edguez Reina, ha asistido a la inauguraci\u00f3n oficial de la III Semana Cultural de Jap\u00f3n en Sevilla, celebrada en la Fundaci\u00f3n Cajasol.<\/p>\n","protected":false},"author":4,"featured_media":0,"comment_status":"closed","ping_status":"open","sticky":false,"template":"","format":"standard","meta":{"_monsterinsights_skip_tracking":false,"_monsterinsights_sitenote_active":false,"_monsterinsights_sitenote_note":"","_monsterinsights_sitenote_category":0,"footnotes":""},"categories":[6],"tags":[2757,5618],"class_list":["post-29086565","post","type-post","status-publish","format-standard","hentry","category-institucional","tag-japon","tag-semana-cultural-de-japon"],"_links":{"self":[{"href":"https:\/\/www.upo.es\/diario\/wp-json\/wp\/v2\/posts\/29086565","targetHints":{"allow":["GET"]}}],"collection":[{"href":"https:\/\/www.upo.es\/diario\/wp-json\/wp\/v2\/posts"}],"about":[{"href":"https:\/\/www.upo.es\/diario\/wp-json\/wp\/v2\/types\/post"}],"author":[{"embeddable":true,"href":"https:\/\/www.upo.es\/diario\/wp-json\/wp\/v2\/users\/4"}],"replies":[{"embeddable":true,"href":"https:\/\/www.upo.es\/diario\/wp-json\/wp\/v2\/comments?post=29086565"}],"version-history":[{"count":5,"href":"https:\/\/www.upo.es\/diario\/wp-json\/wp\/v2\/posts\/29086565\/revisions"}],"predecessor-version":[{"id":29086572,"href":"https:\/\/www.upo.es\/diario\/wp-json\/wp\/v2\/posts\/29086565\/revisions\/29086572"}],"wp:attachment":[{"href":"https:\/\/www.upo.es\/diario\/wp-json\/wp\/v2\/media?parent=29086565"}],"wp:term":[{"taxonomy":"category","embeddable":true,"href":"https:\/\/www.upo.es\/diario\/wp-json\/wp\/v2\/categories?post=29086565"},{"taxonomy":"post_tag","embeddable":true,"href":"https:\/\/www.upo.es\/diario\/wp-json\/wp\/v2\/tags?post=29086565"}],"curies":[{"name":"wp","href":"https:\/\/api.w.org\/{rel}","templated":true}]}}